{"id":29254,"date":"2026-04-30T13:58:16","date_gmt":"2026-04-30T16:58:16","guid":{"rendered":"https:\/\/www.municipalidadcastro.cl\/?p=29254"},"modified":"2026-04-30T13:58:16","modified_gmt":"2026-04-30T16:58:16","slug":"bases-de-postulacion-para-artesanos-programa-divulgacion-de-la-artesania-local","status":"publish","type":"post","link":"https:\/\/www.municipalidadcastro.cl\/?p=29254","title":{"rendered":"BASES DE POSTULACI\u00d3N PARA ARTESANOS- PROGRAMA DIVULGACI\u00d3N DE LA ARTESANIA LOCAL"},"content":{"rendered":"<p data-start=\"270\" data-end=\"624\">La Ilustre Municipalidad de Castro, a trav\u00e9s de su Oficina de Turismo, informa la apertura oficial del proceso de postulaci\u00f3n al programa <strong data-start=\"408\" data-end=\"447\">\u201cDivulgaci\u00f3n de la Artesan\u00eda Local\u201d<\/strong>, iniciativa financiada por el Fondo de Fomento Productivo del Gobierno Regional de Los Lagos y el Consejo Regional, que beneficiar\u00e1 a <strong data-start=\"582\" data-end=\"623\">50 artesanos y artesanas de la comuna<\/strong>.<\/p>\n<p data-start=\"626\" data-end=\"760\">Este importante programa busca fortalecer el trabajo de creadores locales mediante un proceso compuesto por tres etapas fundamentales:<\/p>\n<ul data-start=\"762\" data-end=\"888\">\n<li data-section-id=\"l9ceqo\" data-start=\"762\" data-end=\"794\"><strong data-start=\"764\" data-end=\"794\">Capacitaci\u00f3n especializada<\/strong><\/li>\n<li data-section-id=\"1f5bdtt\" data-start=\"795\" data-end=\"828\"><strong data-start=\"797\" data-end=\"828\">Adquisici\u00f3n de equipamiento<\/strong><\/li>\n<li data-section-id=\"1qon6pp\" data-start=\"829\" data-end=\"888\"><strong data-start=\"831\" data-end=\"888\">Participaci\u00f3n en feria de difusi\u00f3n y comercializaci\u00f3n<\/strong><\/li>\n<\/ul>\n<p data-start=\"890\" data-end=\"1061\">La convocatoria estar\u00e1 abierta entre el <strong data-start=\"930\" data-end=\"959\">1 y el 15 de mayo de 2026<\/strong>, per\u00edodo en el cual los interesados podr\u00e1n revisar todos los antecedentes y completar su postulaci\u00f3n.<\/p>\n<h2 data-section-id=\"1w4klgl\" data-start=\"1063\" data-end=\"1081\">\u00bfC\u00f3mo postular?<\/h2>\n<p data-start=\"1083\" data-end=\"1139\">Los artesanos y artesanas de Castro ya pueden acceder a:<\/p>\n<p data-start=\"1141\" data-end=\"1209\">\u2705 <strong data-start=\"1143\" data-end=\"1167\">Bases de postulaci\u00f3n <\/strong><\/p>\n<p data-start=\"1141\" data-end=\"1209\"><strong data-start=\"1143\" data-end=\"1167\"><iframe id=\"s_pdf_frame\" src=\"\/\/docs.google.com\/gview?embedded=true&url=https:\/\/www.municipalidadcastro.cl\/wp-content\/uploads\/2026\/04\/BASES-POSTULACION.pdf\" style=\"width: 100%; height:600px;\" frameborder=\"0\"><\/iframe><a class=\"s_pdf_download_link\" href=\"https:\/\/www.municipalidadcastro.cl\/wp-content\/uploads\/2026\/04\/BASES-POSTULACION.pdf\" download><button style=\"\" class=\"s_pdf_download_bttn\">Descargar<\/button><\/a><\/strong><br data-start=\"1167\" data-end=\"1170\" \/>\u2705 <strong data-start=\"1172\" data-end=\"1209\">Formulario oficial de inscripci\u00f3n: <\/strong><\/p>\n<p data-start=\"1141\" data-end=\"1209\"><strong data-start=\"1172\" data-end=\"1209\"> <iframe id=\"s_pdf_frame\" src=\"\/\/docs.google.com\/gview?embedded=true&url=https:\/\/www.municipalidadcastro.cl\/wp-content\/uploads\/2026\/04\/FORMULARIO-DE-POSTULACION-1.docx\" style=\"width: 100%; height:500px;\" frameborder=\"0\"><\/iframe><a class=\"s_pdf_download_link\" href=\"https:\/\/www.municipalidadcastro.cl\/wp-content\/uploads\/2026\/04\/FORMULARIO-DE-POSTULACION-1.docx\" download><button style=\"\" class=\"s_pdf_download_bttn\">Descargar<\/button><\/a><\/strong><\/p>\n<p>&nbsp;<\/p>\n<p>&nbsp;<\/p>\n","protected":false},"excerpt":{"rendered":"<p>La Ilustre Municipalidad de Castro, a trav\u00e9s de su Oficina de Turismo, informa la apertura oficial del proceso de postulaci\u00f3n al programa \u201cDivulgaci\u00f3n de la Artesan\u00eda Local\u201d, iniciativa financiada por el Fondo de Fomento Productivo del Gobierno Regional de Los Lagos y el Consejo Regional, que beneficiar\u00e1 a 50 artesanos y artesanas de la comuna. [&hellip;]<\/p>\n","protected":false},"author":3,"featured_media":29256,"comment_status":"closed","ping_status":"closed","sticky":false,"template":"","format":"standard","meta":{"footnotes":""},"categories":[61],"tags":[],"class_list":["post-29254","post","type-post","status-publish","format-standard","has-post-thumbnail","hentry","category-anuncios"],"publishpress_future_action":{"enabled":false,"date":"2026-05-08 08:28:58","action":"change-status","newStatus":"draft","terms":[],"taxonomy":"category"},"publishpress_future_workflow_manual_trigger":{"enabledWorkflows":[]},"_links":{"self":[{"href":"https:\/\/www.municipalidadcastro.cl\/index.php?rest_route=\/wp\/v2\/posts\/29254","targetHints":{"allow":["GET"]}}],"collection":[{"href":"https:\/\/www.municipalidadcastro.cl\/index.php?rest_route=\/wp\/v2\/posts"}],"about":[{"href":"https:\/\/www.municipalidadcastro.cl\/index.php?rest_route=\/wp\/v2\/types\/post"}],"author":[{"embeddable":true,"href":"https:\/\/www.municipalidadcastro.cl\/index.php?rest_route=\/wp\/v2\/users\/3"}],"replies":[{"embeddable":true,"href":"https:\/\/www.municipalidadcastro.cl\/index.php?rest_route=%2Fwp%2Fv2%2Fcomments&post=29254"}],"version-history":[{"count":3,"href":"https:\/\/www.municipalidadcastro.cl\/index.php?rest_route=\/wp\/v2\/posts\/29254\/revisions"}],"predecessor-version":[{"id":29262,"href":"https:\/\/www.municipalidadcastro.cl\/index.php?rest_route=\/wp\/v2\/posts\/29254\/revisions\/29262"}],"wp:featuredmedia":[{"embeddable":true,"href":"https:\/\/www.municipalidadcastro.cl\/index.php?rest_route=\/wp\/v2\/media\/29256"}],"wp:attachment":[{"href":"https:\/\/www.municipalidadcastro.cl\/index.php?rest_route=%2Fwp%2Fv2%2Fmedia&parent=29254"}],"wp:term":[{"taxonomy":"category","embeddable":true,"href":"https:\/\/www.municipalidadcastro.cl\/index.php?rest_route=%2Fwp%2Fv2%2Fcategories&post=29254"},{"taxonomy":"post_tag","embeddable":true,"href":"https:\/\/www.municipalidadcastro.cl\/index.php?rest_route=%2Fwp%2Fv2%2Ftags&post=29254"}],"curies":[{"name":"wp","href":"https:\/\/api.w.org\/{rel}","templated":true}]}}