{"id":29237,"date":"2026-04-30T10:30:26","date_gmt":"2026-04-30T13:30:26","guid":{"rendered":"https:\/\/www.municipalidadcastro.cl\/?p=29237"},"modified":"2026-04-30T11:01:52","modified_gmt":"2026-04-30T14:01:52","slug":"red-de-apoyo-comunitario-inicia-diagnostico-de-cuidados-en-barrio-tejiendo-suenos-de-castro","status":"publish","type":"post","link":"https:\/\/www.municipalidadcastro.cl\/?p=29237","title":{"rendered":"Red de apoyo comunitario inicia diagn\u00f3stico de cuidados en Barrio Tejiendo Sue\u00f1os de Castro"},"content":{"rendered":"<p style=\"font-weight: 400;\"><strong><em>Convenio entre la Universidad de Los Lagos, el programa Quiero Mi Barrio y la Municipalidad de Castro permitir\u00e1 evaluar a 20 familias y fortalecer redes de apoyo durante 2026.<\/em><\/strong><\/p>\n<p style=\"font-weight: 400;\">Con una reuni\u00f3n informativa dirigida a la Mesa de Organizaciones del barrio Tejiendo Sue\u00f1os, este martes se inici\u00f3 la implementaci\u00f3n del convenio de colaboraci\u00f3n entre la Universidad de Los Lagos (sede Chilo\u00e9) y el programa Quiero Mi Barrio del Ministerio de Vivienda y Urbanismo, ejecutado en conjunto con la Municipalidad de Castro.<\/p>\n<p style=\"font-weight: 400;\">El encuentro tuvo como objetivo informar a dirigentes y dirigentas sobre el inicio, en el mes de junio, de la etapa de diagn\u00f3stico territorial y evaluaci\u00f3n de situaciones de cuidado en el barrio.<\/p>\n<p style=\"font-weight: 400;\">Pamela Burgos, encargada social regional del programa Quiero Mi Barrio, destac\u00f3 que esta instancia marca el comienzo de un trabajo articulado: \u201cCon este encuentro con dirigentes se da el vamos a las acciones que se van a desarrollar en este convenio. Es clave para potenciar redes y fortalecer el trabajo comunitario, tomando forma a partir de los objetivos y acciones proyectadas para este a\u00f1o\u201d.<\/p>\n<!--[if lt IE 9]><script>document.createElement('audio');<\/script><![endif]-->\n<audio class=\"wp-audio-shortcode\" id=\"audio-29237-1\" preload=\"none\" style=\"width: 100%;\" controls=\"controls\"><source type=\"audio\/mpeg\" src=\"https:\/\/www.municipalidadcastro.cl\/wp-content\/uploads\/2026\/04\/PAMELA-BURGOS.mp3?_=1\" \/><a href=\"https:\/\/www.municipalidadcastro.cl\/wp-content\/uploads\/2026\/04\/PAMELA-BURGOS.mp3\">https:\/\/www.municipalidadcastro.cl\/wp-content\/uploads\/2026\/04\/PAMELA-BURGOS.mp3<\/a><\/audio>\n<p style=\"font-weight: 400;\">La primera fase contempla visitas domiciliarias a 20 familias previamente catastradas por el equipo barrial, las que ser\u00e1n realizadas por estudiantes de Psicolog\u00eda y Terapia Ocupacional de la casa de estudios. Posteriormente, se avanzar\u00e1 hacia una etapa de intervenci\u00f3n orientada al fortalecimiento organizativo de cuidadoras y cuidadores.<\/p>\n<p style=\"font-weight: 400;\">En esa l\u00ednea, el coordinador de pr\u00e1cticas profesionales de Terapia Ocupacional de la ULAGOS sede Chilo\u00e9, Cristopher Burgoa, explic\u00f3 que \u201cel primer foco es caracterizar las condiciones de cuidado de personas con dependencia en el barrio Tejiendo Sue\u00f1os y fortalecer las redes comunitarias de apoyo\u201d.<\/p>\n<audio class=\"wp-audio-shortcode\" id=\"audio-29237-2\" preload=\"none\" style=\"width: 100%;\" controls=\"controls\"><source type=\"audio\/mpeg\" src=\"https:\/\/www.municipalidadcastro.cl\/wp-content\/uploads\/2026\/04\/CRISTOPHER-BURGOA.mp3?_=2\" \/><a href=\"https:\/\/www.municipalidadcastro.cl\/wp-content\/uploads\/2026\/04\/CRISTOPHER-BURGOA.mp3\">https:\/\/www.municipalidadcastro.cl\/wp-content\/uploads\/2026\/04\/CRISTOPHER-BURGOA.mp3<\/a><\/audio>\n<p style=\"font-weight: 400;\">\u201cEl primer semestre ser\u00e1 evaluativo, levantando informaci\u00f3n. Luego, en el segundo semestre, se acompa\u00f1ar\u00e1n los procesos detectados mediante duplas psicosociales\u201d, agreg\u00f3.<\/p>\n<p style=\"font-weight: 400;\"><img loading=\"lazy\" decoding=\"async\" class=\"size-medium wp-image-29244 alignright\" src=\"https:\/\/www.municipalidadcastro.cl\/wp-content\/uploads\/2026\/04\/IMG_20260428_184801814_HDR-300x135.jpg\" alt=\"\" width=\"300\" height=\"135\" srcset=\"https:\/\/www.municipalidadcastro.cl\/wp-content\/uploads\/2026\/04\/IMG_20260428_184801814_HDR-300x135.jpg 300w, https:\/\/www.municipalidadcastro.cl\/wp-content\/uploads\/2026\/04\/IMG_20260428_184801814_HDR-1024x461.jpg 1024w, https:\/\/www.municipalidadcastro.cl\/wp-content\/uploads\/2026\/04\/IMG_20260428_184801814_HDR-768x346.jpg 768w, https:\/\/www.municipalidadcastro.cl\/wp-content\/uploads\/2026\/04\/IMG_20260428_184801814_HDR-1536x691.jpg 1536w, https:\/\/www.municipalidadcastro.cl\/wp-content\/uploads\/2026\/04\/IMG_20260428_184801814_HDR-2048x922.jpg 2048w, https:\/\/www.municipalidadcastro.cl\/wp-content\/uploads\/2026\/04\/IMG_20260428_184801814_HDR-750x338.jpg 750w, https:\/\/www.municipalidadcastro.cl\/wp-content\/uploads\/2026\/04\/IMG_20260428_184801814_HDR-1140x513.jpg 1140w\" sizes=\"auto, (max-width: 300px) 100vw, 300px\" \/>Durante junio, se desplegar\u00e1n cuadrillas de estudiantes debidamente identificados, quienes realizar\u00e1n las visitas a las familias seleccionadas.<\/p>\n<p style=\"font-weight: 400;\">A esta iniciativa tambi\u00e9n se suma el Programa Red Local de Apoyos y Cuidados (PRLAC), encargado de implementar la Ley de Cuidados en la comuna. La coordinadora del Servicio Especializado, Katherine Rojas, subray\u00f3 el aporte del programa: \u201cTrabajamos directamente con personas con dependencia severa y sus cuidadores, por lo que contamos con informaci\u00f3n clave para este diagn\u00f3stico que se realiza junto a la universidad y Quiero Mi Barrio\u201d.<\/p>\n<p style=\"font-weight: 400;\">Desde la comunidad, la iniciativa fue valorada positivamente. Carmen Anti\u00f1anco, presidenta de la Junta de Vecinos Nueva Aurora, se\u00f1al\u00f3 que \u201cesto es muy importante para la poblaci\u00f3n, especialmente considerando la alta presencia de adultos mayores y personas dependientes en el sector\u201d.<\/p>\n<audio class=\"wp-audio-shortcode\" id=\"audio-29237-3\" preload=\"none\" style=\"width: 100%;\" controls=\"controls\"><source type=\"audio\/mpeg\" src=\"https:\/\/www.municipalidadcastro.cl\/wp-content\/uploads\/2026\/04\/CARMEN-ANTINANCO.mp3?_=3\" \/><a href=\"https:\/\/www.municipalidadcastro.cl\/wp-content\/uploads\/2026\/04\/CARMEN-ANTINANCO.mp3\">https:\/\/www.municipalidadcastro.cl\/wp-content\/uploads\/2026\/04\/CARMEN-ANTINANCO.mp3<\/a><\/audio>\n<p style=\"font-weight: 400;\">Por su parte, Alejandra Bahamonde, presidenta del Consejo Vecinal de Desarrollo, calific\u00f3 la iniciativa como \u201cexcelente\u201d, destacando que \u201cel trabajo de cuidado es muy desgastante y quienes lo realizan necesitan apoyo\u201d.<\/p>\n<audio class=\"wp-audio-shortcode\" id=\"audio-29237-4\" preload=\"none\" style=\"width: 100%;\" controls=\"controls\"><source type=\"audio\/mpeg\" src=\"https:\/\/www.municipalidadcastro.cl\/wp-content\/uploads\/2026\/04\/ALEJANDRA-BAHAMONDE.mp3?_=4\" \/><a href=\"https:\/\/www.municipalidadcastro.cl\/wp-content\/uploads\/2026\/04\/ALEJANDRA-BAHAMONDE.mp3\">https:\/\/www.municipalidadcastro.cl\/wp-content\/uploads\/2026\/04\/ALEJANDRA-BAHAMONDE.mp3<\/a><\/audio>\n<p style=\"font-weight: 400;\">En tanto, Jos\u00e9 Vargas, presidente del Club de Adultos Mayores \u201cFray Camilo Henr\u00edquez\u201d, indic\u00f3 que este proceso \u201cayudar\u00e1 a orientar sobre c\u00f3mo cuidar mejor a los adultos mayores, especialmente a quienes presentan dificultades de movilidad o dependencia\u201d.<\/p>\n<audio class=\"wp-audio-shortcode\" id=\"audio-29237-5\" preload=\"none\" style=\"width: 100%;\" controls=\"controls\"><source type=\"audio\/mpeg\" src=\"https:\/\/www.municipalidadcastro.cl\/wp-content\/uploads\/2026\/04\/JOSE-VARGAS.mp3?_=5\" \/><a href=\"https:\/\/www.municipalidadcastro.cl\/wp-content\/uploads\/2026\/04\/JOSE-VARGAS.mp3\">https:\/\/www.municipalidadcastro.cl\/wp-content\/uploads\/2026\/04\/JOSE-VARGAS.mp3<\/a><\/audio>\n<p style=\"font-weight: 400;\">Esta primera etapa finalizar\u00e1 el 10 de julio con un encuentro en la Universidad de Los Lagos, donde se presentar\u00e1n los resultados del diagn\u00f3stico y se dar\u00e1 inicio a la segunda fase del programa \u201cTrama de Cuidados Insulares\u201d, que se extender\u00e1 durante todo el a\u00f1o 2026.<\/p>\n<p>&nbsp;<\/p>\n<p><strong>Castro, 30 de abril, 2026<\/strong>.<\/p>\n","protected":false},"excerpt":{"rendered":"<p>Convenio entre la Universidad de Los Lagos, el programa Quiero Mi Barrio y la Municipalidad de Castro permitir\u00e1 evaluar a 20 familias y fortalecer redes de apoyo durante 2026. Con una reuni\u00f3n informativa dirigida a la Mesa de Organizaciones del barrio Tejiendo Sue\u00f1os, este martes se inici\u00f3 la implementaci\u00f3n del convenio de colaboraci\u00f3n entre la [&hellip;]<\/p>\n","protected":false},"author":10,"featured_media":29245,"comment_status":"closed","ping_status":"closed","sticky":false,"template":"","format":"standard","meta":{"footnotes":""},"categories":[1],"tags":[],"class_list":["post-29237","post","type-post","status-publish","format-standard","has-post-thumbnail","hentry","category-noticias"],"publishpress_future_action":{"enabled":false,"date":"2026-05-08 08:28:38","action":"change-status","newStatus":"draft","terms":[],"taxonomy":"category"},"publishpress_future_workflow_manual_trigger":{"enabledWorkflows":[]},"_links":{"self":[{"href":"https:\/\/www.municipalidadcastro.cl\/index.php?rest_route=\/wp\/v2\/posts\/29237","targetHints":{"allow":["GET"]}}],"collection":[{"href":"https:\/\/www.municipalidadcastro.cl\/index.php?rest_route=\/wp\/v2\/posts"}],"about":[{"href":"https:\/\/www.municipalidadcastro.cl\/index.php?rest_route=\/wp\/v2\/types\/post"}],"author":[{"embeddable":true,"href":"https:\/\/www.municipalidadcastro.cl\/index.php?rest_route=\/wp\/v2\/users\/10"}],"replies":[{"embeddable":true,"href":"https:\/\/www.municipalidadcastro.cl\/index.php?rest_route=%2Fwp%2Fv2%2Fcomments&post=29237"}],"version-history":[{"count":3,"href":"https:\/\/www.municipalidadcastro.cl\/index.php?rest_route=\/wp\/v2\/posts\/29237\/revisions"}],"predecessor-version":[{"id":29248,"href":"https:\/\/www.municipalidadcastro.cl\/index.php?rest_route=\/wp\/v2\/posts\/29237\/revisions\/29248"}],"wp:featuredmedia":[{"embeddable":true,"href":"https:\/\/www.municipalidadcastro.cl\/index.php?rest_route=\/wp\/v2\/media\/29245"}],"wp:attachment":[{"href":"https:\/\/www.municipalidadcastro.cl\/index.php?rest_route=%2Fwp%2Fv2%2Fmedia&parent=29237"}],"wp:term":[{"taxonomy":"category","embeddable":true,"href":"https:\/\/www.municipalidadcastro.cl\/index.php?rest_route=%2Fwp%2Fv2%2Fcategories&post=29237"},{"taxonomy":"post_tag","embeddable":true,"href":"https:\/\/www.municipalidadcastro.cl\/index.php?rest_route=%2Fwp%2Fv2%2Ftags&post=29237"}],"curies":[{"name":"wp","href":"https:\/\/api.w.org\/{rel}","templated":true}]}}