{"id":29232,"date":"2026-04-30T10:16:20","date_gmt":"2026-04-30T13:16:20","guid":{"rendered":"https:\/\/www.municipalidadcastro.cl\/?p=29232"},"modified":"2026-04-30T10:16:20","modified_gmt":"2026-04-30T13:16:20","slug":"impulsan-la-agricultura-insular-con-entrega-de-semillas-certificadas-en-isla-chelin-2","status":"publish","type":"post","link":"https:\/\/www.municipalidadcastro.cl\/?p=29232","title":{"rendered":"Impulsan la agricultura insular con entrega de semillas certificadas en Isla Chel\u00edn"},"content":{"rendered":"<p><strong>La iniciativa del programa Prodesal busca fortalecer la producci\u00f3n local, mejorar la calidad del cultivo y abrir nuevas oportunidades de comercializaci\u00f3n para peque\u00f1os agricultores.<\/strong><\/p>\n<p>Con el prop\u00f3sito de fortalecer la agricultura insular y resguardar la sanidad vegetal de los cultivos, el programa Prodesal de la Ilustre Municipalidad de Castro concret\u00f3 la entrega de semillas de ajo chilote certificado a usuarios de la Isla Chel\u00edn.<\/p>\n<p>La acci\u00f3n busca que los agricultores accedan a material de siembra de alta calidad, libre de enfermedades y con mejores proyecciones comerciales, contribuyendo as\u00ed al desarrollo productivo local y a la puesta en valor de la identidad agr\u00edcola de Chilo\u00e9.<\/p>\n<p>De acuerdo con lo informado, las semillas cuentan con certificaci\u00f3n del Servicio Agr\u00edcola y Ganadero (SAG), lo que garantiza su calidad gen\u00e9tica y sanitaria. Este avance permite disminuir p\u00e9rdidas asociadas a plagas y enfermedades, mejorar el calibre de los bulbos y optimizar los procesos productivos gracias al acompa\u00f1amiento t\u00e9cnico que entrega el programa.<\/p>\n<p>Desde el municipio destacaron que, en territorios insulares como Chel\u00edn, el acceso a insumos certificados representa un progreso significativo, considerando las dificultades log\u00edsticas propias de estas zonas.<\/p>\n<p>En esa l\u00ednea, el ingeniero agr\u00f3nomo y profesional de Prodesal, Rocky Mu\u00f1oz, relev\u00f3 el origen local de las semillas \u2014provenientes de la pen\u00ednsula de Ril\u00e1n\u2014 y explic\u00f3 que \u201cel objetivo es que los agricultores puedan renovar su semilla, mejorar sus rendimientos, obtener ajos m\u00e1s sanos y, eventualmente, ampliar la superficie de cultivo, potenciando as\u00ed este rubro productivo\u201d.<\/p>\n<p><strong>Producci\u00f3n local con proyecci\u00f3n nacional<\/strong><\/p>\n<p>Asimismo, se destac\u00f3 que las semillas distribuidas son producidas por un usuario del programa Prodesal del sector La Estancia, en la comuna de Castro, quien lleva m\u00e1s de tres a\u00f1os desarrollando semillas certificadas de ajo chilote. Su trabajo ha permitido abastecer a agricultores de la comuna y la provincia, e incluso expandirse a otras regiones del pa\u00eds, como Biob\u00edo, abriendo nuevas oportunidades de mercado.<\/p>\n<p>La beneficiaria Juana Guichapani\u00a0 de isla Chel\u00edn, valor\u00f3 la iniciativa, subrayando la importancia de contar con este tipo de apoyo. \u201cAgradezco a la Ilustre Municipalidad de Castro y al programa Prodesal por hacernos llegar semillas de ajo certificadas, que son fundamentales para mejorar nuestra producci\u00f3n, tanto para consumo como para la comercializaci\u00f3n\u201d, expres\u00f3.<\/p>\n<p>Finalmente, desde el programa Prodesal de Castro indicaron que esta iniciativa no se limita a un apoyo material, sino que constituye una herramienta clave para que las familias agricultoras puedan proyectarse hacia mercados que valoran la identidad y el origen de los productos de Chilo\u00e9.<\/p>\n<p><strong>\u00a0<\/strong><\/p>\n<p><strong>\u00a0<\/strong><\/p>\n<p><strong>Comunicaciones y RR.PP. Ilustre Municipalidad de Castro<\/strong><strong><\/p>\n<p><\/strong><\/p>\n<p><strong>Castro, 29 de abril de 2026<\/strong><\/p>\n","protected":false},"excerpt":{"rendered":"<p>La iniciativa del programa Prodesal busca fortalecer la producci\u00f3n local, mejorar la calidad del cultivo y abrir nuevas oportunidades de comercializaci\u00f3n para peque\u00f1os agricultores. Con el prop\u00f3sito de fortalecer la agricultura insular y resguardar la sanidad vegetal de los cultivos, el programa Prodesal de la Ilustre Municipalidad de Castro concret\u00f3 la entrega de semillas de [&hellip;]<\/p>\n","protected":false},"author":10,"featured_media":29233,"comment_status":"closed","ping_status":"closed","sticky":false,"template":"","format":"standard","meta":{"footnotes":""},"categories":[1],"tags":[],"class_list":["post-29232","post","type-post","status-publish","format-standard","has-post-thumbnail","hentry","category-noticias"],"publishpress_future_action":{"enabled":false,"date":"2026-05-08 08:28:39","action":"change-status","newStatus":"draft","terms":[],"taxonomy":"category"},"publishpress_future_workflow_manual_trigger":{"enabledWorkflows":[]},"_links":{"self":[{"href":"https:\/\/www.municipalidadcastro.cl\/index.php?rest_route=\/wp\/v2\/posts\/29232","targetHints":{"allow":["GET"]}}],"collection":[{"href":"https:\/\/www.municipalidadcastro.cl\/index.php?rest_route=\/wp\/v2\/posts"}],"about":[{"href":"https:\/\/www.municipalidadcastro.cl\/index.php?rest_route=\/wp\/v2\/types\/post"}],"author":[{"embeddable":true,"href":"https:\/\/www.municipalidadcastro.cl\/index.php?rest_route=\/wp\/v2\/users\/10"}],"replies":[{"embeddable":true,"href":"https:\/\/www.municipalidadcastro.cl\/index.php?rest_route=%2Fwp%2Fv2%2Fcomments&post=29232"}],"version-history":[{"count":1,"href":"https:\/\/www.municipalidadcastro.cl\/index.php?rest_route=\/wp\/v2\/posts\/29232\/revisions"}],"predecessor-version":[{"id":29234,"href":"https:\/\/www.municipalidadcastro.cl\/index.php?rest_route=\/wp\/v2\/posts\/29232\/revisions\/29234"}],"wp:featuredmedia":[{"embeddable":true,"href":"https:\/\/www.municipalidadcastro.cl\/index.php?rest_route=\/wp\/v2\/media\/29233"}],"wp:attachment":[{"href":"https:\/\/www.municipalidadcastro.cl\/index.php?rest_route=%2Fwp%2Fv2%2Fmedia&parent=29232"}],"wp:term":[{"taxonomy":"category","embeddable":true,"href":"https:\/\/www.municipalidadcastro.cl\/index.php?rest_route=%2Fwp%2Fv2%2Fcategories&post=29232"},{"taxonomy":"post_tag","embeddable":true,"href":"https:\/\/www.municipalidadcastro.cl\/index.php?rest_route=%2Fwp%2Fv2%2Ftags&post=29232"}],"curies":[{"name":"wp","href":"https:\/\/api.w.org\/{rel}","templated":true}]}}