{"id":29203,"date":"2026-04-27T20:27:11","date_gmt":"2026-04-27T23:27:11","guid":{"rendered":"https:\/\/www.municipalidadcastro.cl\/?p=29203"},"modified":"2026-04-28T09:55:42","modified_gmt":"2026-04-28T12:55:42","slug":"cuenta-publica-alcalde-elgueta-destaca-fortalecimiento-de-iniciativas-sociales-e-invita-a-todos-a-seguir-trabajando-sin-divisiones-por-la-comuna","status":"publish","type":"post","link":"https:\/\/www.municipalidadcastro.cl\/?p=29203","title":{"rendered":"Cuenta P\u00fablica: alcalde Elgueta destaca fortalecimiento de iniciativas sociales e invita a todos a seguir trabajando sin divisiones por la comuna"},"content":{"rendered":"<p style=\"text-align: justify;\"><strong>\u201cCastro no puede avanzar desde la divisi\u00f3n, ni crecer desde la descalificaci\u00f3n, ni aceptar la violencia como forma de relacionarnos. Mi invitaci\u00f3n es directa, ac\u00e9rquense, pregunten, inf\u00f3rmense. Este municipio tiene las puertas abiertas\u201d, dijo.<\/strong><\/p>\n<p style=\"text-align: justify;\">Con una amplia presencia de autoridades, l\u00edderes vecinales, representantes de organizaciones y otros, se desarroll\u00f3 la Cuenta P\u00fablica, correspondiente a la gesti\u00f3n 2025 de la Ilustre Municipalidad de Castro.<br \/>\nEl alcalde Baltazar Elgueta present\u00f3 ante el Concejo Municipal los principales hitos de su administraci\u00f3n, resaltando avances en materia de obras, seguridad, cultura, deporte e impulso al emprendimiento. Tambi\u00e9n hizo referencia los desaf\u00edos que se han presentado en material de salud y tambi\u00e9n el traspaso de la educaci\u00f3n p\u00fablica del Municipio al SLEP.<\/p>\n<p style=\"text-align: justify;\"><strong><img loading=\"lazy\" decoding=\"async\" class=\"size-medium wp-image-29211 alignright\" src=\"https:\/\/www.municipalidadcastro.cl\/wp-content\/uploads\/2026\/04\/WhatsApp-Image-2026-04-27-at-19.19.08-300x200.jpeg\" alt=\"\" width=\"300\" height=\"200\" srcset=\"https:\/\/www.municipalidadcastro.cl\/wp-content\/uploads\/2026\/04\/WhatsApp-Image-2026-04-27-at-19.19.08-300x200.jpeg 300w, https:\/\/www.municipalidadcastro.cl\/wp-content\/uploads\/2026\/04\/WhatsApp-Image-2026-04-27-at-19.19.08-1024x682.jpeg 1024w, https:\/\/www.municipalidadcastro.cl\/wp-content\/uploads\/2026\/04\/WhatsApp-Image-2026-04-27-at-19.19.08-768x512.jpeg 768w, https:\/\/www.municipalidadcastro.cl\/wp-content\/uploads\/2026\/04\/WhatsApp-Image-2026-04-27-at-19.19.08-1536x1023.jpeg 1536w, https:\/\/www.municipalidadcastro.cl\/wp-content\/uploads\/2026\/04\/WhatsApp-Image-2026-04-27-at-19.19.08-750x500.jpeg 750w, https:\/\/www.municipalidadcastro.cl\/wp-content\/uploads\/2026\/04\/WhatsApp-Image-2026-04-27-at-19.19.08-1140x760.jpeg 1140w, https:\/\/www.municipalidadcastro.cl\/wp-content\/uploads\/2026\/04\/WhatsApp-Image-2026-04-27-at-19.19.08.jpeg 1600w\" sizes=\"auto, (max-width: 300px) 100vw, 300px\" \/><\/strong>Los concejales Jorge Luis B\u00f3rquez, Ignacio \u00c1lvarez, Enrique Soto y Pablo Barrientos, participaron de la sesi\u00f3n en la testera, junto al secretario Municipal Dante Montiel. El alcalde reconoci\u00f3 que, aunque hay necesidades que a\u00fan siguen pendientes, como municipio &#8220;hemos asumido las responsabilidades y hemos trabajado con compromiso&#8221;, agregando que &#8220;nos ha tocado retomar procesos, reactivar iniciativas que estaban detenidas y mejorar la forma en que el Municipio responde a la comunidad&#8221;.<\/p>\n<p style=\"text-align: justify;\">En ese sentido, un tema especialmente relevante ha sido el terminal municipal, desarrollando un proyecto no solo pensando en su infraestructura, sino que tambi\u00e9n en el orden, la seguridad y \u201cel respeto por qui\u00e9nes los usan todos los d\u00edas&#8221;.<\/p>\n<p style=\"text-align: justify;\">Por otro lado, la m\u00e1xima autoridad comunal reconoci\u00f3 a los equipos municipales, pues &#8220;el apoyo social no puede ser improvisado&#8221;. Destac\u00f3 el trabajo en terreno, la voluntad y el di\u00e1logo aceptando las cr\u00edticas constructivas.<\/p>\n<!--[if lt IE 9]><script>document.createElement('audio');<\/script><![endif]-->\n<audio class=\"wp-audio-shortcode\" id=\"audio-29203-1\" preload=\"none\" style=\"width: 100%;\" controls=\"controls\"><source type=\"audio\/mpeg\" src=\"https:\/\/www.municipalidadcastro.cl\/wp-content\/uploads\/2026\/04\/alcalde-por-criticas-constructivas.mp3?_=1\" \/><a href=\"https:\/\/www.municipalidadcastro.cl\/wp-content\/uploads\/2026\/04\/alcalde-por-criticas-constructivas.mp3\">https:\/\/www.municipalidadcastro.cl\/wp-content\/uploads\/2026\/04\/alcalde-por-criticas-constructivas.mp3<\/a><\/audio>\n<p style=\"text-align: justify;\">Ante ello record\u00f3 un ejemplo de gesti\u00f3n municipal y compromiso con la inclusi\u00f3n. Se trata del caso de don Jos\u00e9 Bahamonde, quien se convirti\u00f3 en la primera persona sorda en obtener licencia de conducir en Castro, tras 20 a\u00f1os. Con el apoyo de la int\u00e9rprete en lengua de se\u00f1as, Javiera Mu\u00f1oz, el municipio se logr\u00f3 adaptar para ofrecer nuevas oportunidades.<\/p>\n<p style=\"text-align: justify;\">Finalmente, el alcalde Elgueta invito a todos y todas a ser parte de los avances de la comuna. \u201cCastro no puede avanzar desde la divisi\u00f3n, ni crecer desde la descalificaci\u00f3n, ni aceptar la violencia como forma de relacionarnos. Podemos pensar distinto, podemos tener diferencias, pero no podemos perder el respeto. Mi invitaci\u00f3n es directa, ac\u00e9rquense, pregunten, inf\u00f3rmense. Este municipio tiene las puertas abiertas, aqu\u00ed no nos escondemos, aqu\u00ed damos la cara, porque finalmente, m\u00e1s all\u00e1 de cualquier diferencia, hay algo que nuestra comuna necesita, volver a sentir confianza, la confianza en las instituciones, en el municipio y entre vecinos\u201d.<\/p>\n<audio class=\"wp-audio-shortcode\" id=\"audio-29203-2\" preload=\"none\" style=\"width: 100%;\" controls=\"controls\"><source type=\"audio\/mpeg\" src=\"https:\/\/www.municipalidadcastro.cl\/wp-content\/uploads\/2026\/04\/Alcalde-elgueta-cierre-cuenta-publica.mp3?_=2\" \/><a href=\"https:\/\/www.municipalidadcastro.cl\/wp-content\/uploads\/2026\/04\/Alcalde-elgueta-cierre-cuenta-publica.mp3\">https:\/\/www.municipalidadcastro.cl\/wp-content\/uploads\/2026\/04\/Alcalde-elgueta-cierre-cuenta-publica.mp3<\/a><\/audio>\n<p>&nbsp;<\/p>\n<p style=\"text-align: justify;\">Si desea enterarse de m\u00e1s detalles de de la Cuenta P\u00fablica le invitamos a leer el Resumen Ejecutivo :<\/p>\n<p style=\"text-align: justify;\"><a href=\"https:\/\/www.municipalidadcastro.cl\/wp-content\/uploads\/2026\/04\/RESUMEN-EJECUTIVO-Cuenta-Publica-2025-ok-1.pdf\">RESUMEN EJECUTIVO Cuenta Publica 2025 [DESCARGAR]<\/a><\/p>\n<p style=\"text-align: justify;\"><strong>Comunicaciones y RR.PP. Ilustre Municipalidad de Castro<\/strong><br \/>\n<strong>Castro, 27 de abril de 2026<\/strong><\/p>\n","protected":false},"excerpt":{"rendered":"<p>\u201cCastro no puede avanzar desde la divisi\u00f3n, ni crecer desde la descalificaci\u00f3n, ni aceptar la violencia como forma de relacionarnos. Mi invitaci\u00f3n es directa, ac\u00e9rquense, pregunten, inf\u00f3rmense. Este municipio tiene las puertas abiertas\u201d, dijo. Con una amplia presencia de autoridades, l\u00edderes vecinales, representantes de organizaciones y otros, se desarroll\u00f3 la Cuenta P\u00fablica, correspondiente a la [&hellip;]<\/p>\n","protected":false},"author":10,"featured_media":29204,"comment_status":"closed","ping_status":"closed","sticky":false,"template":"","format":"standard","meta":{"footnotes":""},"categories":[1],"tags":[],"class_list":["post-29203","post","type-post","status-publish","format-standard","has-post-thumbnail","hentry","category-noticias"],"publishpress_future_action":{"enabled":false,"date":"2026-05-05 10:16:29","action":"change-status","newStatus":"draft","terms":[],"taxonomy":"category"},"publishpress_future_workflow_manual_trigger":{"enabledWorkflows":[]},"_links":{"self":[{"href":"https:\/\/www.municipalidadcastro.cl\/index.php?rest_route=\/wp\/v2\/posts\/29203","targetHints":{"allow":["GET"]}}],"collection":[{"href":"https:\/\/www.municipalidadcastro.cl\/index.php?rest_route=\/wp\/v2\/posts"}],"about":[{"href":"https:\/\/www.municipalidadcastro.cl\/index.php?rest_route=\/wp\/v2\/types\/post"}],"author":[{"embeddable":true,"href":"https:\/\/www.municipalidadcastro.cl\/index.php?rest_route=\/wp\/v2\/users\/10"}],"replies":[{"embeddable":true,"href":"https:\/\/www.municipalidadcastro.cl\/index.php?rest_route=%2Fwp%2Fv2%2Fcomments&post=29203"}],"version-history":[{"count":5,"href":"https:\/\/www.municipalidadcastro.cl\/index.php?rest_route=\/wp\/v2\/posts\/29203\/revisions"}],"predecessor-version":[{"id":29214,"href":"https:\/\/www.municipalidadcastro.cl\/index.php?rest_route=\/wp\/v2\/posts\/29203\/revisions\/29214"}],"wp:featuredmedia":[{"embeddable":true,"href":"https:\/\/www.municipalidadcastro.cl\/index.php?rest_route=\/wp\/v2\/media\/29204"}],"wp:attachment":[{"href":"https:\/\/www.municipalidadcastro.cl\/index.php?rest_route=%2Fwp%2Fv2%2Fmedia&parent=29203"}],"wp:term":[{"taxonomy":"category","embeddable":true,"href":"https:\/\/www.municipalidadcastro.cl\/index.php?rest_route=%2Fwp%2Fv2%2Fcategories&post=29203"},{"taxonomy":"post_tag","embeddable":true,"href":"https:\/\/www.municipalidadcastro.cl\/index.php?rest_route=%2Fwp%2Fv2%2Ftags&post=29203"}],"curies":[{"name":"wp","href":"https:\/\/api.w.org\/{rel}","templated":true}]}}