{"id":13298,"date":"2021-08-23T13:36:59","date_gmt":"2021-08-23T16:36:59","guid":{"rendered":"http:\/\/www.castromunicipio.cl\/?p=13298"},"modified":"2021-08-23T13:36:59","modified_gmt":"2021-08-23T16:36:59","slug":"artesanas-participan-en-primer-taller-presencial-despues-de-meses-de-confinamiento","status":"publish","type":"post","link":"https:\/\/www.municipalidadcastro.cl\/?p=13298","title":{"rendered":"Artesanas participan en primer taller presencial despu\u00e9s de meses de confinamiento"},"content":{"rendered":"<p>&nbsp;<\/p>\n<p style=\"text-align: center\"><strong>La iniciativa, del programa de Desarrollo Territorial Ind\u00edgena de Castro Municipio, consiste en un taller de fieltro agujado para fortalecer y entregar nuevas herramientas y t\u00e9cnicas para artesanas locales ampl\u00eden y diversifiquen su rubro.<\/strong><\/p>\n<p><img loading=\"lazy\" decoding=\"async\" class=\"alignnone size-medium wp-image-13309\" src=\"http:\/\/www.castromunicipio.cl\/wp-content\/uploads\/2021\/08\/20210719_114552-135x300.jpg\" alt=\"\" width=\"135\" height=\"300\" srcset=\"https:\/\/www.municipalidadcastro.cl\/wp-content\/uploads\/2021\/08\/20210719_114552-135x300.jpg 135w, https:\/\/www.municipalidadcastro.cl\/wp-content\/uploads\/2021\/08\/20210719_114552-461x1024.jpg 461w, https:\/\/www.municipalidadcastro.cl\/wp-content\/uploads\/2021\/08\/20210719_114552-768x1705.jpg 768w, https:\/\/www.municipalidadcastro.cl\/wp-content\/uploads\/2021\/08\/20210719_114552-692x1536.jpg 692w, https:\/\/www.municipalidadcastro.cl\/wp-content\/uploads\/2021\/08\/20210719_114552-922x2048.jpg 922w, https:\/\/www.municipalidadcastro.cl\/wp-content\/uploads\/2021\/08\/20210719_114552-750x1665.jpg 750w, https:\/\/www.municipalidadcastro.cl\/wp-content\/uploads\/2021\/08\/20210719_114552-1140x2531.jpg 1140w, https:\/\/www.municipalidadcastro.cl\/wp-content\/uploads\/2021\/08\/20210719_114552-scaled.jpg 1153w\" sizes=\"auto, (max-width: 135px) 100vw, 135px\" \/><img loading=\"lazy\" decoding=\"async\" class=\"alignnone size-medium wp-image-13308\" src=\"http:\/\/www.castromunicipio.cl\/wp-content\/uploads\/2021\/08\/20210719_125912-300x135.jpg\" alt=\"\" width=\"300\" height=\"135\" srcset=\"https:\/\/www.municipalidadcastro.cl\/wp-content\/uploads\/2021\/08\/20210719_125912-300x135.jpg 300w, https:\/\/www.municipalidadcastro.cl\/wp-content\/uploads\/2021\/08\/20210719_125912-1024x461.jpg 1024w, https:\/\/www.municipalidadcastro.cl\/wp-content\/uploads\/2021\/08\/20210719_125912-768x346.jpg 768w, https:\/\/www.municipalidadcastro.cl\/wp-content\/uploads\/2021\/08\/20210719_125912-1536x692.jpg 1536w, https:\/\/www.municipalidadcastro.cl\/wp-content\/uploads\/2021\/08\/20210719_125912-2048x922.jpg 2048w, https:\/\/www.municipalidadcastro.cl\/wp-content\/uploads\/2021\/08\/20210719_125912-750x338.jpg 750w, https:\/\/www.municipalidadcastro.cl\/wp-content\/uploads\/2021\/08\/20210719_125912-1140x513.jpg 1140w\" sizes=\"auto, (max-width: 300px) 100vw, 300px\" \/><\/p>\n<p>&nbsp;<\/p>\n<p style=\"text-align: justify\">Con un taller de fieltro agujado se dio inicio a las capacitaciones presenciales entregadas por el programa de Desarrollo Territorial Ind\u00edgena (PDTI) de Castro Municipio, actividad que da continuidad al ciclo de Charlas Online dirigidas a las familias de usuarios del programa y que pretenden entregar herramientas que permitan fortalecer las capacidades y emprendimientos de vecinas y vecinos de la comuna.<\/p>\n<p style=\"text-align: justify\">As\u00ed lo explic\u00f3 la coordinadora del PDTI de Castro, Andrea Ribas, quien record\u00f3 que, durante el periodo de confinamiento y cuarentena, la instrucci\u00f3n del alcalde de Castro, Juan Eduardo Vera, fue mantener la cercan\u00eda con los usuarios y continuar con la entrega de asesoramientos y capacitaciones que le permitieran seguir con las faenas agr\u00edcolas, la confecci\u00f3n de artesan\u00edas y el desarrollo de nuevas actividades para fortalecer la econom\u00eda familiar.<\/p>\n<p style=\"text-align: justify\">En este sentido, explic\u00f3 que el taller de fieltro en aguja, se encontraba en la planificaci\u00f3n anual de los talleres del PDTI, sin embargo, y a diferencia de otras tem\u00e1ticas abordadas durante el \u00faltimo a\u00f1o, tuvo que ser postergado debido a las caracter\u00edsticas propias del curso que demandaba presencialidad.<\/p>\n<!--[if lt IE 9]><script>document.createElement('audio');<\/script><![endif]-->\n<audio class=\"wp-audio-shortcode\" id=\"audio-13298-1\" preload=\"none\" style=\"width: 100%;\" controls=\"controls\"><source type=\"audio\/mpeg\" src=\"http:\/\/www.castromunicipio.cl\/wp-content\/uploads\/2021\/08\/andrea-ribas-taller-fieltro-pdti.mp3?_=1\" \/><a href=\"http:\/\/www.castromunicipio.cl\/wp-content\/uploads\/2021\/08\/andrea-ribas-taller-fieltro-pdti.mp3\">http:\/\/www.castromunicipio.cl\/wp-content\/uploads\/2021\/08\/andrea-ribas-taller-fieltro-pdti.mp3<\/a><\/audio>\n<p style=\"text-align: justify\">Por su parte, Alejandra Ovalle, profesora del taller, \u00a0explic\u00f3 que el objetivo del curso es que sus participantes, en su mayor\u00eda artesanas de la comuna y usuarias del PDTI, conozcan y dominen la t\u00e9cnica b\u00e1sica\u00a0 del fieltro agujado, t\u00e9cnica cuyo proceso se basa en compactar el vell\u00f3n con una aguja especial para entrelazar las fibras a trav\u00e9s de las puntadas, creando proyectos como pintura en fieltro y figuras de vell\u00f3n.<\/p>\n<audio class=\"wp-audio-shortcode\" id=\"audio-13298-2\" preload=\"none\" style=\"width: 100%;\" controls=\"controls\"><source type=\"audio\/mpeg\" src=\"http:\/\/www.castromunicipio.cl\/wp-content\/uploads\/2021\/08\/andrea-ovalle-fieltro-1.mp3?_=2\" \/><a href=\"http:\/\/www.castromunicipio.cl\/wp-content\/uploads\/2021\/08\/andrea-ovalle-fieltro-1.mp3\">http:\/\/www.castromunicipio.cl\/wp-content\/uploads\/2021\/08\/andrea-ovalle-fieltro-1.mp3<\/a><\/audio>\n<p style=\"text-align: justify\">El taller que busca contribuir en el trabajo de acompa\u00f1amiento y apoyo que realiza Castro Municipio a los vecinos y vecinas de la comuna a trav\u00e9s de sus distintas unidades,\u00a0 tambi\u00e9n busca entregar nuevas herramientas y t\u00e9cnicas para que sus participantes ampl\u00eden y diversifiquen su rubro teniendo m\u00e1s oportunidades y opciones de ingresos en sus hogares.<\/p>\n<p style=\"text-align: justify\">As\u00ed lo confirma el testimonio de Alejandra Ovalle, actual tallerista, quien hace tres a\u00f1os, siendo usuaria de un programa de Castro Municipio, particip\u00f3 como alumna de un taller de fieltro, y hoy cuenta con un emprendimiento y ense\u00f1a a m\u00e1s personas a conocer la t\u00e9cnica para crear arte.<\/p>\n<audio class=\"wp-audio-shortcode\" id=\"audio-13298-3\" preload=\"none\" style=\"width: 100%;\" controls=\"controls\"><source type=\"audio\/mpeg\" src=\"http:\/\/www.castromunicipio.cl\/wp-content\/uploads\/2021\/08\/andrea-ovalle-fieltro-2.mp3?_=3\" \/><a href=\"http:\/\/www.castromunicipio.cl\/wp-content\/uploads\/2021\/08\/andrea-ovalle-fieltro-2.mp3\">http:\/\/www.castromunicipio.cl\/wp-content\/uploads\/2021\/08\/andrea-ovalle-fieltro-2.mp3<\/a><\/audio>\n<p><img loading=\"lazy\" decoding=\"async\" class=\"size-medium wp-image-13307 alignleft\" src=\"http:\/\/www.castromunicipio.cl\/wp-content\/uploads\/2021\/08\/20210719_124447-135x300.jpg\" alt=\"\" width=\"135\" height=\"300\" srcset=\"https:\/\/www.municipalidadcastro.cl\/wp-content\/uploads\/2021\/08\/20210719_124447-135x300.jpg 135w, https:\/\/www.municipalidadcastro.cl\/wp-content\/uploads\/2021\/08\/20210719_124447-461x1024.jpg 461w, https:\/\/www.municipalidadcastro.cl\/wp-content\/uploads\/2021\/08\/20210719_124447-768x1705.jpg 768w, https:\/\/www.municipalidadcastro.cl\/wp-content\/uploads\/2021\/08\/20210719_124447-692x1536.jpg 692w, https:\/\/www.municipalidadcastro.cl\/wp-content\/uploads\/2021\/08\/20210719_124447-922x2048.jpg 922w, https:\/\/www.municipalidadcastro.cl\/wp-content\/uploads\/2021\/08\/20210719_124447-750x1665.jpg 750w, https:\/\/www.municipalidadcastro.cl\/wp-content\/uploads\/2021\/08\/20210719_124447-1140x2531.jpg 1140w, https:\/\/www.municipalidadcastro.cl\/wp-content\/uploads\/2021\/08\/20210719_124447-scaled.jpg 1153w\" sizes=\"auto, (max-width: 135px) 100vw, 135px\" \/><\/p>\n<p style=\"text-align: justify\">\u201cLos usuarios del PDTI, nos hemos sentido apoyados por los funcionarios municipales durante todo este per\u00edodo, en los meses m\u00e1s complicados de esta pandemia, \u00a0recibimos charlas a trav\u00e9s del zoom sobre hortalizas, producci\u00f3n org\u00e1nica, producci\u00f3n y cuidado de ganado entre otros. Ahora con este curso de fieltro, nos hemos vuelto a reunir, entregando t\u00e9cnicas nuevas para diversificar el rubro de las artesanas y los propios campesinos\u201d, coment\u00f3 el presidente de la\u00a0\u00a0 Agrupaci\u00f3n Ind\u00edgena de Ten Ten, Carlos Levi\u00f1anco, \u00fanico var\u00f3n participante del taller.<\/p>\n<audio class=\"wp-audio-shortcode\" id=\"audio-13298-4\" preload=\"none\" style=\"width: 100%;\" controls=\"controls\"><source type=\"audio\/mpeg\" src=\"http:\/\/www.castromunicipio.cl\/wp-content\/uploads\/2021\/08\/CARLOS-LEVINANCO-CURSO-DE-FIELTRO.mp3?_=4\" \/><a href=\"http:\/\/www.castromunicipio.cl\/wp-content\/uploads\/2021\/08\/CARLOS-LEVINANCO-CURSO-DE-FIELTRO.mp3\">http:\/\/www.castromunicipio.cl\/wp-content\/uploads\/2021\/08\/CARLOS-LEVINANCO-CURSO-DE-FIELTRO.mp3<\/a><\/audio>\n<p style=\"text-align: justify\">Por \u00faltimo, la coordinadora del PDTI, record\u00f3 que Castro Municipio, a trav\u00e9s de su Direcci\u00f3n de Desarrollo Comunitario, que est\u00e1 compuesta por diferentes oficinas y programas, est\u00e1 generando constantemente instancias para disponer de m\u00e1s herramientas a los vecinos y vecina de Castro, as\u00ed como tambi\u00e9n la entrega de asesoramientos, ayudas t\u00e9cnicas y elaboraci\u00f3n de proyectos que buscan el beneficio social y productivo de la comunidad de Castro.<\/p>\n<p style=\"text-align: center\">Castro, 23 de agosto 2021<\/p>\n","protected":false},"excerpt":{"rendered":"<p>&nbsp; La iniciativa, del programa de Desarrollo Territorial Ind\u00edgena de Castro Municipio, consiste en un taller de fieltro agujado para fortalecer y entregar nuevas herramientas y t\u00e9cnicas para artesanas locales ampl\u00eden y diversifiquen su rubro. &nbsp; Con un taller de fieltro agujado se dio inicio a las capacitaciones presenciales entregadas por el programa de Desarrollo [&hellip;]<\/p>\n","protected":false},"author":10,"featured_media":13304,"comment_status":"closed","ping_status":"closed","sticky":false,"template":"","format":"standard","meta":{"footnotes":""},"categories":[1],"tags":[],"class_list":["post-13298","post","type-post","status-publish","format-standard","has-post-thumbnail","hentry","category-noticias"],"publishpress_future_action":{"enabled":false,"date":"2026-05-05 13:32:47","action":"change-status","newStatus":"draft","terms":[],"taxonomy":"category"},"publishpress_future_workflow_manual_trigger":{"enabledWorkflows":[]},"_links":{"self":[{"href":"https:\/\/www.municipalidadcastro.cl\/index.php?rest_route=\/wp\/v2\/posts\/13298","targetHints":{"allow":["GET"]}}],"collection":[{"href":"https:\/\/www.municipalidadcastro.cl\/index.php?rest_route=\/wp\/v2\/posts"}],"about":[{"href":"https:\/\/www.municipalidadcastro.cl\/index.php?rest_route=\/wp\/v2\/types\/post"}],"author":[{"embeddable":true,"href":"https:\/\/www.municipalidadcastro.cl\/index.php?rest_route=\/wp\/v2\/users\/10"}],"replies":[{"embeddable":true,"href":"https:\/\/www.municipalidadcastro.cl\/index.php?rest_route=%2Fwp%2Fv2%2Fcomments&post=13298"}],"version-history":[{"count":1,"href":"https:\/\/www.municipalidadcastro.cl\/index.php?rest_route=\/wp\/v2\/posts\/13298\/revisions"}],"predecessor-version":[{"id":13310,"href":"https:\/\/www.municipalidadcastro.cl\/index.php?rest_route=\/wp\/v2\/posts\/13298\/revisions\/13310"}],"wp:featuredmedia":[{"embeddable":true,"href":"https:\/\/www.municipalidadcastro.cl\/index.php?rest_route=\/wp\/v2\/media\/13304"}],"wp:attachment":[{"href":"https:\/\/www.municipalidadcastro.cl\/index.php?rest_route=%2Fwp%2Fv2%2Fmedia&parent=13298"}],"wp:term":[{"taxonomy":"category","embeddable":true,"href":"https:\/\/www.municipalidadcastro.cl\/index.php?rest_route=%2Fwp%2Fv2%2Fcategories&post=13298"},{"taxonomy":"post_tag","embeddable":true,"href":"https:\/\/www.municipalidadcastro.cl\/index.php?rest_route=%2Fwp%2Fv2%2Ftags&post=13298"}],"curies":[{"name":"wp","href":"https:\/\/api.w.org\/{rel}","templated":true}]}}