{"id":13286,"date":"2021-08-20T13:49:12","date_gmt":"2021-08-20T16:49:12","guid":{"rendered":"http:\/\/www.castromunicipio.cl\/?p=13286"},"modified":"2021-08-20T14:08:53","modified_gmt":"2021-08-20T17:08:53","slug":"castro-apuesta-por-la-buena-gestion-de-la-basura-domiciliaria","status":"publish","type":"post","link":"https:\/\/www.municipalidadcastro.cl\/?p=13286","title":{"rendered":"Castro apuesta por la buena gesti\u00f3n de la basura domiciliaria"},"content":{"rendered":"<p style=\"text-align: justify;\"><strong>A trav\u00e9s de la campa\u00f1a \u201cChilo\u00e9 reduce\u201d, que abarca todas las comunas del archipi\u00e9lago, Castro Municipio reafirma su compromiso con la reducci\u00f3n de los desechos y la puesta en marcha de proyectos medioambientalmente sustentables.<\/strong><\/p>\n<p style=\"text-align: justify;\">Contribuir a la protecci\u00f3n, desarrollo y preservaci\u00f3n de nuestro Patrimonio natural, permitiendo a la comunidad generar proyectos ambientalmente sustentables, es una de las m\u00e1ximas que gu\u00edan el quehacer de la actual administraci\u00f3n municipal liderada por el alcalde Juan Eduardo Vera, es por ello que continuando con este af\u00e1n recientemente Castro Municipio se uni\u00f3 a la campa\u00f1a \u201cChilo\u00e9 Reduce: Menos Residuos, M\u00e1s Participaci\u00f3n\u201d.<\/p>\n<p style=\"text-align: justify;\"><img loading=\"lazy\" decoding=\"async\" class=\"size-medium wp-image-13287 alignright\" src=\"http:\/\/www.castromunicipio.cl\/wp-content\/uploads\/2021\/08\/CR_Post_Programas__Post-01-300x300.jpg\" alt=\"\" width=\"300\" height=\"300\" srcset=\"https:\/\/www.municipalidadcastro.cl\/wp-content\/uploads\/2021\/08\/CR_Post_Programas__Post-01-300x300.jpg 300w, https:\/\/www.municipalidadcastro.cl\/wp-content\/uploads\/2021\/08\/CR_Post_Programas__Post-01-1024x1024.jpg 1024w, https:\/\/www.municipalidadcastro.cl\/wp-content\/uploads\/2021\/08\/CR_Post_Programas__Post-01-150x150.jpg 150w, https:\/\/www.municipalidadcastro.cl\/wp-content\/uploads\/2021\/08\/CR_Post_Programas__Post-01-768x768.jpg 768w, https:\/\/www.municipalidadcastro.cl\/wp-content\/uploads\/2021\/08\/CR_Post_Programas__Post-01-75x75.jpg 75w, https:\/\/www.municipalidadcastro.cl\/wp-content\/uploads\/2021\/08\/CR_Post_Programas__Post-01-350x350.jpg 350w, https:\/\/www.municipalidadcastro.cl\/wp-content\/uploads\/2021\/08\/CR_Post_Programas__Post-01-750x750.jpg 750w, https:\/\/www.municipalidadcastro.cl\/wp-content\/uploads\/2021\/08\/CR_Post_Programas__Post-01.jpg 1080w\" sizes=\"auto, (max-width: 300px) 100vw, 300px\" \/>Nelson C\u00e1rcamo, director de Medio Ambiente, Aseo y Ornato, resalt\u00f3 que la gracia de este proyecto radica en que Castro Municipio se incorpora a un gran trabajo colaborativo internacional en el que interact\u00faan el Ministerio del Medio Ambiente y Cambio Clim\u00e1tico de Canad\u00e1, el Gran Ducado de Luxemburgo, el Ministerio del Medio Ambiente de Chile, la Subdere, el Programa de las Naciones Unidas para el Desarrollo (PNUD) adem\u00e1s del Programa Reciclo Org\u00e1nicos y el Programa de Participaci\u00f3n Ciudadana financiado por el Gobierno Regional de Los Lagos.<\/p>\n<p style=\"text-align: justify;\">A petici\u00f3n del alcalde Vera, el municipio de Castro se incorpora a este proyecto de gran relevancia global, el cual inicialmente generar\u00e1 una imagen corporativa, continuando luego con \u201ctalleres donde participan los municipios, se reciben propuestas y se acogen observaciones, se priorizan temas en talleres sucesivos y finalmente llega un minuto en que los proyectos que cada comuna va a implementar, tienen que ejecutarse\u201d, explic\u00f3.<\/p>\n<!--[if lt IE 9]><script>document.createElement('audio');<\/script><![endif]-->\n<audio class=\"wp-audio-shortcode\" id=\"audio-13286-1\" preload=\"none\" style=\"width: 100%;\" controls=\"controls\"><source type=\"audio\/ogg\" src=\"http:\/\/www.castromunicipio.cl\/wp-content\/uploads\/2021\/08\/nelson-1-0k.ogg?_=1\" \/><a href=\"http:\/\/www.castromunicipio.cl\/wp-content\/uploads\/2021\/08\/nelson-1-0k.ogg\">http:\/\/www.castromunicipio.cl\/wp-content\/uploads\/2021\/08\/nelson-1-0k.ogg<\/a><\/audio>\n<p style=\"text-align: justify;\">Respecto a las iniciativas que Castro Municipio va a potenciar, el directivo indic\u00f3 que \u00e9stos responden a dos \u00e1reas en las que se ha trabajado fuertemente. \u201cPotencializaci\u00f3n del \u00e1rea de la sustentabilidad, principalmente el reh\u00faso de algunos residuos a trav\u00e9s de algunas iniciativas de reciclaje y trabajar fuertemente el tema del compostaje tambi\u00e9n tanto municipal como domiciliario\u201d.<\/p>\n<audio class=\"wp-audio-shortcode\" id=\"audio-13286-2\" preload=\"none\" style=\"width: 100%;\" controls=\"controls\"><source type=\"audio\/ogg\" src=\"http:\/\/www.castromunicipio.cl\/wp-content\/uploads\/2021\/08\/nelson-2.ogg?_=2\" \/><a href=\"http:\/\/www.castromunicipio.cl\/wp-content\/uploads\/2021\/08\/nelson-2.ogg\">http:\/\/www.castromunicipio.cl\/wp-content\/uploads\/2021\/08\/nelson-2.ogg<\/a><\/audio>\n<p style=\"text-align: justify;\">Al mismo tiempo en que se desarrollar\u00e1 la campa\u00f1a \u201cChilo\u00e9 Reduce\u201d, la Direcci\u00f3n de Medio Ambiente, Aseo y Ornato seguir\u00e1 apostando por potenciar y cuidar los patrimonios medioambientales, recuperar \u00e1reas verdes, mejorar los espacios p\u00fablicos y por sobretodo, involucrar a la comunidad en la mejora de su calidad de vida.<\/p>\n<p style=\"text-align: justify;\">\u201cLa Dimao, a trav\u00e9s de su \u00e1rea de ornato y sustentabilidad, ha desarrollado iniciativas que han apuntado al tema del mejoramiento, mantenci\u00f3n y ampliaci\u00f3n de \u00e1reas verdes dentro de los espacios comunales y que tiene que ver con el enriquecimiento de algunas especies flor\u00edsticas, en algunos casos especies que hasta van a dar frutos comestibles para los transe\u00fantes, algo que sin duda mejora la calidad vida de los que habitamos la comuna\u201d, ejemplific\u00f3, agregando que a lo anterior se suma el trabajo de compostaje domiciliario, la reforestaci\u00f3n en espacios urbanos, la implementaci\u00f3n de puntos verdes y el trabajo de capacitaci\u00f3n para generar conciencia sobre el manejo de los residuos domiciliarios.<\/p>\n<audio class=\"wp-audio-shortcode\" id=\"audio-13286-3\" preload=\"none\" style=\"width: 100%;\" controls=\"controls\"><source type=\"audio\/mpeg\" src=\"http:\/\/www.castromunicipio.cl\/wp-content\/uploads\/2021\/08\/nelson-3ok.mp3?_=3\" \/><a href=\"http:\/\/www.castromunicipio.cl\/wp-content\/uploads\/2021\/08\/nelson-3ok.mp3\">http:\/\/www.castromunicipio.cl\/wp-content\/uploads\/2021\/08\/nelson-3ok.mp3<\/a><\/audio>\n<p style=\"text-align: justify;\">Cabe se\u00f1alar que el trabajo a conciencia realizado no solo en materia medioambiental por parte de Castro Municipio, ha llevado a la comuna a instalarse como un referente no solo en la protecci\u00f3n de sus espacios verdes, sino que la sit\u00faa tur\u00edsticamente como un punto de atracci\u00f3n en las m\u00e1s altas esferas de referencia tur\u00edstica a nivel nacional.<\/p>\n<p style=\"text-align: justify;\"><strong>\u00a0<\/strong><\/p>\n<p style=\"text-align: justify;\"><strong>\u00a0<\/strong><\/p>\n<p><strong>Departamento de Comunicaciones y RR.PP.<\/strong><\/p>\n<p><strong>Castro, 20 de agosto de 2021<\/strong><\/p>\n","protected":false},"excerpt":{"rendered":"<p>A trav\u00e9s de la campa\u00f1a \u201cChilo\u00e9 reduce\u201d, que abarca todas las comunas del archipi\u00e9lago, Castro Municipio reafirma su compromiso con la reducci\u00f3n de los desechos y la puesta en marcha de proyectos medioambientalmente sustentables. Contribuir a la protecci\u00f3n, desarrollo y preservaci\u00f3n de nuestro Patrimonio natural, permitiendo a la comunidad generar proyectos ambientalmente sustentables, es una [&hellip;]<\/p>\n","protected":false},"author":10,"featured_media":13288,"comment_status":"closed","ping_status":"closed","sticky":false,"template":"","format":"standard","meta":{"footnotes":""},"categories":[1],"tags":[],"class_list":["post-13286","post","type-post","status-publish","format-standard","has-post-thumbnail","hentry","category-noticias"],"publishpress_future_action":{"enabled":false,"date":"2026-05-05 12:09:13","action":"change-status","newStatus":"draft","terms":[],"taxonomy":"category"},"publishpress_future_workflow_manual_trigger":{"enabledWorkflows":[]},"_links":{"self":[{"href":"https:\/\/www.municipalidadcastro.cl\/index.php?rest_route=\/wp\/v2\/posts\/13286","targetHints":{"allow":["GET"]}}],"collection":[{"href":"https:\/\/www.municipalidadcastro.cl\/index.php?rest_route=\/wp\/v2\/posts"}],"about":[{"href":"https:\/\/www.municipalidadcastro.cl\/index.php?rest_route=\/wp\/v2\/types\/post"}],"author":[{"embeddable":true,"href":"https:\/\/www.municipalidadcastro.cl\/index.php?rest_route=\/wp\/v2\/users\/10"}],"replies":[{"embeddable":true,"href":"https:\/\/www.municipalidadcastro.cl\/index.php?rest_route=%2Fwp%2Fv2%2Fcomments&post=13286"}],"version-history":[{"count":4,"href":"https:\/\/www.municipalidadcastro.cl\/index.php?rest_route=\/wp\/v2\/posts\/13286\/revisions"}],"predecessor-version":[{"id":13295,"href":"https:\/\/www.municipalidadcastro.cl\/index.php?rest_route=\/wp\/v2\/posts\/13286\/revisions\/13295"}],"wp:featuredmedia":[{"embeddable":true,"href":"https:\/\/www.municipalidadcastro.cl\/index.php?rest_route=\/wp\/v2\/media\/13288"}],"wp:attachment":[{"href":"https:\/\/www.municipalidadcastro.cl\/index.php?rest_route=%2Fwp%2Fv2%2Fmedia&parent=13286"}],"wp:term":[{"taxonomy":"category","embeddable":true,"href":"https:\/\/www.municipalidadcastro.cl\/index.php?rest_route=%2Fwp%2Fv2%2Fcategories&post=13286"},{"taxonomy":"post_tag","embeddable":true,"href":"https:\/\/www.municipalidadcastro.cl\/index.php?rest_route=%2Fwp%2Fv2%2Ftags&post=13286"}],"curies":[{"name":"wp","href":"https:\/\/api.w.org\/{rel}","templated":true}]}}