{"id":13268,"date":"2021-08-19T09:32:09","date_gmt":"2021-08-19T12:32:09","guid":{"rendered":"http:\/\/www.castromunicipio.cl\/?p=13268"},"modified":"2021-08-19T09:32:09","modified_gmt":"2021-08-19T12:32:09","slug":"200-vecinas-y-vecinos-se-certifican-en-cursos-impulsados-por-castro-municipio-durante-el-primer-semestre-del-2021","status":"publish","type":"post","link":"https:\/\/www.municipalidadcastro.cl\/?p=13268","title":{"rendered":"200 vecinas y vecinos se certifican en cursos impulsados por Castro Municipio durante el primer semestre del 2021"},"content":{"rendered":"<p>&nbsp;<\/p>\n<p><em>Las formaciones se realizaron de manera online entre abril y julio, a trav\u00e9s de la oficina municipal de Capacitaci\u00f3n<\/em>.<\/p>\n<p><img loading=\"lazy\" decoding=\"async\" class=\"size-medium wp-image-13271 alignleft\" src=\"http:\/\/www.castromunicipio.cl\/wp-content\/uploads\/2021\/08\/231991005_1203489590063250_5264952664298317922_n-300x200.jpg\" alt=\"\" width=\"300\" height=\"200\" srcset=\"https:\/\/www.municipalidadcastro.cl\/wp-content\/uploads\/2021\/08\/231991005_1203489590063250_5264952664298317922_n-300x200.jpg 300w, https:\/\/www.municipalidadcastro.cl\/wp-content\/uploads\/2021\/08\/231991005_1203489590063250_5264952664298317922_n-1024x683.jpg 1024w, https:\/\/www.municipalidadcastro.cl\/wp-content\/uploads\/2021\/08\/231991005_1203489590063250_5264952664298317922_n-768x512.jpg 768w, https:\/\/www.municipalidadcastro.cl\/wp-content\/uploads\/2021\/08\/231991005_1203489590063250_5264952664298317922_n-1536x1024.jpg 1536w, https:\/\/www.municipalidadcastro.cl\/wp-content\/uploads\/2021\/08\/231991005_1203489590063250_5264952664298317922_n-750x500.jpg 750w, https:\/\/www.municipalidadcastro.cl\/wp-content\/uploads\/2021\/08\/231991005_1203489590063250_5264952664298317922_n-1140x760.jpg 1140w, https:\/\/www.municipalidadcastro.cl\/wp-content\/uploads\/2021\/08\/231991005_1203489590063250_5264952664298317922_n.jpg 2048w\" sizes=\"auto, (max-width: 300px) 100vw, 300px\" \/><\/p>\n<p style=\"text-align: justify\">En una ceremonia efectuada en el auditorio del Centro Cultural de Castro, el alcalde de la comuna, Juan Eduardo Vera, hizo entrega del diploma de certificaci\u00f3n a 200 vecinas y vecinos que participaron en 8 cursos desarrollados entre los meses de abril y julio de este a\u00f1o por la oficina municipal de Capacitaci\u00f3n.<\/p>\n<p style=\"text-align: justify\">En la ocasi\u00f3n, el jefe comunal enfatiz\u00f3 en la necesidad de adaptar las capacitaciones\u00a0a las nuevas necesidades de las personas y al contexto sanitario que estamos viviendo.<\/p>\n<p style=\"text-align: justify\">\u201cDebemos capacitar de forma inteligente, entregar las capacitaciones que nuestras vecinas y vecinos\u00a0 realmente necesitan. \u00a0Con estas iniciativas municipales las personas tienen una linda oportunidad de aprender nuevos oficios que fueron impartidos v\u00eda online. La pandemia nos oblig\u00f3 a reinventarnos y utilizar las tecnolog\u00edas vigentes\u201d, expres\u00f3 el alcalde Vera.<\/p>\n<!--[if lt IE 9]><script>document.createElement('audio');<\/script><![endif]-->\n<audio class=\"wp-audio-shortcode\" id=\"audio-13268-1\" preload=\"none\" style=\"width: 100%;\" controls=\"controls\"><source type=\"audio\/mpeg\" src=\"http:\/\/www.castromunicipio.cl\/wp-content\/uploads\/2021\/08\/alcalde-certificacacion-2021.mp3?_=1\" \/><a href=\"http:\/\/www.castromunicipio.cl\/wp-content\/uploads\/2021\/08\/alcalde-certificacacion-2021.mp3\">http:\/\/www.castromunicipio.cl\/wp-content\/uploads\/2021\/08\/alcalde-certificacacion-2021.mp3<\/a><\/audio>\n<p style=\"text-align: justify\"><strong><u>Capacitaciones<\/u><\/strong><\/p>\n<p style=\"text-align: justify\">La bater\u00eda de talleres y cursos entregados en formato online han abarcado diversos oficios, los cuales permitir\u00e1n que las personas tengan opciones reales en encontrar mejores oportunidades laborales. Los cursos dictados durante este a\u00f1o fueron: tripulante de naves especiales, Excel Intermedio, lengua de se\u00f1as, patr\u00f3n de nave menor, ingl\u00e9s b\u00e1sico, guardia mar\u00edtimo, ca\u00f1er\u00edas e ingl\u00e9s b\u00e1sico.<\/p>\n<p style=\"text-align: justify\">As\u00ed lo confirm\u00f3, Alejandra Parra, alumna del curso de ingl\u00e9s b\u00e1sico, quien con brillo en los ojos y un discurso en ingl\u00e9s, expres\u00f3 su agradecimiento por la oportunidad entregada por Castro Municipio. As\u00ed como tambi\u00e9n, motiv\u00f3 a las personas a seguir perfeccion\u00e1ndose \u00a0a trav\u00e9s \u00a0\u00a0de estos espacios de aprendizaje gratuitos que en la comuna se est\u00e1n generando.<\/p>\n<audio class=\"wp-audio-shortcode\" id=\"audio-13268-2\" preload=\"none\" style=\"width: 100%;\" controls=\"controls\"><source type=\"audio\/mpeg\" src=\"http:\/\/www.castromunicipio.cl\/wp-content\/uploads\/2021\/08\/alejandra-parra-alumna-de-ingles.mp3?_=2\" \/><a href=\"http:\/\/www.castromunicipio.cl\/wp-content\/uploads\/2021\/08\/alejandra-parra-alumna-de-ingles.mp3\">http:\/\/www.castromunicipio.cl\/wp-content\/uploads\/2021\/08\/alejandra-parra-alumna-de-ingles.mp3<\/a><\/audio>\n<p style=\"text-align: justify\">Por \u00faltimo, se dio a conocer que con esta ceremonia de certificaci\u00f3n finaliza la primera etapa\u00a0de capacitaciones en formato online, para dar inicio a un per\u00edodo de reactivaci\u00f3n de clases presenciales, regidas con un estricto protocolo sanitario que contempla el pase de movilidad, control de temperatura y uso de mascarilla, todo con el fin de continuar con este gran plan de instrucci\u00f3n sin descuidar el resguardo de la comunidad de Castro.<\/p>\n<p style=\"text-align: justify\"><img loading=\"lazy\" decoding=\"async\" class=\"size-medium wp-image-13273 aligncenter\" src=\"http:\/\/www.castromunicipio.cl\/wp-content\/uploads\/2021\/08\/237965234_1203005103445032_1447124094267966495_n-300x200.jpg\" alt=\"\" width=\"300\" height=\"200\" srcset=\"https:\/\/www.municipalidadcastro.cl\/wp-content\/uploads\/2021\/08\/237965234_1203005103445032_1447124094267966495_n-300x200.jpg 300w, https:\/\/www.municipalidadcastro.cl\/wp-content\/uploads\/2021\/08\/237965234_1203005103445032_1447124094267966495_n-1024x683.jpg 1024w, https:\/\/www.municipalidadcastro.cl\/wp-content\/uploads\/2021\/08\/237965234_1203005103445032_1447124094267966495_n-768x512.jpg 768w, https:\/\/www.municipalidadcastro.cl\/wp-content\/uploads\/2021\/08\/237965234_1203005103445032_1447124094267966495_n-1536x1024.jpg 1536w, https:\/\/www.municipalidadcastro.cl\/wp-content\/uploads\/2021\/08\/237965234_1203005103445032_1447124094267966495_n-750x500.jpg 750w, https:\/\/www.municipalidadcastro.cl\/wp-content\/uploads\/2021\/08\/237965234_1203005103445032_1447124094267966495_n-1140x760.jpg 1140w, https:\/\/www.municipalidadcastro.cl\/wp-content\/uploads\/2021\/08\/237965234_1203005103445032_1447124094267966495_n.jpg 2048w\" sizes=\"auto, (max-width: 300px) 100vw, 300px\" \/><\/p>\n<p style=\"text-align: center\">Castro, 19 agosto 2021<\/p>\n<p>&nbsp;<\/p>\n","protected":false},"excerpt":{"rendered":"<p>&nbsp; Las formaciones se realizaron de manera online entre abril y julio, a trav\u00e9s de la oficina municipal de Capacitaci\u00f3n. En una ceremonia efectuada en el auditorio del Centro Cultural de Castro, el alcalde de la comuna, Juan Eduardo Vera, hizo entrega del diploma de certificaci\u00f3n a 200 vecinas y vecinos que participaron en 8 [&hellip;]<\/p>\n","protected":false},"author":10,"featured_media":13272,"comment_status":"closed","ping_status":"closed","sticky":false,"template":"","format":"standard","meta":{"footnotes":""},"categories":[1],"tags":[],"class_list":["post-13268","post","type-post","status-publish","format-standard","has-post-thumbnail","hentry","category-noticias"],"publishpress_future_action":{"enabled":false,"date":"2026-05-05 10:56:13","action":"change-status","newStatus":"draft","terms":[],"taxonomy":"category"},"publishpress_future_workflow_manual_trigger":{"enabledWorkflows":[]},"_links":{"self":[{"href":"https:\/\/www.municipalidadcastro.cl\/index.php?rest_route=\/wp\/v2\/posts\/13268","targetHints":{"allow":["GET"]}}],"collection":[{"href":"https:\/\/www.municipalidadcastro.cl\/index.php?rest_route=\/wp\/v2\/posts"}],"about":[{"href":"https:\/\/www.municipalidadcastro.cl\/index.php?rest_route=\/wp\/v2\/types\/post"}],"author":[{"embeddable":true,"href":"https:\/\/www.municipalidadcastro.cl\/index.php?rest_route=\/wp\/v2\/users\/10"}],"replies":[{"embeddable":true,"href":"https:\/\/www.municipalidadcastro.cl\/index.php?rest_route=%2Fwp%2Fv2%2Fcomments&post=13268"}],"version-history":[{"count":1,"href":"https:\/\/www.municipalidadcastro.cl\/index.php?rest_route=\/wp\/v2\/posts\/13268\/revisions"}],"predecessor-version":[{"id":13275,"href":"https:\/\/www.municipalidadcastro.cl\/index.php?rest_route=\/wp\/v2\/posts\/13268\/revisions\/13275"}],"wp:featuredmedia":[{"embeddable":true,"href":"https:\/\/www.municipalidadcastro.cl\/index.php?rest_route=\/wp\/v2\/media\/13272"}],"wp:attachment":[{"href":"https:\/\/www.municipalidadcastro.cl\/index.php?rest_route=%2Fwp%2Fv2%2Fmedia&parent=13268"}],"wp:term":[{"taxonomy":"category","embeddable":true,"href":"https:\/\/www.municipalidadcastro.cl\/index.php?rest_route=%2Fwp%2Fv2%2Fcategories&post=13268"},{"taxonomy":"post_tag","embeddable":true,"href":"https:\/\/www.municipalidadcastro.cl\/index.php?rest_route=%2Fwp%2Fv2%2Ftags&post=13268"}],"curies":[{"name":"wp","href":"https:\/\/api.w.org\/{rel}","templated":true}]}}