{"id":13257,"date":"2021-08-18T14:22:28","date_gmt":"2021-08-18T17:22:28","guid":{"rendered":"http:\/\/www.castromunicipio.cl\/?p=13257"},"modified":"2021-08-18T14:24:10","modified_gmt":"2021-08-18T17:24:10","slug":"alcalde-vera-llamo-a-la-tranquilidad-precisando-que-el-municipio-no-dejara-abandonados-a-los-vecinos-de-puacura","status":"publish","type":"post","link":"https:\/\/www.municipalidadcastro.cl\/?p=13257","title":{"rendered":"Alcalde Vera llam\u00f3 a la tranquilidad precisando que el municipio no dejar\u00e1 abandonados a los vecinos de Puacura"},"content":{"rendered":"<p style=\"text-align: justify;\">Un llamado a la tranquilidad de las familias asegurando que el municipio est\u00e1 realizando todos los esfuerzos necesarios para salvaguardar la salud de quienes se ven afectados por la contaminaci\u00f3n de la empresa de cal en el sector de Puacura, hizo el alcalde de Castro Juan Eduardo Vera y en tono en\u00e9rgico llam\u00f3 a las autoridades de gobierno, y especialmente medioambientales, para que den respuestas pronto a la soluci\u00f3n que exigen los vecinos que, con justa molestia, ven amenazados sus derechos que la Constituci\u00f3n les entrega.<\/p>\n<p style=\"text-align: justify;\">Vera impugn\u00f3 a las autoridades para que den pronto esa soluci\u00f3n que los vecinos por a\u00f1os han esperado y que, seg\u00fan el edil, se han topado solamente con trabas burocr\u00e1ticas y cero respuestas claras y precisas en cuanto a la soluci\u00f3n misma de los problemas medioambientales y a la salud de las personas que provoca dicha empresa en Puacura.<\/p>\n<p style=\"text-align: justify;\">Asimismo expres\u00f3 su solidaridad con quienes protestan porque, para el edil, est\u00e1 en riesgo la salud de los vecinos. En tal sentido dio instrucciones a la administradora municipal para que, por la v\u00eda jur\u00eddica, se busque una soluci\u00f3n a esa problem\u00e1tica, pero en el menor tiempo posible \u201cporque el tiempo apremia y no queremos que nuestros vecinos vean afectada su salud\u201d, expres\u00f3.<\/p>\n<!--[if lt IE 9]><script>document.createElement('audio');<\/script><![endif]-->\n<audio class=\"wp-audio-shortcode\" id=\"audio-13257-1\" preload=\"none\" style=\"width: 100%;\" controls=\"controls\"><source type=\"audio\/mpeg\" src=\"http:\/\/www.castromunicipio.cl\/wp-content\/uploads\/2021\/08\/ALCALDE-VERA-Y-EMPRESA-DE-CAL.mp3?_=1\" \/><a href=\"http:\/\/www.castromunicipio.cl\/wp-content\/uploads\/2021\/08\/ALCALDE-VERA-Y-EMPRESA-DE-CAL.mp3\">http:\/\/www.castromunicipio.cl\/wp-content\/uploads\/2021\/08\/ALCALDE-VERA-Y-EMPRESA-DE-CAL.mp3<\/a><\/audio>\n<p style=\"text-align: justify;\">La administradora de Castro Municipio, por instrucciones del alcalde Juan Eduardo Vera, se reuni\u00f3 con los dirigentes del movimiento que busca las soluciones a su problem\u00e1tica y acordaron, refrendado en un documento con cuatro puntos centrales, que el 16 de este mes se determin\u00f3 realizar una mesa de trabajo dirigida a aportar todos los antecedentes que sean necesarios para la presentaci\u00f3n de un recurso de protecci\u00f3n, reuni\u00f3n que qued\u00f3 agendada para este viernes 20 de agosto.<\/p>\n<p style=\"text-align: justify;\">Asimismo se acord\u00f3 que en un plazo de 15 d\u00edas se presentar\u00e1 el recurso de protecci\u00f3n ante la Corte de Apelaciones de Puerto Montt y a petici\u00f3n de las dirigentes, la unidad jur\u00eddica de Castro Municipio evaluar\u00e1, adem\u00e1s, la factibilidad de otras medidas legales que puedan acompa\u00f1ar dicho recurso de protecci\u00f3n. Todo lo anterior qued\u00f3 refrendado en un documento que firman las dirigentes Br\u00edgida Vidal; Ana Andrade y la administradora municipal Isabel Bascu\u00f1an.<\/p>\n<p style=\"text-align: justify;\">Finalmente el alcalde Juan Eduardo Vera reiter\u00f3 el llamado a los vecinos y vecinas a mantener la tranquilidad que el municipio agotar\u00e1 todas las instancia legales tendientes a solucionar por esa v\u00eda el grave problema ambiental que se est\u00e1 generando a ra\u00edz de los malos olores producidos por la empresa Cal Austral del sector de Puacura.<\/p>\n<p><strong>Departamento de Comunicaciones y RR.PP.<\/strong><\/p>\n<p><strong>Castro, 01 de 2021<\/strong><\/p>\n","protected":false},"excerpt":{"rendered":"<p>Un llamado a la tranquilidad de las familias asegurando que el municipio est\u00e1 realizando todos los esfuerzos necesarios para salvaguardar la salud de quienes se ven afectados por la contaminaci\u00f3n de la empresa de cal en el sector de Puacura, hizo el alcalde de Castro Juan Eduardo Vera y en tono en\u00e9rgico llam\u00f3 a las [&hellip;]<\/p>\n","protected":false},"author":3,"featured_media":13262,"comment_status":"closed","ping_status":"closed","sticky":false,"template":"","format":"standard","meta":{"footnotes":""},"categories":[1],"tags":[],"class_list":["post-13257","post","type-post","status-publish","format-standard","has-post-thumbnail","hentry","category-noticias"],"publishpress_future_action":{"enabled":false,"date":"2026-05-05 09:37:07","action":"change-status","newStatus":"draft","terms":[],"taxonomy":"category"},"publishpress_future_workflow_manual_trigger":{"enabledWorkflows":[]},"_links":{"self":[{"href":"https:\/\/www.municipalidadcastro.cl\/index.php?rest_route=\/wp\/v2\/posts\/13257","targetHints":{"allow":["GET"]}}],"collection":[{"href":"https:\/\/www.municipalidadcastro.cl\/index.php?rest_route=\/wp\/v2\/posts"}],"about":[{"href":"https:\/\/www.municipalidadcastro.cl\/index.php?rest_route=\/wp\/v2\/types\/post"}],"author":[{"embeddable":true,"href":"https:\/\/www.municipalidadcastro.cl\/index.php?rest_route=\/wp\/v2\/users\/3"}],"replies":[{"embeddable":true,"href":"https:\/\/www.municipalidadcastro.cl\/index.php?rest_route=%2Fwp%2Fv2%2Fcomments&post=13257"}],"version-history":[{"count":1,"href":"https:\/\/www.municipalidadcastro.cl\/index.php?rest_route=\/wp\/v2\/posts\/13257\/revisions"}],"predecessor-version":[{"id":13266,"href":"https:\/\/www.municipalidadcastro.cl\/index.php?rest_route=\/wp\/v2\/posts\/13257\/revisions\/13266"}],"wp:featuredmedia":[{"embeddable":true,"href":"https:\/\/www.municipalidadcastro.cl\/index.php?rest_route=\/wp\/v2\/media\/13262"}],"wp:attachment":[{"href":"https:\/\/www.municipalidadcastro.cl\/index.php?rest_route=%2Fwp%2Fv2%2Fmedia&parent=13257"}],"wp:term":[{"taxonomy":"category","embeddable":true,"href":"https:\/\/www.municipalidadcastro.cl\/index.php?rest_route=%2Fwp%2Fv2%2Fcategories&post=13257"},{"taxonomy":"post_tag","embeddable":true,"href":"https:\/\/www.municipalidadcastro.cl\/index.php?rest_route=%2Fwp%2Fv2%2Ftags&post=13257"}],"curies":[{"name":"wp","href":"https:\/\/api.w.org\/{rel}","templated":true}]}}