{"id":13253,"date":"2021-08-18T11:51:32","date_gmt":"2021-08-18T14:51:32","guid":{"rendered":"http:\/\/www.castromunicipio.cl\/?p=13253"},"modified":"2021-08-18T11:51:32","modified_gmt":"2021-08-18T14:51:32","slug":"alcalde-vera-exige-al-minvu-certezas-para-cancelar-expropiaciones-a-vecinos","status":"publish","type":"post","link":"https:\/\/www.municipalidadcastro.cl\/?p=13253","title":{"rendered":"Alcalde Vera exige al Minvu certezas para cancelar expropiaciones a vecinos"},"content":{"rendered":"<p style=\"text-align: justify;\">Un potente y en\u00e9rgico llamado hizo el alcalde de Castro Juan Eduardo Vera al ministerio de Vivienda y Urbanismo y al SERVIU, para que cancele a la brevedad las expropiaciones que se realizaron a familias castre\u00f1as, expropiaciones necesarias para iniciar los trabajos de construcci\u00f3n de lo que ser\u00e1 la nueva avenida Galvarino Riveros Norte y que se extender\u00e1 por m\u00e1s de 3 kil\u00f3metros desde Pedro Montt hasta Pablo Neruda permitiendo con ello descongestionar el intenso tr\u00e1fico vehicular existente en la comuna.<\/p>\n<p style=\"text-align: justify;\">Dijo Vera que era hora que el Minvu entregu\u00e9 certezas a las cerca de 40 familias que debieron ser expropiadas y se les cancele a la brevedad esos recursos para comenzar a ejecutar el emblem\u00e1tico y moderno proyecto que implica una inversi\u00f3n de m\u00e1s de 9 mil millones de pesos.<\/p>\n<p style=\"text-align: justify;\">Explic\u00f3 el alcalde que en el mes de enero de este a\u00f1o ya el titular de la cartera ministerial le asegur\u00f3 el presupuesto de m\u00e1s de 9 mil millones para ejecutar ese proyecto \u201cestamos todos ilusionados, pero el constante reclamo de las familias cuyos lotes fueron expropiados nos hace pensar que, una vez m\u00e1s, la burocracia estatal est\u00e1 por sobre las necesidades de las personas\u201d, remarc\u00f3 la primera autoridad comunal.<\/p>\n<p style=\"text-align: justify;\">Dado lo anterior Vera asever\u00f3 que se est\u00e1 contactando con el ministro de la cartera de Vivienda para que entregue una respuesta clara, precisa y concisa respecto de cu\u00e1ndo se les podr\u00eda cancelar esos recursos a los vecinos afectados, pero por sobre todo asever\u00f3 que ya van casi cinco a\u00f1os del anuncio, con bombos y platillos, de la remodelaci\u00f3n completa\u00a0de avenida Galvarino Riveros Norte \u201cy a\u00fan estamos entrabados y eso no puede ser. Los castre\u00f1os necesitamos respuestas claras y precisas en relaci\u00f3n a cu\u00e1ndo comienza la construcci\u00f3n\u201d, remarc\u00f3 taxativamente el alcalde Juan Eduardo Vera.<\/p>\n<p style=\"text-align: justify;\">Para el alcalde Vera se trata de un proyecto emblem\u00e1tico de su gesti\u00f3n y detall\u00f3 que personalmente realiz\u00f3 gestiones ante el ministro del MOP, en primer lugar, y luego ante el Minvu con el \u00fanico objetivo de tener certezas de la aprobaci\u00f3n y destinaci\u00f3n de esos millonarios recursos que superan los 9 mil millones de pesos.<\/p>\n<!--[if lt IE 9]><script>document.createElement('audio');<\/script><![endif]-->\n<audio class=\"wp-audio-shortcode\" id=\"audio-13253-1\" preload=\"none\" style=\"width: 100%;\" controls=\"controls\"><source type=\"audio\/mpeg\" src=\"http:\/\/www.castromunicipio.cl\/wp-content\/uploads\/2021\/08\/ALCALDE-VERA-GALVARINO-NORTE.mp3?_=1\" \/><a href=\"http:\/\/www.castromunicipio.cl\/wp-content\/uploads\/2021\/08\/ALCALDE-VERA-GALVARINO-NORTE.mp3\">http:\/\/www.castromunicipio.cl\/wp-content\/uploads\/2021\/08\/ALCALDE-VERA-GALVARINO-NORTE.mp3<\/a><\/audio>\n<p style=\"text-align: justify;\">Indic\u00f3 tambi\u00e9n que se trata de la construcci\u00f3n de una doble v\u00eda y las cerca de 40 expropiaciones se hicieron para poder ensanchar la avenida Galvarino Riveros Norte y transformar esa arteria en una moderna v\u00eda, con est\u00e1ndares internacionales de construcci\u00f3n y seguridad, para descongestionar tambi\u00e9n el per\u00edmetro c\u00e9ntrico de la comuna.<\/p>\n<p><strong>Departamento de Comunicaciones y RR.PP.<\/strong><\/p>\n<p><strong>Castro, agosto 18 de 2021<\/strong><\/p>\n<p><strong>\u00a0<\/strong><\/p>\n","protected":false},"excerpt":{"rendered":"<p>Un potente y en\u00e9rgico llamado hizo el alcalde de Castro Juan Eduardo Vera al ministerio de Vivienda y Urbanismo y al SERVIU, para que cancele a la brevedad las expropiaciones que se realizaron a familias castre\u00f1as, expropiaciones necesarias para iniciar los trabajos de construcci\u00f3n de lo que ser\u00e1 la nueva avenida Galvarino Riveros Norte y [&hellip;]<\/p>\n","protected":false},"author":3,"featured_media":13255,"comment_status":"closed","ping_status":"closed","sticky":false,"template":"","format":"standard","meta":{"footnotes":""},"categories":[1],"tags":[],"class_list":["post-13253","post","type-post","status-publish","format-standard","has-post-thumbnail","hentry","category-noticias"],"publishpress_future_action":{"enabled":false,"date":"2026-05-05 08:23:11","action":"change-status","newStatus":"draft","terms":[],"taxonomy":"category"},"publishpress_future_workflow_manual_trigger":{"enabledWorkflows":[]},"_links":{"self":[{"href":"https:\/\/www.municipalidadcastro.cl\/index.php?rest_route=\/wp\/v2\/posts\/13253","targetHints":{"allow":["GET"]}}],"collection":[{"href":"https:\/\/www.municipalidadcastro.cl\/index.php?rest_route=\/wp\/v2\/posts"}],"about":[{"href":"https:\/\/www.municipalidadcastro.cl\/index.php?rest_route=\/wp\/v2\/types\/post"}],"author":[{"embeddable":true,"href":"https:\/\/www.municipalidadcastro.cl\/index.php?rest_route=\/wp\/v2\/users\/3"}],"replies":[{"embeddable":true,"href":"https:\/\/www.municipalidadcastro.cl\/index.php?rest_route=%2Fwp%2Fv2%2Fcomments&post=13253"}],"version-history":[{"count":1,"href":"https:\/\/www.municipalidadcastro.cl\/index.php?rest_route=\/wp\/v2\/posts\/13253\/revisions"}],"predecessor-version":[{"id":13256,"href":"https:\/\/www.municipalidadcastro.cl\/index.php?rest_route=\/wp\/v2\/posts\/13253\/revisions\/13256"}],"wp:featuredmedia":[{"embeddable":true,"href":"https:\/\/www.municipalidadcastro.cl\/index.php?rest_route=\/wp\/v2\/media\/13255"}],"wp:attachment":[{"href":"https:\/\/www.municipalidadcastro.cl\/index.php?rest_route=%2Fwp%2Fv2%2Fmedia&parent=13253"}],"wp:term":[{"taxonomy":"category","embeddable":true,"href":"https:\/\/www.municipalidadcastro.cl\/index.php?rest_route=%2Fwp%2Fv2%2Fcategories&post=13253"},{"taxonomy":"post_tag","embeddable":true,"href":"https:\/\/www.municipalidadcastro.cl\/index.php?rest_route=%2Fwp%2Fv2%2Ftags&post=13253"}],"curies":[{"name":"wp","href":"https:\/\/api.w.org\/{rel}","templated":true}]}}