{"id":13247,"date":"2021-08-18T10:51:59","date_gmt":"2021-08-18T13:51:59","guid":{"rendered":"http:\/\/www.castromunicipio.cl\/?p=13247"},"modified":"2021-08-18T10:53:35","modified_gmt":"2021-08-18T13:53:35","slug":"castro-ciudad-base-para-el-turismo-nacional-e-internacional","status":"publish","type":"post","link":"https:\/\/www.municipalidadcastro.cl\/?p=13247","title":{"rendered":"Castro ciudad base para el turismo nacional e internacional."},"content":{"rendered":"<p style=\"text-align: justify;\">Para el alcalde de Castro Juan Eduardo Vera, nada es al azar especialmente cuando se posiciona a la comuna en las m\u00e1s altas esferas de referencia tur\u00edstica a nivel nacional.<\/p>\n<p style=\"text-align: justify;\">As\u00ed se refiri\u00f3 la primera autoridad al resaltar a la comuna capital de la provincia de Chilo\u00e9, como ciudad base, central y muy bien equipada con \u201cfunciones comerciales, financieras, educativas, tur\u00edsticas, culturales y sociales\u201d de acuerdo con la plataforma virtual del ministerio de Econom\u00eda \u201cData Turismo Chile\u201d que a trav\u00e9s de la subsecretar\u00eda de turismo y el Sernatur posicionan a la comuna del r\u00edo Gamboa como un destino tur\u00edstico importante a nivel nacional.<\/p>\n<!--[if lt IE 9]><script>document.createElement('audio');<\/script><![endif]-->\n<audio class=\"wp-audio-shortcode\" id=\"audio-13247-1\" preload=\"none\" style=\"width: 100%;\" controls=\"controls\"><source type=\"audio\/mpeg\" src=\"http:\/\/www.castromunicipio.cl\/wp-content\/uploads\/2021\/08\/ALCALDE-VERA-CASTRO-CIUDAD-BASE-TURISMO.mp3?_=1\" \/><a href=\"http:\/\/www.castromunicipio.cl\/wp-content\/uploads\/2021\/08\/ALCALDE-VERA-CASTRO-CIUDAD-BASE-TURISMO.mp3\">http:\/\/www.castromunicipio.cl\/wp-content\/uploads\/2021\/08\/ALCALDE-VERA-CASTRO-CIUDAD-BASE-TURISMO.mp3<\/a><\/audio>\n<p style=\"text-align: justify;\">Se trata de una plataforma virtual que provee informaci\u00f3n sobre el estado de operatividad de los atractivos tur\u00edsticos del pa\u00eds (seg\u00fan priorizaci\u00f3n por las direcciones regionales de Sernatur) en el contexto sanitario del Covid-19, y la evoluci\u00f3n de los casos nuevos activos en Chile.<\/p>\n<p style=\"text-align: justify;\">Bajo este escenario en toda la provincia de Chilo\u00e9 aparecen como atractivos tur\u00edsticos\u00a0priorizados y operativos: Pu\u00f1ihuil, Ancud; el parque nacional Chilo\u00e9, Chonchi, y Castro como ciudad base.<\/p>\n<figure id=\"attachment_13248\" aria-describedby=\"caption-attachment-13248\" style=\"width: 300px\" class=\"wp-caption alignleft\"><img loading=\"lazy\" decoding=\"async\" class=\"wp-image-13248 size-medium\" src=\"http:\/\/www.castromunicipio.cl\/wp-content\/uploads\/2021\/08\/IGLESIA-CASTRO-300x200.jpg\" alt=\"\" width=\"300\" height=\"200\" srcset=\"https:\/\/www.municipalidadcastro.cl\/wp-content\/uploads\/2021\/08\/IGLESIA-CASTRO-300x200.jpg 300w, https:\/\/www.municipalidadcastro.cl\/wp-content\/uploads\/2021\/08\/IGLESIA-CASTRO-1024x683.jpg 1024w, https:\/\/www.municipalidadcastro.cl\/wp-content\/uploads\/2021\/08\/IGLESIA-CASTRO-768x512.jpg 768w, https:\/\/www.municipalidadcastro.cl\/wp-content\/uploads\/2021\/08\/IGLESIA-CASTRO-1536x1024.jpg 1536w, https:\/\/www.municipalidadcastro.cl\/wp-content\/uploads\/2021\/08\/IGLESIA-CASTRO-750x500.jpg 750w, https:\/\/www.municipalidadcastro.cl\/wp-content\/uploads\/2021\/08\/IGLESIA-CASTRO-1140x760.jpg 1140w, https:\/\/www.municipalidadcastro.cl\/wp-content\/uploads\/2021\/08\/IGLESIA-CASTRO.jpg 1620w\" sizes=\"auto, (max-width: 300px) 100vw, 300px\" \/><figcaption id=\"caption-attachment-13248\" class=\"wp-caption-text\">Alcalde Juan Eduardo Vera resalt\u00f3 la importancia de estar inserta como comuna en plataforma virtual \u201cData Turismo Chile\u201d del ministerio de Econom\u00eda.<\/figcaption><\/figure>\n<p style=\"text-align: justify;\">\u201cEsto no es al azar. Esto responde a un trabajo a conciencia que se ha realizado desde Castro Municipio con acciones concretas como las plataformas\u00a0<a href=\"http:\/\/manoschilotas.cl\/\">manoschilotas.cl<\/a>, capacitaciones, entrega de material para difundir el protocolo COVID, las renovaciones de los miradores, impulso de iniciativas tur\u00edsticas en las islas Chel\u00edn y Quehui, entre otras muchas iniciativas que hemos impulsado desde el municipio en plena pandemia del Covid-19\u201d, asegur\u00f3 el alcalde de Castro Juan Eduardo Vera.<\/p>\n<p style=\"text-align: justify;\">A todo lo anterior se suma el compromiso de\u00a0Castro Municipio con el turismo de convenciones y encuentros masivos para desarrollar en Castro los denominados Convention Bureau, que es una entidad de car\u00e1cter p\u00fablico que se encarga de la\u00a0promoci\u00f3n del destino tur\u00edstico que representa como lugar id\u00f3neo para acoger eventos profesionales de acuerdo al convenio suscrito en 2019,\u00a0\u201cQueremos ser el faro que inspire y una el trabajo entre las comunas de nuestra provincia para convertir al archipi\u00e9lago de Chilo\u00e9 en uno de los destinos principales a nivel nacional e internacional\u201d, sostuvo sobre el particular el alcalde de la comuna de Castro.<\/p>\n<p style=\"text-align: justify;\">Acot\u00f3 finalmente el edil que la plataforma virtual del ministerio de Econom\u00eda \u201cData Turismo Chile\u201d le entrega una importancia vital para lo que se est\u00e1 trabajando en la capital provincial en cuanto a desarrollar el turismo como principal eje de nuestra econom\u00eda local \u201cCastro no solo posee las condiciones para ser un gran atractivo para turistas y visitantes, sino que tambi\u00e9n para quienes quieren invertir. La variedad de paisajes, la calidad de los servicios, la cercan\u00eda con el aeropuerto y la ubicaci\u00f3n inigualable\u00a0 transforma a Castro en un punto focal y una buena\u00a0oportunidad y esta es una muy buena noticia que hemos recibido y que fue masificada por varios medios de comunicaci\u00f3n con cobertura nacional e internacional\u201d, concluy\u00f3 el alcalde de la comuna de Castro Juan Eduardo Vera.<\/p>\n<p><strong>Departamento de Comunicaciones y RR.PP.<\/strong><\/p>\n<p><strong>Castro, agosto 18 de 2021<\/strong><\/p>\n","protected":false},"excerpt":{"rendered":"<p>Para el alcalde de Castro Juan Eduardo Vera, nada es al azar especialmente cuando se posiciona a la comuna en las m\u00e1s altas esferas de referencia tur\u00edstica a nivel nacional. As\u00ed se refiri\u00f3 la primera autoridad al resaltar a la comuna capital de la provincia de Chilo\u00e9, como ciudad base, central y muy bien equipada [&hellip;]<\/p>\n","protected":false},"author":3,"featured_media":13251,"comment_status":"closed","ping_status":"closed","sticky":false,"template":"","format":"standard","meta":{"footnotes":""},"categories":[1],"tags":[],"class_list":["post-13247","post","type-post","status-publish","format-standard","has-post-thumbnail","hentry","category-noticias"],"publishpress_future_action":{"enabled":false,"date":"2026-05-05 07:06:21","action":"change-status","newStatus":"draft","terms":[],"taxonomy":"category"},"publishpress_future_workflow_manual_trigger":{"enabledWorkflows":[]},"_links":{"self":[{"href":"https:\/\/www.municipalidadcastro.cl\/index.php?rest_route=\/wp\/v2\/posts\/13247","targetHints":{"allow":["GET"]}}],"collection":[{"href":"https:\/\/www.municipalidadcastro.cl\/index.php?rest_route=\/wp\/v2\/posts"}],"about":[{"href":"https:\/\/www.municipalidadcastro.cl\/index.php?rest_route=\/wp\/v2\/types\/post"}],"author":[{"embeddable":true,"href":"https:\/\/www.municipalidadcastro.cl\/index.php?rest_route=\/wp\/v2\/users\/3"}],"replies":[{"embeddable":true,"href":"https:\/\/www.municipalidadcastro.cl\/index.php?rest_route=%2Fwp%2Fv2%2Fcomments&post=13247"}],"version-history":[{"count":1,"href":"https:\/\/www.municipalidadcastro.cl\/index.php?rest_route=\/wp\/v2\/posts\/13247\/revisions"}],"predecessor-version":[{"id":13250,"href":"https:\/\/www.municipalidadcastro.cl\/index.php?rest_route=\/wp\/v2\/posts\/13247\/revisions\/13250"}],"wp:featuredmedia":[{"embeddable":true,"href":"https:\/\/www.municipalidadcastro.cl\/index.php?rest_route=\/wp\/v2\/media\/13251"}],"wp:attachment":[{"href":"https:\/\/www.municipalidadcastro.cl\/index.php?rest_route=%2Fwp%2Fv2%2Fmedia&parent=13247"}],"wp:term":[{"taxonomy":"category","embeddable":true,"href":"https:\/\/www.municipalidadcastro.cl\/index.php?rest_route=%2Fwp%2Fv2%2Fcategories&post=13247"},{"taxonomy":"post_tag","embeddable":true,"href":"https:\/\/www.municipalidadcastro.cl\/index.php?rest_route=%2Fwp%2Fv2%2Ftags&post=13247"}],"curies":[{"name":"wp","href":"https:\/\/api.w.org\/{rel}","templated":true}]}}