{"id":13241,"date":"2021-08-17T16:42:11","date_gmt":"2021-08-17T19:42:11","guid":{"rendered":"http:\/\/www.castromunicipio.cl\/?p=13241"},"modified":"2021-08-17T16:46:35","modified_gmt":"2021-08-17T19:46:35","slug":"alcalde-vera-agradecio-publicamente-el-tremendo-trabajo-que-han-realizado-en-pandemia-los-trabajadores-de-taxis-colectivos-de-la-comuna","status":"publish","type":"post","link":"https:\/\/www.municipalidadcastro.cl\/?p=13241","title":{"rendered":"Alcalde Vera agradeci\u00f3 p\u00fablicamente el tremendo trabajo que han realizado en pandemia los trabajadores de taxis colectivos de la comuna"},"content":{"rendered":"<p style=\"text-align: justify;\">Para dar el real significado que se merecen y al haberse celebrado el domingo \u00faltimo su d\u00eda nacional, el alcalde de Castro Juan Eduardo Vera agradeci\u00f3 por el tesonero y abnegado trabajo que han realizado durante esta pandemia, todos los trabajadores de taxis colectivos, oficio que calific\u00f3 el edil de importante para movilizar a la poblaci\u00f3n castre\u00f1a.<\/p>\n<p style=\"text-align: justify;\">Indic\u00f3 la primera autoridad comunal que estos trabajadores son un aliado que calific\u00f3 de clave para el transporte p\u00fablico, pero tambi\u00e9n reforz\u00f3 lo anterior aseverando que son los trabajadores de taxis colectivos quienes tambi\u00e9n alivianan a nuestra comuna, y toda la provincia de Chilo\u00e9, del estr\u00e9s que produce movilizar a miles de personas en el d\u00eda a d\u00eda.<\/p>\n<p style=\"text-align: justify;\">Asimismo Juan Eduardo Vera formul\u00f3 un llamado a las autoridades de gobierno y parlamentarios para que el devenir diario sea m\u00e1s llevadero por parte de estos trabajadores y en tal sentido pidi\u00f3 que se regule y que por ley se transformen en un transporte regular, y no como actualmente est\u00e1n tipificados.<\/p>\n<p style=\"text-align: justify;\">En tal sentido sostuvo que el trabajo en pandemia que han desarrollado ha sido \u201ctremendamente importante, han sido incluso solidarios y pro activos y eso, este alcalde, lo valora y agradece enormemente a nombre de todos los castre\u00f1os y castre\u00f1as\u201d, remarc\u00f3 Vera.<\/p>\n<!--[if lt IE 9]><script>document.createElement('audio');<\/script><![endif]-->\n<audio class=\"wp-audio-shortcode\" id=\"audio-13241-1\" preload=\"none\" style=\"width: 100%;\" controls=\"controls\"><source type=\"audio\/mpeg\" src=\"http:\/\/www.castromunicipio.cl\/wp-content\/uploads\/2021\/08\/ALCALDE-VERA-TAXIS-COLECTIVOS.mp3?_=1\" \/><a href=\"http:\/\/www.castromunicipio.cl\/wp-content\/uploads\/2021\/08\/ALCALDE-VERA-TAXIS-COLECTIVOS.mp3\">http:\/\/www.castromunicipio.cl\/wp-content\/uploads\/2021\/08\/ALCALDE-VERA-TAXIS-COLECTIVOS.mp3<\/a><\/audio>\n<p style=\"text-align: justify;\">Por su parte Lucy G\u00f3mez, presidenta de taxis colectivos de Castro, sostuvo que el gremio que preside ha sido bastante golpeado durante esta pandemia sumando a ello la poca ayuda del gobierno, pero agradeci\u00f3 p\u00fablicamente al municipio y al alcalde de Castro por la permanente preocupaci\u00f3n y colaboraci\u00f3n con los trabajadores de taxis colectivos.<\/p>\n<audio class=\"wp-audio-shortcode\" id=\"audio-13241-2\" preload=\"none\" style=\"width: 100%;\" controls=\"controls\"><source type=\"audio\/mpeg\" src=\"http:\/\/www.castromunicipio.cl\/wp-content\/uploads\/2021\/08\/LUCY-GOMEZ.mp3?_=2\" \/><a href=\"http:\/\/www.castromunicipio.cl\/wp-content\/uploads\/2021\/08\/LUCY-GOMEZ.mp3\">http:\/\/www.castromunicipio.cl\/wp-content\/uploads\/2021\/08\/LUCY-GOMEZ.mp3<\/a><\/audio>\n<p style=\"text-align: justify;\">Cabe hacer presente que el domingo \u00faltimo se realiz\u00f3, con motivo del aniversario de ese gremio, una reuni\u00f3n ampliada de celebraci\u00f3n del d\u00eda nacional de los trabajadores y las trabajadoras de taxis colectivos en la que tambi\u00e9n estuvo presente Eduardo Castillo, presidente nacional de La Confederaci\u00f3n de Taxis Colectivos y Transporte Menor de Chile CONTTRAMEN.<\/p>\n<p><strong>Departamento de Comunicaciones y RR.PP.<\/strong><\/p>\n<p><strong>Castro, agosto 17 de 2021<\/strong><\/p>\n","protected":false},"excerpt":{"rendered":"<p>Para dar el real significado que se merecen y al haberse celebrado el domingo \u00faltimo su d\u00eda nacional, el alcalde de Castro Juan Eduardo Vera agradeci\u00f3 por el tesonero y abnegado trabajo que han realizado durante esta pandemia, todos los trabajadores de taxis colectivos, oficio que calific\u00f3 el edil de importante para movilizar a la [&hellip;]<\/p>\n","protected":false},"author":3,"featured_media":13244,"comment_status":"closed","ping_status":"closed","sticky":false,"template":"","format":"standard","meta":{"footnotes":""},"categories":[1],"tags":[],"class_list":["post-13241","post","type-post","status-publish","format-standard","has-post-thumbnail","hentry","category-noticias"],"publishpress_future_action":{"enabled":false,"date":"2026-05-05 05:35:41","action":"change-status","newStatus":"draft","terms":[],"taxonomy":"category"},"publishpress_future_workflow_manual_trigger":{"enabledWorkflows":[]},"_links":{"self":[{"href":"https:\/\/www.municipalidadcastro.cl\/index.php?rest_route=\/wp\/v2\/posts\/13241","targetHints":{"allow":["GET"]}}],"collection":[{"href":"https:\/\/www.municipalidadcastro.cl\/index.php?rest_route=\/wp\/v2\/posts"}],"about":[{"href":"https:\/\/www.municipalidadcastro.cl\/index.php?rest_route=\/wp\/v2\/types\/post"}],"author":[{"embeddable":true,"href":"https:\/\/www.municipalidadcastro.cl\/index.php?rest_route=\/wp\/v2\/users\/3"}],"replies":[{"embeddable":true,"href":"https:\/\/www.municipalidadcastro.cl\/index.php?rest_route=%2Fwp%2Fv2%2Fcomments&post=13241"}],"version-history":[{"count":1,"href":"https:\/\/www.municipalidadcastro.cl\/index.php?rest_route=\/wp\/v2\/posts\/13241\/revisions"}],"predecessor-version":[{"id":13245,"href":"https:\/\/www.municipalidadcastro.cl\/index.php?rest_route=\/wp\/v2\/posts\/13241\/revisions\/13245"}],"wp:featuredmedia":[{"embeddable":true,"href":"https:\/\/www.municipalidadcastro.cl\/index.php?rest_route=\/wp\/v2\/media\/13244"}],"wp:attachment":[{"href":"https:\/\/www.municipalidadcastro.cl\/index.php?rest_route=%2Fwp%2Fv2%2Fmedia&parent=13241"}],"wp:term":[{"taxonomy":"category","embeddable":true,"href":"https:\/\/www.municipalidadcastro.cl\/index.php?rest_route=%2Fwp%2Fv2%2Fcategories&post=13241"},{"taxonomy":"post_tag","embeddable":true,"href":"https:\/\/www.municipalidadcastro.cl\/index.php?rest_route=%2Fwp%2Fv2%2Ftags&post=13241"}],"curies":[{"name":"wp","href":"https:\/\/api.w.org\/{rel}","templated":true}]}}