{"id":13234,"date":"2021-08-17T10:29:34","date_gmt":"2021-08-17T13:29:34","guid":{"rendered":"http:\/\/www.castromunicipio.cl\/?p=13234"},"modified":"2021-08-17T10:29:34","modified_gmt":"2021-08-17T13:29:34","slug":"con-aforo-reducido-y-portando-pase-de-movilidad-centro-cultural-de-castro-vuelve-a-abrir-sus-puertas","status":"publish","type":"post","link":"https:\/\/www.municipalidadcastro.cl\/?p=13234","title":{"rendered":"Con aforo reducido y portando pase de movilidad: Centro Cultural de Castro vuelve a abrir sus puertas"},"content":{"rendered":"<p><em>Con un estricto protocolo, la reapertura se realizar\u00e1 el pr\u00f3ximo viernes 20 de agosto con el show en vivo de Horacio Rebolledo y El Tripulao.<\/em><\/p>\n<hr \/>\n<p>Despu\u00e9s de m\u00e1s de un a\u00f1o sin poder realizar actividades con p\u00fablico presencial, el m\u00edtico Centro Cultural de Castro de Serrano 320 al fin vuelve a abrir las puertas de su auditorio principal para eventos presenciales en espacios cerrados. La resoluci\u00f3n fue tomada por la Direcci\u00f3n de Cultura y Turismo de Castro Municipio siguiendo un estricto protocolo sanitario formulado en conjunto con la Autoridad Sanitaria.<\/p>\n<p>El director de Cultura y Turismo de Castro Municipio, Miguel S\u00e1nchez, enfatiz\u00f3 la responsabilidad encomendada por el alcalde de la comuna, para comenzar a reactivar las actividades dentro del Centro Cultural con un protocolo sanitario adecuado para resguardar a la comunidad castre\u00f1a: <em>\u201cToda esta situaci\u00f3n ha sido previamente conversada y tratada con la Autoridad Sanitaria a petici\u00f3n de nuestra primera autoridad comunal, el alcalde Juan Eduardo Vera, quien nos pide y nos exige poder entregar todos los resguardos que se puedan tomar a la ciudadan\u00eda y en este caso al p\u00fablico que va a venir a disfrutar de<\/em><em>l arte y la cultura en sus diferentes disciplinas\u201d, <\/em>recalc\u00f3 el director municipal.<\/p>\n<p>&nbsp;<\/p>\n<!--[if lt IE 9]><script>document.createElement('audio');<\/script><![endif]-->\n<audio class=\"wp-audio-shortcode\" id=\"audio-13234-1\" preload=\"none\" style=\"width: 100%;\" controls=\"controls\"><source type=\"audio\/mpeg\" src=\"http:\/\/www.castromunicipio.cl\/wp-content\/uploads\/2021\/08\/cuna-miguel-reapertura-cc.mp3?_=1\" \/><a href=\"http:\/\/www.castromunicipio.cl\/wp-content\/uploads\/2021\/08\/cuna-miguel-reapertura-cc.mp3\">http:\/\/www.castromunicipio.cl\/wp-content\/uploads\/2021\/08\/cuna-miguel-reapertura-cc.mp3<\/a><\/audio>\n<p>&nbsp;<\/p>\n<p>De esta manera, el sistema de reapertura del Centro Cultural de Castro para actividades masivas al interior del edificio considerar\u00e1 un aforo m\u00e1ximo de 60 personas en su auditorio principal, para asistentes que porten el Pase de Movilidad. A esta medida se suman las normativas b\u00e1sicas sanitarias impuestas durante la pandemia, tales como el control de temperatura y solicitud de datos generales para registro epidemiol\u00f3gico, uso obligatorio de la mascarilla, ubicaci\u00f3n fija y con distanciamiento f\u00edsico en butacas, y realizaci\u00f3n de actividades con m\u00e1ximo dos horas de duraci\u00f3n.<\/p>\n<h2><strong>Panoramas de este fin de semana <\/strong><\/h2>\n<p>As\u00ed, el Centro Cultural de Castro reinicia sus actividades con p\u00fablico presencial con el <a href=\"https:\/\/www.facebook.com\/culturamunicastro\/photos\/a.1566838080261195\/3000797600198562\/\"><strong>show en vivo de Horario Rebolledo y El Tripulao<\/strong><\/a>, banda local que estar\u00e1 presentando su nuevo disco \u201cA Penales\u201d, este <strong>pr\u00f3ximo viernes 20 de agosto, a las 20 horas, <\/strong>en el edificio de Serrano 320. El show de lanzamiento de este \u00e1lbum, que fue apoyado por el municipio a trav\u00e9s del Fondo Postproducci\u00f3n obra Art\u00edstica 2020, se encuentra con su reserva de butacas agotada, pero la comunidad castre\u00f1a tambi\u00e9n podr\u00e1 disfrutar del evento desde sus hogares por medio de la transmisi\u00f3n v\u00eda streaming disponible a trav\u00e9s del fanpage de Facebook de la direcci\u00f3n de Cultura y Turismo (CulturaMuniCastro).<\/p>\n<p>Asimismo, <strong>el pr\u00f3ximo s\u00e1bado 21 y domingo 22 se desarrollar\u00e1 la <a href=\"https:\/\/www.facebook.com\/culturamunicastro\/photos\/a.1566838080261195\/3002885626656426\/\">III Pe\u00f1a por el Folclor de Chile<\/a><\/strong>, que en su parrilla contemplar\u00e1 la presentaci\u00f3n de m\u00e1s de 10 conjuntos folcl\u00f3ricos locales. Las dos fechas de esta instancia producida por el \u00e1rea de Cultura Tradicional de la direcci\u00f3n de Cultura y Turismo de Castro Municipio se realizar\u00e1n desde las 19:30 a 21:30 horas, tambi\u00e9n en modalidad presencial con aforo m\u00e1ximo de 60 personas y v\u00eda streaming, a trav\u00e9s del fanpage de la direcci\u00f3n de Cultura y Turismo y el canal Castro Municipio TV. Para reserva de butacas, dirigirse al banner con el formulario en l\u00ednea disponible en <a href=\"http:\/\/www.castromunicipio.cl\">www.castromunicipio.cl<\/a>.<\/p>\n","protected":false},"excerpt":{"rendered":"<p>Con un estricto protocolo, la reapertura se realizar\u00e1 el pr\u00f3ximo viernes 20 de agosto con el show en vivo de Horacio Rebolledo y El Tripulao. Despu\u00e9s de m\u00e1s de un a\u00f1o sin poder realizar actividades con p\u00fablico presencial, el m\u00edtico Centro Cultural de Castro de Serrano 320 al fin vuelve a abrir las puertas de [&hellip;]<\/p>\n","protected":false},"author":10,"featured_media":13236,"comment_status":"closed","ping_status":"closed","sticky":false,"template":"","format":"standard","meta":{"footnotes":""},"categories":[1],"tags":[],"class_list":["post-13234","post","type-post","status-publish","format-standard","has-post-thumbnail","hentry","category-noticias"],"publishpress_future_action":{"enabled":false,"date":"2026-05-05 04:19:15","action":"change-status","newStatus":"draft","terms":[],"taxonomy":"category"},"publishpress_future_workflow_manual_trigger":{"enabledWorkflows":[]},"_links":{"self":[{"href":"https:\/\/www.municipalidadcastro.cl\/index.php?rest_route=\/wp\/v2\/posts\/13234","targetHints":{"allow":["GET"]}}],"collection":[{"href":"https:\/\/www.municipalidadcastro.cl\/index.php?rest_route=\/wp\/v2\/posts"}],"about":[{"href":"https:\/\/www.municipalidadcastro.cl\/index.php?rest_route=\/wp\/v2\/types\/post"}],"author":[{"embeddable":true,"href":"https:\/\/www.municipalidadcastro.cl\/index.php?rest_route=\/wp\/v2\/users\/10"}],"replies":[{"embeddable":true,"href":"https:\/\/www.municipalidadcastro.cl\/index.php?rest_route=%2Fwp%2Fv2%2Fcomments&post=13234"}],"version-history":[{"count":1,"href":"https:\/\/www.municipalidadcastro.cl\/index.php?rest_route=\/wp\/v2\/posts\/13234\/revisions"}],"predecessor-version":[{"id":13237,"href":"https:\/\/www.municipalidadcastro.cl\/index.php?rest_route=\/wp\/v2\/posts\/13234\/revisions\/13237"}],"wp:featuredmedia":[{"embeddable":true,"href":"https:\/\/www.municipalidadcastro.cl\/index.php?rest_route=\/wp\/v2\/media\/13236"}],"wp:attachment":[{"href":"https:\/\/www.municipalidadcastro.cl\/index.php?rest_route=%2Fwp%2Fv2%2Fmedia&parent=13234"}],"wp:term":[{"taxonomy":"category","embeddable":true,"href":"https:\/\/www.municipalidadcastro.cl\/index.php?rest_route=%2Fwp%2Fv2%2Fcategories&post=13234"},{"taxonomy":"post_tag","embeddable":true,"href":"https:\/\/www.municipalidadcastro.cl\/index.php?rest_route=%2Fwp%2Fv2%2Ftags&post=13234"}],"curies":[{"name":"wp","href":"https:\/\/api.w.org\/{rel}","templated":true}]}}