{"id":13184,"date":"2021-08-13T09:46:30","date_gmt":"2021-08-13T12:46:30","guid":{"rendered":"http:\/\/www.castromunicipio.cl\/?p=13184"},"modified":"2021-08-13T09:46:30","modified_gmt":"2021-08-13T12:46:30","slug":"castro-vuelven-las-capacitaciones-presenciales-despues-de-un-largo-periodo-de-confinamiento-social","status":"publish","type":"post","link":"https:\/\/www.municipalidadcastro.cl\/?p=13184","title":{"rendered":"Castro: vuelven las capacitaciones presenciales despu\u00e9s de un largo periodo de confinamiento social"},"content":{"rendered":"<p>&nbsp;<\/p>\n<p>&nbsp;<\/p>\n<p style=\"text-align: center\"><em>Con la presencia del alcalde Juan Eduardo Vera, se dio el vamos al curso de <\/em>Corte y Confecci\u00f3n, el cual se dictar\u00e1 <em>en la sede de la junta de vecinos del sector Pedro Montt 2 de la ciudad de Castro.<\/em><\/p>\n<p><img loading=\"lazy\" decoding=\"async\" class=\"alignnone size-medium wp-image-13204 alignleft\" src=\"http:\/\/www.castromunicipio.cl\/wp-content\/uploads\/2021\/08\/CORTE-Y-CONFECCION-2-186x300.jpeg\" alt=\"\" width=\"186\" height=\"300\" srcset=\"https:\/\/www.municipalidadcastro.cl\/wp-content\/uploads\/2021\/08\/CORTE-Y-CONFECCION-2-186x300.jpeg 186w, https:\/\/www.municipalidadcastro.cl\/wp-content\/uploads\/2021\/08\/CORTE-Y-CONFECCION-2.jpeg 559w\" sizes=\"auto, (max-width: 186px) 100vw, 186px\" \/> <img loading=\"lazy\" decoding=\"async\" class=\"alignnone size-medium wp-image-13205 alignleft\" src=\"http:\/\/www.castromunicipio.cl\/wp-content\/uploads\/2021\/08\/CORTE-Y-CONFECCION-3-201x300.jpeg\" alt=\"\" width=\"201\" height=\"300\" srcset=\"https:\/\/www.municipalidadcastro.cl\/wp-content\/uploads\/2021\/08\/CORTE-Y-CONFECCION-3-201x300.jpeg 201w, https:\/\/www.municipalidadcastro.cl\/wp-content\/uploads\/2021\/08\/CORTE-Y-CONFECCION-3.jpeg 576w\" sizes=\"auto, (max-width: 201px) 100vw, 201px\" \/> <img loading=\"lazy\" decoding=\"async\" class=\"alignnone size-medium wp-image-13206 alignleft\" src=\"http:\/\/www.castromunicipio.cl\/wp-content\/uploads\/2021\/08\/CORTE-Y-CONFECCION-4-199x300.jpeg\" alt=\"\" width=\"199\" height=\"300\" srcset=\"https:\/\/www.municipalidadcastro.cl\/wp-content\/uploads\/2021\/08\/CORTE-Y-CONFECCION-4-199x300.jpeg 199w, https:\/\/www.municipalidadcastro.cl\/wp-content\/uploads\/2021\/08\/CORTE-Y-CONFECCION-4.jpeg 571w\" sizes=\"auto, (max-width: 199px) 100vw, 199px\" \/><\/p>\n<p>&nbsp;<\/p>\n<p>&nbsp;<\/p>\n<p>&nbsp;<\/p>\n<p>&nbsp;<\/p>\n<p>&nbsp;<\/p>\n<p>&nbsp;<\/p>\n<p>&nbsp;<\/p>\n<p>&nbsp;<\/p>\n<p>&nbsp;<\/p>\n<p style=\"text-align: justify\">Despu\u00e9s de casi 18 meses de pandemia, que impidieron la ejecuci\u00f3n de actividades presenciales, el alcalde Juan Eduardo Vera, dio el vamos oficial a las capacitaciones gestionadas por Castro Municipio a trav\u00e9s de su oficina de Capacitaci\u00f3n y en alianza con la empresa Salmones Ant\u00e1rtica.<\/p>\n<p style=\"text-align: justify\">As\u00ed, el primer curso en debutar es el de Corte y Confecci\u00f3n, clase que se dictar\u00e1 en la sede de la junta de vecinos del sector Pedro Montt 2 de la ciudad de Castro. Respecto de esta iniciativa, la m\u00e1xima autoridad comunal, quien estuvo presente en el lanzamiento, reiter\u00f3 la importancia de\u00a0entregar herramientas a los vecinos de nuestra comuna para poder surgir y aportar con m\u00e1s ingresos en sus hogares.<\/p>\n<p style=\"text-align: justify\">En la cita,\u00a0el alcalde hizo entrega a cada una de las 25 alumnas, una m\u00e1quina de coser que les permitir\u00e1 desarrollar\u00a0de mejor manera su capacitaci\u00f3n, e iniciar en un futuro cercano, un emprendimiento que contribuya a mejorar la calidad de vida de sus familias.<\/p>\n<!--[if lt IE 9]><script>document.createElement('audio');<\/script><![endif]-->\n<audio class=\"wp-audio-shortcode\" id=\"audio-13184-1\" preload=\"none\" style=\"width: 100%;\" controls=\"controls\"><source type=\"audio\/mpeg\" src=\"http:\/\/www.castromunicipio.cl\/wp-content\/uploads\/2021\/08\/curso-corte-y-confeccion-alcalde-Vera.mp3?_=1\" \/><a href=\"http:\/\/www.castromunicipio.cl\/wp-content\/uploads\/2021\/08\/curso-corte-y-confeccion-alcalde-Vera.mp3\">http:\/\/www.castromunicipio.cl\/wp-content\/uploads\/2021\/08\/curso-corte-y-confeccion-alcalde-Vera.mp3<\/a><\/audio>\n<p><img loading=\"lazy\" decoding=\"async\" class=\"alignnone size-medium wp-image-13190\" src=\"http:\/\/www.castromunicipio.cl\/wp-content\/uploads\/2021\/08\/WhatsApp-Image-2021-08-12-at-4.34.44-PM-300x135.jpeg\" alt=\"\" width=\"300\" height=\"135\" srcset=\"https:\/\/www.municipalidadcastro.cl\/wp-content\/uploads\/2021\/08\/WhatsApp-Image-2021-08-12-at-4.34.44-PM-300x135.jpeg 300w, https:\/\/www.municipalidadcastro.cl\/wp-content\/uploads\/2021\/08\/WhatsApp-Image-2021-08-12-at-4.34.44-PM-1024x461.jpeg 1024w, https:\/\/www.municipalidadcastro.cl\/wp-content\/uploads\/2021\/08\/WhatsApp-Image-2021-08-12-at-4.34.44-PM-768x346.jpeg 768w, https:\/\/www.municipalidadcastro.cl\/wp-content\/uploads\/2021\/08\/WhatsApp-Image-2021-08-12-at-4.34.44-PM-1536x691.jpeg 1536w, https:\/\/www.municipalidadcastro.cl\/wp-content\/uploads\/2021\/08\/WhatsApp-Image-2021-08-12-at-4.34.44-PM-750x338.jpeg 750w, https:\/\/www.municipalidadcastro.cl\/wp-content\/uploads\/2021\/08\/WhatsApp-Image-2021-08-12-at-4.34.44-PM-1140x513.jpeg 1140w, https:\/\/www.municipalidadcastro.cl\/wp-content\/uploads\/2021\/08\/WhatsApp-Image-2021-08-12-at-4.34.44-PM.jpeg 1600w\" sizes=\"auto, (max-width: 300px) 100vw, 300px\" \/><img loading=\"lazy\" decoding=\"async\" class=\"alignnone size-medium wp-image-13189\" src=\"http:\/\/www.castromunicipio.cl\/wp-content\/uploads\/2021\/08\/WhatsApp-Image-2021-08-12-at-4.34.45-PM-300x135.jpeg\" alt=\"\" width=\"300\" height=\"135\" srcset=\"https:\/\/www.municipalidadcastro.cl\/wp-content\/uploads\/2021\/08\/WhatsApp-Image-2021-08-12-at-4.34.45-PM-300x135.jpeg 300w, https:\/\/www.municipalidadcastro.cl\/wp-content\/uploads\/2021\/08\/WhatsApp-Image-2021-08-12-at-4.34.45-PM-1024x461.jpeg 1024w, https:\/\/www.municipalidadcastro.cl\/wp-content\/uploads\/2021\/08\/WhatsApp-Image-2021-08-12-at-4.34.45-PM-768x346.jpeg 768w, https:\/\/www.municipalidadcastro.cl\/wp-content\/uploads\/2021\/08\/WhatsApp-Image-2021-08-12-at-4.34.45-PM-1536x691.jpeg 1536w, https:\/\/www.municipalidadcastro.cl\/wp-content\/uploads\/2021\/08\/WhatsApp-Image-2021-08-12-at-4.34.45-PM-750x338.jpeg 750w, https:\/\/www.municipalidadcastro.cl\/wp-content\/uploads\/2021\/08\/WhatsApp-Image-2021-08-12-at-4.34.45-PM-1140x513.jpeg 1140w, https:\/\/www.municipalidadcastro.cl\/wp-content\/uploads\/2021\/08\/WhatsApp-Image-2021-08-12-at-4.34.45-PM.jpeg 1600w\" sizes=\"auto, (max-width: 300px) 100vw, 300px\" \/><\/p>\n<p style=\"text-align: justify\">Por su parte, la alumna del actual curso de Corte y Confecci\u00f3n, Marina Villarroel, manifest\u00f3 su entusiasmo de volver a participar en estas iniciativas presenciales, y agradeci\u00f3 la oportunidad que Castro Municipio le brinda de aprender algo que hace mucho tiempo quer\u00eda hacer.<\/p>\n<p>&nbsp;<\/p>\n<audio class=\"wp-audio-shortcode\" id=\"audio-13184-2\" preload=\"none\" style=\"width: 100%;\" controls=\"controls\"><source type=\"audio\/mpeg\" src=\"http:\/\/www.castromunicipio.cl\/wp-content\/uploads\/2021\/08\/MARINA-VILLARROEL-ALUMNA-CORTE-Y-CONFECCION.mp3?_=2\" \/><a href=\"http:\/\/www.castromunicipio.cl\/wp-content\/uploads\/2021\/08\/MARINA-VILLARROEL-ALUMNA-CORTE-Y-CONFECCION.mp3\">http:\/\/www.castromunicipio.cl\/wp-content\/uploads\/2021\/08\/MARINA-VILLARROEL-ALUMNA-CORTE-Y-CONFECCION.mp3<\/a><\/audio>\n<p>&nbsp;<\/p>\n<p style=\"text-align: justify\">En la actividad se\u00a0explic\u00f3 que el plan comunal de capacitaciones que se ha desarrollado durante los \u00faltimos 4 a\u00f1os en la comuna de Castro, contempla el aumento de inversi\u00f3n de recursos para los y las vecinas de la comuna, es por ello que en\u00a0la situaci\u00f3n de crisis sanitaria vivida el \u00faltimo a\u00f1o y medio, la entrega de talleres, cursos y charlas no se detuvo, m\u00e1s bien fueron adaptados al formato digital.<\/p>\n<p style=\"text-align: justify\">Por \u00faltimo, desde la oficina municipal de Capacitaci\u00f3n se inform\u00f3 que, aunque los contagios de Covid 19 han disminuido y que actualmente la comuna de Castro se encuentra en fase 3, el curso de Corte y Confecci\u00f3n, se est\u00e1 realizando con todos los protocolos y medidas de seguridad establecidas por autoridad sanitaria, complementado con el requisito de contar con pase de movilidad por parte de sus participantes.<\/p>\n<p>&nbsp;<\/p>\n<p><img loading=\"lazy\" decoding=\"async\" class=\"size-medium wp-image-13203 aligncenter\" src=\"http:\/\/www.castromunicipio.cl\/wp-content\/uploads\/2021\/08\/CORTE-Y-CONFECCION-1-199x300.jpeg\" alt=\"\" width=\"199\" height=\"300\" srcset=\"https:\/\/www.municipalidadcastro.cl\/wp-content\/uploads\/2021\/08\/CORTE-Y-CONFECCION-1-199x300.jpeg 199w, https:\/\/www.municipalidadcastro.cl\/wp-content\/uploads\/2021\/08\/CORTE-Y-CONFECCION-1.jpeg 541w\" sizes=\"auto, (max-width: 199px) 100vw, 199px\" \/><\/p>\n<p>&nbsp;<\/p>\n<p style=\"text-align: center\"><strong>Departamento de Comunicaciones y RR.PP.<\/strong><\/p>\n<p style=\"text-align: center\"><strong>Castro, 12 de agosto 2021<\/strong><\/p>\n","protected":false},"excerpt":{"rendered":"<p>&nbsp; &nbsp; Con la presencia del alcalde Juan Eduardo Vera, se dio el vamos al curso de Corte y Confecci\u00f3n, el cual se dictar\u00e1 en la sede de la junta de vecinos del sector Pedro Montt 2 de la ciudad de Castro. &nbsp; &nbsp; &nbsp; &nbsp; &nbsp; &nbsp; &nbsp; &nbsp; &nbsp; Despu\u00e9s de casi 18 [&hellip;]<\/p>\n","protected":false},"author":10,"featured_media":13187,"comment_status":"closed","ping_status":"closed","sticky":false,"template":"","format":"standard","meta":{"footnotes":""},"categories":[1],"tags":[],"class_list":["post-13184","post","type-post","status-publish","format-standard","has-post-thumbnail","hentry","category-noticias"],"publishpress_future_action":{"enabled":false,"date":"2026-05-04 22:45:57","action":"change-status","newStatus":"draft","terms":[],"taxonomy":"category"},"publishpress_future_workflow_manual_trigger":{"enabledWorkflows":[]},"_links":{"self":[{"href":"https:\/\/www.municipalidadcastro.cl\/index.php?rest_route=\/wp\/v2\/posts\/13184","targetHints":{"allow":["GET"]}}],"collection":[{"href":"https:\/\/www.municipalidadcastro.cl\/index.php?rest_route=\/wp\/v2\/posts"}],"about":[{"href":"https:\/\/www.municipalidadcastro.cl\/index.php?rest_route=\/wp\/v2\/types\/post"}],"author":[{"embeddable":true,"href":"https:\/\/www.municipalidadcastro.cl\/index.php?rest_route=\/wp\/v2\/users\/10"}],"replies":[{"embeddable":true,"href":"https:\/\/www.municipalidadcastro.cl\/index.php?rest_route=%2Fwp%2Fv2%2Fcomments&post=13184"}],"version-history":[{"count":1,"href":"https:\/\/www.municipalidadcastro.cl\/index.php?rest_route=\/wp\/v2\/posts\/13184\/revisions"}],"predecessor-version":[{"id":13207,"href":"https:\/\/www.municipalidadcastro.cl\/index.php?rest_route=\/wp\/v2\/posts\/13184\/revisions\/13207"}],"wp:featuredmedia":[{"embeddable":true,"href":"https:\/\/www.municipalidadcastro.cl\/index.php?rest_route=\/wp\/v2\/media\/13187"}],"wp:attachment":[{"href":"https:\/\/www.municipalidadcastro.cl\/index.php?rest_route=%2Fwp%2Fv2%2Fmedia&parent=13184"}],"wp:term":[{"taxonomy":"category","embeddable":true,"href":"https:\/\/www.municipalidadcastro.cl\/index.php?rest_route=%2Fwp%2Fv2%2Fcategories&post=13184"},{"taxonomy":"post_tag","embeddable":true,"href":"https:\/\/www.municipalidadcastro.cl\/index.php?rest_route=%2Fwp%2Fv2%2Ftags&post=13184"}],"curies":[{"name":"wp","href":"https:\/\/api.w.org\/{rel}","templated":true}]}}