{"id":13169,"date":"2021-08-11T11:38:38","date_gmt":"2021-08-11T14:38:38","guid":{"rendered":"http:\/\/www.castromunicipio.cl\/?p=13169"},"modified":"2021-08-11T11:38:38","modified_gmt":"2021-08-11T14:38:38","slug":"juan-eduardo-vera-apunta-a-un-castro-mas-planificado-para-los-proximos-50-anos","status":"publish","type":"post","link":"https:\/\/www.municipalidadcastro.cl\/?p=13169","title":{"rendered":"Juan Eduardo Vera apunta a un Castro m\u00e1s planificado para los pr\u00f3ximos 50 a\u00f1os"},"content":{"rendered":"<p style=\"text-align: justify;\">\u201cUna mejor calidad de vida solo es posible si sentamos las bases, ahora, de planificaci\u00f3n que se necesitan, ma\u00f1ana puede ser muy tarde con la avalancha leg\u00edtima de inversiones que quieren llegar a la comuna, pero que hoy no estamos en condiciones de recibir.\u00a0Debemos ser capaces de dise\u00f1ar la ciudad del futuro, con planificaci\u00f3n y sin improvisaci\u00f3n\u201d.<\/p>\n<p style=\"text-align: justify;\"><strong>\u00a0<\/strong>As\u00ed lo sostuvo categ\u00f3ricamente el alcalde de Castro Juan Eduardo Vera al referirse a la necesidad imperiosa que existe de comenzar a planificar el futuro de Castro, pero con una planificaci\u00f3n estrat\u00e9gica del c\u00f3mo y hacia d\u00f3nde deber\u00eda apuntar ese desarrollo y para ello anunci\u00f3 que dentro de las pr\u00f3ximas semanas una empresa dedicada a esos temas podr\u00eda comenzar el trabajo que se requiere, aunque puntualiz\u00f3 que aquello se har\u00eda con participaci\u00f3n ciudadana \u201cporque entre todos tenemos que visualizar ese futuro y pensar el Castro de los pr\u00f3ximos 30 o 50 a\u00f1os\u201d, reforz\u00f3 la primera autoridad comunal.<\/p>\n<!--[if lt IE 9]><script>document.createElement('audio');<\/script><![endif]-->\n<audio class=\"wp-audio-shortcode\" id=\"audio-13169-1\" preload=\"none\" style=\"width: 100%;\" controls=\"controls\"><source type=\"audio\/mpeg\" src=\"http:\/\/www.castromunicipio.cl\/wp-content\/uploads\/2021\/08\/ALCALDE-VERA-CASTRO-FUTURO-01.mp3?_=1\" \/><a href=\"http:\/\/www.castromunicipio.cl\/wp-content\/uploads\/2021\/08\/ALCALDE-VERA-CASTRO-FUTURO-01.mp3\">http:\/\/www.castromunicipio.cl\/wp-content\/uploads\/2021\/08\/ALCALDE-VERA-CASTRO-FUTURO-01.mp3<\/a><\/audio>\n<p style=\"text-align: justify;\">En tal sentido asever\u00f3 que tenemos que ser capaces de dise\u00f1ar la ciudad del futuro, con planificaci\u00f3n y sin improvisaci\u00f3n. Hoy es complejo en una ciudad que sufre el colapso vehicular a diario acoger grandes inversiones, si no hay inversi\u00f3n previa en obras viales; dado que corremos el serio riesgo de un colapso, que puede terminar afectando la calidad de vida de todos nuestros vecinos.<\/p>\n<p style=\"text-align: justify;\">De acuerdo a lo anterior el alcalde Vera asever\u00f3 que lleg\u00f3 el momento de actuar y para ello hoy cuando debemos comenzar, todos juntos, a so\u00f1ar y proyectar el Castro que todos queremos.<\/p>\n<p style=\"text-align: justify;\">\u201cUna mejor calidad de vida solo es posible si sentamos las bases ahora de planificaci\u00f3n que se necesitan, ma\u00f1ana puede ser muy tarde con la avalancha leg\u00edtima de inversiones que quieren llegar a la comuna, pero que hoy no estamos en condiciones de recibir\u201d, aclaro puntualizando eso s\u00ed que la clave es planificar y dise\u00f1ar previamente qu\u00e9 es lo que queremos para Castro y no improvisar.<\/p>\n<audio class=\"wp-audio-shortcode\" id=\"audio-13169-2\" preload=\"none\" style=\"width: 100%;\" controls=\"controls\"><source type=\"audio\/mpeg\" src=\"http:\/\/www.castromunicipio.cl\/wp-content\/uploads\/2021\/08\/ALCALDE-VERA-CASTRO-FUTURO-02.mp3?_=2\" \/><a href=\"http:\/\/www.castromunicipio.cl\/wp-content\/uploads\/2021\/08\/ALCALDE-VERA-CASTRO-FUTURO-02.mp3\">http:\/\/www.castromunicipio.cl\/wp-content\/uploads\/2021\/08\/ALCALDE-VERA-CASTRO-FUTURO-02.mp3<\/a><\/audio>\n<p style=\"text-align: justify;\">Tales opiniones las plante\u00f3 el edil despu\u00e9s de reunirse telem\u00e1ticamente con algunos empresarios que desean invertir en la comuna, aclarando en ese aspecto que hoy es complejo en una ciudad que sufre el colapso vehicular a diario acoger grandes inversiones, si no hay una inversi\u00f3n previa en obras viales y para ello los profesionales de Castro Municipio est\u00e1n elaborando una serie de proyectos que van en esa l\u00ednea y que, necesariamente, requieren inversi\u00f3n estatal y caso contrario \u201ccorremos el serio riesgo de un colapso, que puede terminar afectando la calidad de vida de todos nuestros vecinos\u201d, indic\u00f3.<\/p>\n<audio class=\"wp-audio-shortcode\" id=\"audio-13169-3\" preload=\"none\" style=\"width: 100%;\" controls=\"controls\"><source type=\"audio\/mpeg\" src=\"http:\/\/www.castromunicipio.cl\/wp-content\/uploads\/2021\/08\/ALCALDE-VERA-CASTRO-FUTURO-03.mp3?_=3\" \/><a href=\"http:\/\/www.castromunicipio.cl\/wp-content\/uploads\/2021\/08\/ALCALDE-VERA-CASTRO-FUTURO-03.mp3\">http:\/\/www.castromunicipio.cl\/wp-content\/uploads\/2021\/08\/ALCALDE-VERA-CASTRO-FUTURO-03.mp3<\/a><\/audio>\n<p style=\"text-align: justify;\">Finalmente Juan Eduardo Vera asever\u00f3 que lleg\u00f3 el momento de actuar y para ello es hoy cuando se tiene que comenzar, todos juntos, a so\u00f1ar y proyectar el Castro que todos queremos reiterando finalmente que la clave es planificar y dise\u00f1ar previamente qu\u00e9 es lo que queremos para la comuna y no improvisar.<\/p>\n<p><strong>Departamento de Comunicaciones y RR.PP.<\/strong><\/p>\n<p><strong>Castro, agosto 11 de 2021<\/strong><\/p>\n<p><strong>\u00a0<\/strong><\/p>\n","protected":false},"excerpt":{"rendered":"<p>\u201cUna mejor calidad de vida solo es posible si sentamos las bases, ahora, de planificaci\u00f3n que se necesitan, ma\u00f1ana puede ser muy tarde con la avalancha leg\u00edtima de inversiones que quieren llegar a la comuna, pero que hoy no estamos en condiciones de recibir.\u00a0Debemos ser capaces de dise\u00f1ar la ciudad del futuro, con planificaci\u00f3n y [&hellip;]<\/p>\n","protected":false},"author":3,"featured_media":13173,"comment_status":"closed","ping_status":"closed","sticky":false,"template":"","format":"standard","meta":{"footnotes":""},"categories":[1],"tags":[],"class_list":["post-13169","post","type-post","status-publish","format-standard","has-post-thumbnail","hentry","category-noticias"],"publishpress_future_action":{"enabled":false,"date":"2026-05-04 18:31:50","action":"change-status","newStatus":"draft","terms":[],"taxonomy":"category"},"publishpress_future_workflow_manual_trigger":{"enabledWorkflows":[]},"_links":{"self":[{"href":"https:\/\/www.municipalidadcastro.cl\/index.php?rest_route=\/wp\/v2\/posts\/13169","targetHints":{"allow":["GET"]}}],"collection":[{"href":"https:\/\/www.municipalidadcastro.cl\/index.php?rest_route=\/wp\/v2\/posts"}],"about":[{"href":"https:\/\/www.municipalidadcastro.cl\/index.php?rest_route=\/wp\/v2\/types\/post"}],"author":[{"embeddable":true,"href":"https:\/\/www.municipalidadcastro.cl\/index.php?rest_route=\/wp\/v2\/users\/3"}],"replies":[{"embeddable":true,"href":"https:\/\/www.municipalidadcastro.cl\/index.php?rest_route=%2Fwp%2Fv2%2Fcomments&post=13169"}],"version-history":[{"count":1,"href":"https:\/\/www.municipalidadcastro.cl\/index.php?rest_route=\/wp\/v2\/posts\/13169\/revisions"}],"predecessor-version":[{"id":13174,"href":"https:\/\/www.municipalidadcastro.cl\/index.php?rest_route=\/wp\/v2\/posts\/13169\/revisions\/13174"}],"wp:featuredmedia":[{"embeddable":true,"href":"https:\/\/www.municipalidadcastro.cl\/index.php?rest_route=\/wp\/v2\/media\/13173"}],"wp:attachment":[{"href":"https:\/\/www.municipalidadcastro.cl\/index.php?rest_route=%2Fwp%2Fv2%2Fmedia&parent=13169"}],"wp:term":[{"taxonomy":"category","embeddable":true,"href":"https:\/\/www.municipalidadcastro.cl\/index.php?rest_route=%2Fwp%2Fv2%2Fcategories&post=13169"},{"taxonomy":"post_tag","embeddable":true,"href":"https:\/\/www.municipalidadcastro.cl\/index.php?rest_route=%2Fwp%2Fv2%2Ftags&post=13169"}],"curies":[{"name":"wp","href":"https:\/\/api.w.org\/{rel}","templated":true}]}}