{"id":13156,"date":"2021-08-10T11:31:57","date_gmt":"2021-08-10T14:31:57","guid":{"rendered":"http:\/\/www.castromunicipio.cl\/?p=13156"},"modified":"2021-08-10T11:31:57","modified_gmt":"2021-08-10T14:31:57","slug":"alcalde-vera-refrendo-ante-autoridades-regionales-la-necesidad-de-concretar-emblematicos-proyectos-para-la-comuna","status":"publish","type":"post","link":"https:\/\/www.municipalidadcastro.cl\/?p=13156","title":{"rendered":"Alcalde Vera refrend\u00f3 ante autoridades regionales la necesidad de concretar emblem\u00e1ticos proyectos para la comuna."},"content":{"rendered":"<p style=\"text-align: justify;\">Una extensa jornada de reuniones con diferentes autoridades regionales sostuvo en Puerto Montt el alcalde de Castro Juan Eduardo Vera, con la \u00fanica finalidad de realizar las gestiones necesarias para que los entes estatales puedan entregar el financiamiento necesario a m\u00faltiples obras de desarrollo que la comuna requiere con prioridad.<\/p>\n<figure id=\"attachment_13160\" aria-describedby=\"caption-attachment-13160\" style=\"width: 300px\" class=\"wp-caption alignleft\"><img loading=\"lazy\" decoding=\"async\" class=\"wp-image-13160 size-medium\" src=\"http:\/\/www.castromunicipio.cl\/wp-content\/uploads\/2021\/08\/ALCALDE-Y-SEREMI-MOP-300x224.jpg\" alt=\"\" width=\"300\" height=\"224\" srcset=\"https:\/\/www.municipalidadcastro.cl\/wp-content\/uploads\/2021\/08\/ALCALDE-Y-SEREMI-MOP-300x224.jpg 300w, https:\/\/www.municipalidadcastro.cl\/wp-content\/uploads\/2021\/08\/ALCALDE-Y-SEREMI-MOP-768x574.jpg 768w, https:\/\/www.municipalidadcastro.cl\/wp-content\/uploads\/2021\/08\/ALCALDE-Y-SEREMI-MOP-750x561.jpg 750w, https:\/\/www.municipalidadcastro.cl\/wp-content\/uploads\/2021\/08\/ALCALDE-Y-SEREMI-MOP.jpg 960w\" sizes=\"auto, (max-width: 300px) 100vw, 300px\" \/><figcaption id=\"caption-attachment-13160\" class=\"wp-caption-text\">Juan Eduardo Vera se reuni\u00f3 en Puerto Montt con representantes de diferentes ministerios sectoriales.<\/figcaption><\/figure>\n<p style=\"text-align: justify;\">Vera, acompa\u00f1ado de la directora de Secplan Javiera Vega, expuso las principales necesidades que en materia de obras p\u00fablicas son prioritarias para la comuna, entre las que destac\u00f3 el edil la continuaci\u00f3n de la pavimentaci\u00f3n de diferentes arterias del sector urbano, la pavimentaci\u00f3n de sectores rurales, el agua potable, el proyecto de remodelaci\u00f3n y construcci\u00f3n de un moderno borde costero en el sector de Ten Ten y, por supuesto, la construcci\u00f3n tambi\u00e9n, con est\u00e1ndares de calidad, de la costanera de Castro, \u201cproyecto en el cual avanzamos considerablemente y esperamos que antes de fin de a\u00f1o haya importantes novedades\u201d, sostuvo la primera autoridad comunal quien reafirm\u00f3 su compromiso para poder dotar a la capital provincial de una costanera acorde al siglo 21 y no solo para el disfrute de los castre\u00f1os, sino que de todos \u201cquienes nos visitan en invierno y verano. Ese es un proyecto prioritario para nosotros\u201d, afirm\u00f3.<\/p>\n<!--[if lt IE 9]><script>document.createElement('audio');<\/script><![endif]-->\n<audio class=\"wp-audio-shortcode\" id=\"audio-13156-1\" preload=\"none\" style=\"width: 100%;\" controls=\"controls\"><source type=\"audio\/mpeg\" src=\"http:\/\/www.castromunicipio.cl\/wp-content\/uploads\/2021\/08\/ALCALDE-VERA-PUERTO-01.mp3?_=1\" \/><a href=\"http:\/\/www.castromunicipio.cl\/wp-content\/uploads\/2021\/08\/ALCALDE-VERA-PUERTO-01.mp3\">http:\/\/www.castromunicipio.cl\/wp-content\/uploads\/2021\/08\/ALCALDE-VERA-PUERTO-01.mp3<\/a><\/audio>\n<p style=\"text-align: justify;\">En definitiva, con el seremi de Obras P\u00fablicas James Fry, Juan Eduardo Vera analiz\u00f3 21 proyectos que en conjunto se est\u00e1n trabajando agradeciendo p\u00fablicamente el compromiso que la autoridad regional tiene para colaborar con el progreso y desarrollo de la comuna de Castro.<\/p>\n<p style=\"text-align: justify;\">\u201cEntre otras reuniones que sostuvimos fue con el encargado regional de la Direcci\u00f3n General de Aguas (DGA) Javier Vidal con quien conversamos con la necesidad imperiosa para buscar soluciones a la problem\u00e1tica del agua potable en sectores rurales de la comuna, pero tambi\u00e9n tocamos puntualmente el proyecto de distribuci\u00f3n de agua potable para la localidad de Llicaldad, un hermoso proyecto que beneficiar\u00e1 a m\u00e1s de mil vecinos del sector\u201d, asever\u00f3 la primera autoridad comunal.<\/p>\n<audio class=\"wp-audio-shortcode\" id=\"audio-13156-2\" preload=\"none\" style=\"width: 100%;\" controls=\"controls\"><source type=\"audio\/mpeg\" src=\"http:\/\/www.castromunicipio.cl\/wp-content\/uploads\/2021\/08\/ALCALDE-VERA-PUERTO-02.mp3?_=2\" \/><a href=\"http:\/\/www.castromunicipio.cl\/wp-content\/uploads\/2021\/08\/ALCALDE-VERA-PUERTO-02.mp3\">http:\/\/www.castromunicipio.cl\/wp-content\/uploads\/2021\/08\/ALCALDE-VERA-PUERTO-02.mp3<\/a><\/audio>\n<p style=\"text-align: justify;\">Vera fue enf\u00e1tico en se\u00f1alar la importancia que tiene el trabajo en equipo que se desarrolla desde hace alg\u00fan tiempo entre el municipio, las comunidades y las propias autoridades de gobierno especialmente con la seremi de Obras P\u00fablicas aseverando que con gesti\u00f3n la comuna que preside seguir\u00e1 avanzando y cambiando para el bienestar y disfrute de todos sus habitantes.<\/p>\n<p><strong>Departamento de Comunicaciones y RR.PP.<\/strong><\/p>\n<p><strong>Castro, agosto 10 de 2021<\/strong><\/p>\n","protected":false},"excerpt":{"rendered":"<p>Una extensa jornada de reuniones con diferentes autoridades regionales sostuvo en Puerto Montt el alcalde de Castro Juan Eduardo Vera, con la \u00fanica finalidad de realizar las gestiones necesarias para que los entes estatales puedan entregar el financiamiento necesario a m\u00faltiples obras de desarrollo que la comuna requiere con prioridad. Vera, acompa\u00f1ado de la directora [&hellip;]<\/p>\n","protected":false},"author":3,"featured_media":13161,"comment_status":"closed","ping_status":"closed","sticky":false,"template":"","format":"standard","meta":{"footnotes":""},"categories":[1],"tags":[],"class_list":["post-13156","post","type-post","status-publish","format-standard","has-post-thumbnail","hentry","category-noticias"],"publishpress_future_action":{"enabled":false,"date":"2026-05-04 16:04:22","action":"change-status","newStatus":"draft","terms":[],"taxonomy":"category"},"publishpress_future_workflow_manual_trigger":{"enabledWorkflows":[]},"_links":{"self":[{"href":"https:\/\/www.municipalidadcastro.cl\/index.php?rest_route=\/wp\/v2\/posts\/13156","targetHints":{"allow":["GET"]}}],"collection":[{"href":"https:\/\/www.municipalidadcastro.cl\/index.php?rest_route=\/wp\/v2\/posts"}],"about":[{"href":"https:\/\/www.municipalidadcastro.cl\/index.php?rest_route=\/wp\/v2\/types\/post"}],"author":[{"embeddable":true,"href":"https:\/\/www.municipalidadcastro.cl\/index.php?rest_route=\/wp\/v2\/users\/3"}],"replies":[{"embeddable":true,"href":"https:\/\/www.municipalidadcastro.cl\/index.php?rest_route=%2Fwp%2Fv2%2Fcomments&post=13156"}],"version-history":[{"count":1,"href":"https:\/\/www.municipalidadcastro.cl\/index.php?rest_route=\/wp\/v2\/posts\/13156\/revisions"}],"predecessor-version":[{"id":13162,"href":"https:\/\/www.municipalidadcastro.cl\/index.php?rest_route=\/wp\/v2\/posts\/13156\/revisions\/13162"}],"wp:featuredmedia":[{"embeddable":true,"href":"https:\/\/www.municipalidadcastro.cl\/index.php?rest_route=\/wp\/v2\/media\/13161"}],"wp:attachment":[{"href":"https:\/\/www.municipalidadcastro.cl\/index.php?rest_route=%2Fwp%2Fv2%2Fmedia&parent=13156"}],"wp:term":[{"taxonomy":"category","embeddable":true,"href":"https:\/\/www.municipalidadcastro.cl\/index.php?rest_route=%2Fwp%2Fv2%2Fcategories&post=13156"},{"taxonomy":"post_tag","embeddable":true,"href":"https:\/\/www.municipalidadcastro.cl\/index.php?rest_route=%2Fwp%2Fv2%2Ftags&post=13156"}],"curies":[{"name":"wp","href":"https:\/\/api.w.org\/{rel}","templated":true}]}}