{"id":13154,"date":"2021-08-10T17:47:21","date_gmt":"2021-08-10T20:47:21","guid":{"rendered":"http:\/\/www.castromunicipio.cl\/?p=13154"},"modified":"2021-08-10T17:47:21","modified_gmt":"2021-08-10T20:47:21","slug":"castro-municipio-continua-impulsando-el-crecimiento-de-las-personas-a-traves-de-la-educacion","status":"publish","type":"post","link":"https:\/\/www.municipalidadcastro.cl\/?p=13154","title":{"rendered":"Castro Municipio contin\u00faa impulsando el crecimiento de las personas a trav\u00e9s de la educaci\u00f3n"},"content":{"rendered":"<p>&nbsp;<\/p>\n<p><strong>\u00a0<\/strong><\/p>\n<p style=\"text-align: center\"><em><strong>A trav\u00e9s de recursos municipales y alianzas estrat\u00e9gicas con el mundo p\u00fablico y privado, la actual administraci\u00f3n sigue ofreciendo capacitaciones e instancias de b\u00fasqueda de empleo para las vecinas y vecinos de la comuna.<\/strong><\/em><\/p>\n<p>&nbsp;<\/p>\n<p style=\"text-align: justify\">Con un curso de primeros auxilios para 20 personas de la comuna de Castro y m\u00e1s de 15 talleres y cursos online, se da continuidad al Programa de Capacitaciones y Apoyo, gestionado por la Omil de Castro Municipio, trabajo que responde a las necesidades de la comunidad y que busca mejorar la calidad de vida de las vecinas y vecinos.<\/p>\n<p style=\"text-align: justify\">As\u00ed lo resalt\u00f3 el encargado de la Omil de Castro Municipio, Rodrigo Nu\u00f1ez, quien record\u00f3 que, por solicitud del alcalde Vera, se reforzaron las instancias de apoyo, transformando todas las actividades presenciales a online, fortalecidas con 2 ferias laborales Sence y 4 Expo Empleo, organizadas por la municipalidad con la colaboraci\u00f3n del Instituto profesional AIEP. \u201cEl objetivo de todas estas iniciativas es entregar herramientas a las personas para que tengan m\u00e1s oportunidades laborales y as\u00ed poder mejorar su calidad de vida\u201d, enfatiz\u00f3 Nu\u00f1ez.<\/p>\n<p style=\"text-align: justify\">El funcionario municipal explic\u00f3 que en Castro Municipio se ha entendido la importancia del trabajo colaborativo en beneficio de la comunidad, es por ello que durante los \u00faltimos a\u00f1os se han fortalecido alianzas con empresas privadas e instituciones de educaci\u00f3n superior como Aiep y la Universidad Aut\u00f3noma, entidad que se integr\u00f3 a esta red de trabajo hace un par de meses atr\u00e1s.<\/p>\n<!--[if lt IE 9]><script>document.createElement('audio');<\/script><![endif]-->\n<audio class=\"wp-audio-shortcode\" id=\"audio-13154-1\" preload=\"none\" style=\"width: 100%;\" controls=\"controls\"><source type=\"audio\/mpeg\" src=\"http:\/\/www.castromunicipio.cl\/wp-content\/uploads\/2021\/08\/R.NUNEZ-gestion.mp3?_=1\" \/><a href=\"http:\/\/www.castromunicipio.cl\/wp-content\/uploads\/2021\/08\/R.NUNEZ-gestion.mp3\">http:\/\/www.castromunicipio.cl\/wp-content\/uploads\/2021\/08\/R.NUNEZ-gestion.mp3<\/a><\/audio>\n<p style=\"text-align: justify\"><strong>Nivelaci\u00f3n de Estudios<\/strong><\/p>\n<p>&nbsp;<\/p>\n<p><img loading=\"lazy\" decoding=\"async\" class=\"alignnone size-medium wp-image-13164\" src=\"http:\/\/www.castromunicipio.cl\/wp-content\/uploads\/2021\/08\/nivelacion-de-estudios-300x140.jpg\" alt=\"\" width=\"300\" height=\"140\" srcset=\"https:\/\/www.municipalidadcastro.cl\/wp-content\/uploads\/2021\/08\/nivelacion-de-estudios-300x140.jpg 300w, https:\/\/www.municipalidadcastro.cl\/wp-content\/uploads\/2021\/08\/nivelacion-de-estudios-1024x479.jpg 1024w, https:\/\/www.municipalidadcastro.cl\/wp-content\/uploads\/2021\/08\/nivelacion-de-estudios-768x359.jpg 768w, https:\/\/www.municipalidadcastro.cl\/wp-content\/uploads\/2021\/08\/nivelacion-de-estudios-750x351.jpg 750w, https:\/\/www.municipalidadcastro.cl\/wp-content\/uploads\/2021\/08\/nivelacion-de-estudios-1140x533.jpg 1140w, https:\/\/www.municipalidadcastro.cl\/wp-content\/uploads\/2021\/08\/nivelacion-de-estudios.jpg 1280w\" sizes=\"auto, (max-width: 300px) 100vw, 300px\" \/><\/p>\n<p style=\"text-align: justify\">Dar la oportunidad a personas mayores de 18 a\u00f1os, que no han podido terminar sus estudios en ense\u00f1anza b\u00e1sica y media en la comuna de Castro, es para la actual administraci\u00f3n, la base del trabajo municipal que busca fortalecer capacidades y oportunidades a trav\u00e9s de la educaci\u00f3n. Es as\u00ed como durante este fin de semana, 130 personas que integran el Programa de Nivelaci\u00f3n de Estudios de Castro rindieron el primer examen del a\u00f1o 2021.<\/p>\n<p style=\"text-align: justify\">En este sentido, el encargado de la Omil de Castro, se\u00f1al\u00f3 que durante los dos \u00faltimos a\u00f1os las clases se han tenido que realizar de manera online, mientras que los ex\u00e1menes deben ser tomados de forma presencial, con todos los protocolos y resguardos establecidos para prevenir el contagio del Covid-19.<\/p>\n<audio class=\"wp-audio-shortcode\" id=\"audio-13154-2\" preload=\"none\" style=\"width: 100%;\" controls=\"controls\"><source type=\"audio\/mpeg\" src=\"http:\/\/www.castromunicipio.cl\/wp-content\/uploads\/2021\/08\/R.NUNEZ-3.mp3?_=2\" \/><a href=\"http:\/\/www.castromunicipio.cl\/wp-content\/uploads\/2021\/08\/R.NUNEZ-3.mp3\">http:\/\/www.castromunicipio.cl\/wp-content\/uploads\/2021\/08\/R.NUNEZ-3.mp3<\/a><\/audio>\n<p style=\"text-align: justify\">La iniciativa llevada adelante por Castro Municipio, a trav\u00e9s de su OMIL por cuarto a\u00f1o consecutivo, es totalmente gratuita, y ha permitido que m\u00e1s de 300 personas adultas hayan podido terminar su ense\u00f1anza media, motivando a muchos de ellos a continuar con sus estudios superiores.<\/p>\n<p style=\"text-align: center\">Castro, 10 agosto 2021<\/p>\n<p style=\"text-align: justify\">\n","protected":false},"excerpt":{"rendered":"<p>&nbsp; \u00a0 A trav\u00e9s de recursos municipales y alianzas estrat\u00e9gicas con el mundo p\u00fablico y privado, la actual administraci\u00f3n sigue ofreciendo capacitaciones e instancias de b\u00fasqueda de empleo para las vecinas y vecinos de la comuna. &nbsp; Con un curso de primeros auxilios para 20 personas de la comuna de Castro y m\u00e1s de 15 [&hellip;]<\/p>\n","protected":false},"author":10,"featured_media":12881,"comment_status":"closed","ping_status":"closed","sticky":false,"template":"","format":"standard","meta":{"footnotes":""},"categories":[1],"tags":[],"class_list":["post-13154","post","type-post","status-publish","format-standard","has-post-thumbnail","hentry","category-noticias"],"publishpress_future_action":{"enabled":false,"date":"2026-05-04 17:13:35","action":"change-status","newStatus":"draft","terms":[],"taxonomy":"category"},"publishpress_future_workflow_manual_trigger":{"enabledWorkflows":[]},"_links":{"self":[{"href":"https:\/\/www.municipalidadcastro.cl\/index.php?rest_route=\/wp\/v2\/posts\/13154","targetHints":{"allow":["GET"]}}],"collection":[{"href":"https:\/\/www.municipalidadcastro.cl\/index.php?rest_route=\/wp\/v2\/posts"}],"about":[{"href":"https:\/\/www.municipalidadcastro.cl\/index.php?rest_route=\/wp\/v2\/types\/post"}],"author":[{"embeddable":true,"href":"https:\/\/www.municipalidadcastro.cl\/index.php?rest_route=\/wp\/v2\/users\/10"}],"replies":[{"embeddable":true,"href":"https:\/\/www.municipalidadcastro.cl\/index.php?rest_route=%2Fwp%2Fv2%2Fcomments&post=13154"}],"version-history":[{"count":1,"href":"https:\/\/www.municipalidadcastro.cl\/index.php?rest_route=\/wp\/v2\/posts\/13154\/revisions"}],"predecessor-version":[{"id":13168,"href":"https:\/\/www.municipalidadcastro.cl\/index.php?rest_route=\/wp\/v2\/posts\/13154\/revisions\/13168"}],"wp:featuredmedia":[{"embeddable":true,"href":"https:\/\/www.municipalidadcastro.cl\/index.php?rest_route=\/wp\/v2\/media\/12881"}],"wp:attachment":[{"href":"https:\/\/www.municipalidadcastro.cl\/index.php?rest_route=%2Fwp%2Fv2%2Fmedia&parent=13154"}],"wp:term":[{"taxonomy":"category","embeddable":true,"href":"https:\/\/www.municipalidadcastro.cl\/index.php?rest_route=%2Fwp%2Fv2%2Fcategories&post=13154"},{"taxonomy":"post_tag","embeddable":true,"href":"https:\/\/www.municipalidadcastro.cl\/index.php?rest_route=%2Fwp%2Fv2%2Ftags&post=13154"}],"curies":[{"name":"wp","href":"https:\/\/api.w.org\/{rel}","templated":true}]}}