{"id":13135,"date":"2021-08-09T11:16:12","date_gmt":"2021-08-09T14:16:12","guid":{"rendered":"http:\/\/www.castromunicipio.cl\/?p=13135"},"modified":"2021-08-10T16:36:55","modified_gmt":"2021-08-10T19:36:55","slug":"castro-municipio-invita-a-disfrutar-del-parque-municipal","status":"publish","type":"post","link":"https:\/\/www.municipalidadcastro.cl\/?p=13135","title":{"rendered":"Castro Municipio invita a disfrutar del Parque Municipal"},"content":{"rendered":"<p style=\"text-align: justify;\"><strong>El recinto, ubicado en el sector alto de la ciudad, se encuentra abierto a la comunidad, respetando los protocolos Covid-19 establecidos por la autoridad. <\/strong><\/p>\n<p style=\"text-align: justify;\">Ante la nueva fase del Plan Paso a Paso, y como una forma de potenciar las actividades al aire libre, con bajo riesgo de contagio y fomentar una vida saludable para todos los vecinos y vecinas, es que Castro Municipio informa a los vecinos de las distintas disposiciones para hacer uso del Parque Municipal.<\/p>\n<p style=\"text-align: justify;\">Santiago V\u00e9jar, funcionario de Fomento Productivo de Castro Municipio, explic\u00f3 que adem\u00e1s de buscar un impacto muy positivo en el bienestar f\u00edsico y mental de la comunidad, la actual administraci\u00f3n municipal, liderada por el alcalde Juan Eduardo Vera, invita a hacer uso de los distintos pulmones verdes que ofrece Castro.<\/p>\n<p style=\"text-align: justify;\">\u201cYo creo que unos de los grandes cambios que se dieron en esta administraci\u00f3n fue tratar de darle un uso los 365 d\u00edas del a\u00f1o. Se han hecho m\u00e1s actividades en el parque que lo que antiguamente se hac\u00edan, pero tambi\u00e9n el parque de a poco, a trav\u00e9s de una coadministraci\u00f3n Minvu-municipio, se la ha hecho una mantenci\u00f3n, lo que se puede notar en el tema de las \u00e1reas verdes, los senderos y que busca incentivar que la gente lo vaya a visitar todo el a\u00f1o\u201d, sostuvo.<\/p>\n<!--[if lt IE 9]><script>document.createElement('audio');<\/script><![endif]-->\n<audio class=\"wp-audio-shortcode\" id=\"audio-13135-1\" preload=\"none\" style=\"width: 100%;\" controls=\"controls\"><source type=\"audio\/mpeg\" src=\"http:\/\/www.castromunicipio.cl\/wp-content\/uploads\/2021\/08\/santiago-1-yo-creo-que-uno-de-los.mp3?_=1\" \/><a href=\"http:\/\/www.castromunicipio.cl\/wp-content\/uploads\/2021\/08\/santiago-1-yo-creo-que-uno-de-los.mp3\">http:\/\/www.castromunicipio.cl\/wp-content\/uploads\/2021\/08\/santiago-1-yo-creo-que-uno-de-los.mp3<\/a><\/audio>\n<p style=\"text-align: justify;\">Cabe se\u00f1alar que, si alguna agrupaci\u00f3n desea hacer uso de alg\u00fan espacio, debe efectuar una solicitud formal. \u201cSe puede hacer una solicitud de uso de parque, que se canaliza a trav\u00e9s del municipio y se coordina con el Serviu respetando el aforo, distanciamiento, lavado de manos y tambi\u00e9n se puede utilizar para otras actividades, que no solo sean caminatas. Pero hay que hacer hincapi\u00e9 que el parque tiene un aforo, el reglamento dice que en fase 3 son 200 personas si todos tienen el pase de movilidad, y si una persona no tiene, baja autom\u00e1ticamente a 100 personas\u201d, enfatiz\u00f3 V\u00e9jar.<\/p>\n<audio class=\"wp-audio-shortcode\" id=\"audio-13135-2\" preload=\"none\" style=\"width: 100%;\" controls=\"controls\"><source type=\"audio\/mpeg\" src=\"http:\/\/www.castromunicipio.cl\/wp-content\/uploads\/2021\/08\/horario-parque-2.mp3?_=2\" \/><a href=\"http:\/\/www.castromunicipio.cl\/wp-content\/uploads\/2021\/08\/horario-parque-2.mp3\">http:\/\/www.castromunicipio.cl\/wp-content\/uploads\/2021\/08\/horario-parque-2.mp3<\/a><\/audio>\n<p style=\"text-align: justify;\">Respecto del funcionamiento del recinto del Parque Municipal de Castro el profesional explic\u00f3 que este permanece abierto en un horario que se ampl\u00eda en \u00e9poca primavera-verano debido al mayor tiempo de luz natural. \u201cEl horario es de lunes a viernes entre las 10 de la ma\u00f1ana y las 18 horas y en primavera-verano, el horario es del 9 de la ma\u00f1ana a 21 horas, siempre y cuando no tengamos cambios en el plan Paso a Paso o de fuerza mayor, pero eso es lo que est\u00e1 aprobado hasta ahora\u201d, consign\u00f3.<\/p>\n<p>&nbsp;<\/p>\n<p style=\"text-align: justify;\"><strong>Fomento Productivo<\/strong><\/p>\n<p style=\"text-align: justify;\">La Direcci\u00f3n de Desarrollo Comunal (Dideco), a la cual pertenece Vejar, tambi\u00e9n est\u00e1 llevando a cabo otra serie de acciones con el objetivo de crear y fortalecer una actividad econ\u00f3mica sustentable. A trav\u00e9s de un trabajo directo y mancomunado con distintas organizaciones, se ha logrado, por ejemplo, poner en valor el patrimonio natural y cultural del e incentivar proyectos tur\u00edsticos familiares en las islas Quehui y Chel\u00edn.<\/p>\n<p style=\"text-align: justify;\">\u201cTenemos un trabajo bien bonito con tres cooperativas que se han formado que tienen que ver con servicios tur\u00edsticos, servicios agr\u00edcolas y pesqueros varias de esas vienen con apoyos de externos de servicios como Sercotec o Invespa. Tambi\u00e9n ha habido un trabajo con fundaci\u00f3n Chinquihue, con la oficina de pesca para microempresas de mujeres que tienen registro artesanal pesquero y que quieren obtener salas de proceso con resoluci\u00f3n sanitaria dentro de sus casas\u201d.<\/p>\n<audio class=\"wp-audio-shortcode\" id=\"audio-13135-3\" preload=\"none\" style=\"width: 100%;\" controls=\"controls\"><source type=\"audio\/mpeg\" src=\"http:\/\/www.castromunicipio.cl\/wp-content\/uploads\/2021\/08\/tenemos-un-trabajo-bien-bonito3.mp3?_=3\" \/><a href=\"http:\/\/www.castromunicipio.cl\/wp-content\/uploads\/2021\/08\/tenemos-un-trabajo-bien-bonito3.mp3\">http:\/\/www.castromunicipio.cl\/wp-content\/uploads\/2021\/08\/tenemos-un-trabajo-bien-bonito3.mp3<\/a><\/audio>\n<p style=\"text-align: justify;\">Con todo, agreg\u00f3 que como Dideco est\u00e1n apoyando a todo tipo de agrupaciones no solo en las islas, sino que en toda la comuna. \u201cEstamos trabajando tres l\u00edneas: una es la captaci\u00f3n de proyectos para que sigan fortaleciendo sus iniciativas; asesor\u00eda para la capacitaci\u00f3n de proyectos; y capacitaci\u00f3n para derivarlos a la oficina Omil, que tambi\u00e9n est\u00e1 en Dideco, tanto para sus emprendimientos individuales como grupales y el tema del contador\u201d, asever\u00f3.<\/p>\n<audio class=\"wp-audio-shortcode\" id=\"audio-13135-4\" preload=\"none\" style=\"width: 100%;\" controls=\"controls\"><source type=\"audio\/mpeg\" src=\"http:\/\/www.castromunicipio.cl\/wp-content\/uploads\/2021\/08\/Estamos-trabajando-tres-lines-4.mp3?_=4\" \/><a href=\"http:\/\/www.castromunicipio.cl\/wp-content\/uploads\/2021\/08\/Estamos-trabajando-tres-lines-4.mp3\">http:\/\/www.castromunicipio.cl\/wp-content\/uploads\/2021\/08\/Estamos-trabajando-tres-lines-4.mp3<\/a><\/audio>\n<p>&nbsp;<\/p>\n<p style=\"text-align: justify;\"><strong>Departamento de Comunicaciones y RR.PP.<\/strong><\/p>\n<p style=\"text-align: justify;\"><strong>Castro, 09 de agosto de 2021<\/strong><\/p>\n","protected":false},"excerpt":{"rendered":"<p>El recinto, ubicado en el sector alto de la ciudad, se encuentra abierto a la comunidad, respetando los protocolos Covid-19 establecidos por la autoridad. Ante la nueva fase del Plan Paso a Paso, y como una forma de potenciar las actividades al aire libre, con bajo riesgo de contagio y fomentar una vida saludable para [&hellip;]<\/p>\n","protected":false},"author":10,"featured_media":13145,"comment_status":"closed","ping_status":"closed","sticky":false,"template":"","format":"standard","meta":{"footnotes":""},"categories":[1],"tags":[],"class_list":["post-13135","post","type-post","status-publish","format-standard","has-post-thumbnail","hentry","category-noticias"],"publishpress_future_action":{"enabled":false,"date":"2026-05-04 14:38:49","action":"change-status","newStatus":"draft","terms":[],"taxonomy":"category"},"publishpress_future_workflow_manual_trigger":{"enabledWorkflows":[]},"_links":{"self":[{"href":"https:\/\/www.municipalidadcastro.cl\/index.php?rest_route=\/wp\/v2\/posts\/13135","targetHints":{"allow":["GET"]}}],"collection":[{"href":"https:\/\/www.municipalidadcastro.cl\/index.php?rest_route=\/wp\/v2\/posts"}],"about":[{"href":"https:\/\/www.municipalidadcastro.cl\/index.php?rest_route=\/wp\/v2\/types\/post"}],"author":[{"embeddable":true,"href":"https:\/\/www.municipalidadcastro.cl\/index.php?rest_route=\/wp\/v2\/users\/10"}],"replies":[{"embeddable":true,"href":"https:\/\/www.municipalidadcastro.cl\/index.php?rest_route=%2Fwp%2Fv2%2Fcomments&post=13135"}],"version-history":[{"count":4,"href":"https:\/\/www.municipalidadcastro.cl\/index.php?rest_route=\/wp\/v2\/posts\/13135\/revisions"}],"predecessor-version":[{"id":13167,"href":"https:\/\/www.municipalidadcastro.cl\/index.php?rest_route=\/wp\/v2\/posts\/13135\/revisions\/13167"}],"wp:featuredmedia":[{"embeddable":true,"href":"https:\/\/www.municipalidadcastro.cl\/index.php?rest_route=\/wp\/v2\/media\/13145"}],"wp:attachment":[{"href":"https:\/\/www.municipalidadcastro.cl\/index.php?rest_route=%2Fwp%2Fv2%2Fmedia&parent=13135"}],"wp:term":[{"taxonomy":"category","embeddable":true,"href":"https:\/\/www.municipalidadcastro.cl\/index.php?rest_route=%2Fwp%2Fv2%2Fcategories&post=13135"},{"taxonomy":"post_tag","embeddable":true,"href":"https:\/\/www.municipalidadcastro.cl\/index.php?rest_route=%2Fwp%2Fv2%2Ftags&post=13135"}],"curies":[{"name":"wp","href":"https:\/\/api.w.org\/{rel}","templated":true}]}}