{"id":13111,"date":"2021-08-05T12:03:36","date_gmt":"2021-08-05T15:03:36","guid":{"rendered":"http:\/\/www.castromunicipio.cl\/?p=13111"},"modified":"2021-08-05T12:03:36","modified_gmt":"2021-08-05T15:03:36","slug":"alcalde-vera-trabaja-para-que-castro-sea-la-capital-del-deporte-chilote","status":"publish","type":"post","link":"https:\/\/www.municipalidadcastro.cl\/?p=13111","title":{"rendered":"Alcalde Vera trabaja para que Castro sea la capital del deporte chilote."},"content":{"rendered":"<p style=\"text-align: justify;\">Para el alcalde de Castro Juan Eduardo Vera la comuna avanza a pasos agigantados y, en tal sentido, asegur\u00f3 que est\u00e1n trabajando fuertemente para transformar a la comuna en la capital provincial del deporte, fomentando y apoyando a todas las disciplinas que involucra la actividad y al respecto puntualiz\u00f3 que \u201ccontamos con una infraestructura deportiva que permite brindar las condiciones para diversas disciplinas\u201d, sostuvo el edil.<\/p>\n<p style=\"text-align: justify;\">Lo anterior lo refrend\u00f3 haciendo alusi\u00f3n de la gran cantidad de proyectos de inversi\u00f3n que se han realizado durante esta pandemia como el mejoramiento de multicanchas en los barrios, en canchas de sectores rurales, entre otras.<\/p>\n<!--[if lt IE 9]><script>document.createElement('audio');<\/script><![endif]-->\n<audio class=\"wp-audio-shortcode\" id=\"audio-13111-1\" preload=\"none\" style=\"width: 100%;\" controls=\"controls\"><source type=\"audio\/mpeg\" src=\"http:\/\/www.castromunicipio.cl\/wp-content\/uploads\/2021\/08\/ALCALDE-VERA-DEPORTES-01.mp3?_=1\" \/><a href=\"http:\/\/www.castromunicipio.cl\/wp-content\/uploads\/2021\/08\/ALCALDE-VERA-DEPORTES-01.mp3\">http:\/\/www.castromunicipio.cl\/wp-content\/uploads\/2021\/08\/ALCALDE-VERA-DEPORTES-01.mp3<\/a><\/audio>\n<p style=\"text-align: justify;\">En ese sentido Juan Eduardo Vera indic\u00f3 que en Castro existen las condiciones naturales para potenciar las actividades deportivas, \u201cpero m\u00e1s all\u00e1 de eso el concepto de capital del deporte tambi\u00e9n apunta a aprovechar las condiciones geogr\u00e1ficas que ofrece la comuna, con una bah\u00eda privilegiada para la pr\u00e1ctica de deportes n\u00e1uticos como el kayak, canoa y todos los vinculados al remo. Adem\u00e1s de cambiar la mirada<\/p>\n<p style=\"text-align: justify;\">hacia el mar ya que somos una comuna que vive en el borde costero, la gente debe hacer un cambio de mentalidad en tal sentido\u201d, asegur\u00f3 la primera autoridad comunal.<\/p>\n<p style=\"text-align: justify;\">El edil castre\u00f1o quiere potenciar todo aquello y desde esa perspectiva generar instancias de competencia que no solo est\u00e9n asociadas a los deportes tradicionales como el f\u00fatbol o el b\u00e1squetbol. \u201csi como comuna apuntamos al desarrollo, no debemos dejar de lado el deporte y, por tal motivo, esta administraci\u00f3n desde hace un tiempo ha venido trabajando en ello y queremos a un mediano plazo transformarnos en la capital tambi\u00e9n del deporte y entregar alegr\u00edas en todas las disciplinas. Hacia all\u00e1 estamos apuntando\u201d, subray\u00f3 finalmente el alcalde de Castro Juan Eduardo Vera.<\/p>\n<audio class=\"wp-audio-shortcode\" id=\"audio-13111-2\" preload=\"none\" style=\"width: 100%;\" controls=\"controls\"><source type=\"audio\/mpeg\" src=\"http:\/\/www.castromunicipio.cl\/wp-content\/uploads\/2021\/08\/ALCALDE-VERA-DEPORTES-02.mp3?_=2\" \/><a href=\"http:\/\/www.castromunicipio.cl\/wp-content\/uploads\/2021\/08\/ALCALDE-VERA-DEPORTES-02.mp3\">http:\/\/www.castromunicipio.cl\/wp-content\/uploads\/2021\/08\/ALCALDE-VERA-DEPORTES-02.mp3<\/a><\/audio>\n<p><strong>Departamento de Comunicaciones y RR.PP.<\/strong><\/p>\n<p><strong>Castro, agosto 05 de 2021<\/strong><\/p>\n<p><strong>\u00a0<\/strong><\/p>\n","protected":false},"excerpt":{"rendered":"<p>Para el alcalde de Castro Juan Eduardo Vera la comuna avanza a pasos agigantados y, en tal sentido, asegur\u00f3 que est\u00e1n trabajando fuertemente para transformar a la comuna en la capital provincial del deporte, fomentando y apoyando a todas las disciplinas que involucra la actividad y al respecto puntualiz\u00f3 que \u201ccontamos con una infraestructura deportiva [&hellip;]<\/p>\n","protected":false},"author":3,"featured_media":13114,"comment_status":"closed","ping_status":"closed","sticky":false,"template":"","format":"standard","meta":{"footnotes":""},"categories":[1],"tags":[],"class_list":["post-13111","post","type-post","status-publish","format-standard","has-post-thumbnail","hentry","category-noticias"],"publishpress_future_action":{"enabled":false,"date":"2026-05-04 12:12:23","action":"change-status","newStatus":"draft","terms":[],"taxonomy":"category"},"publishpress_future_workflow_manual_trigger":{"enabledWorkflows":[]},"_links":{"self":[{"href":"https:\/\/www.municipalidadcastro.cl\/index.php?rest_route=\/wp\/v2\/posts\/13111","targetHints":{"allow":["GET"]}}],"collection":[{"href":"https:\/\/www.municipalidadcastro.cl\/index.php?rest_route=\/wp\/v2\/posts"}],"about":[{"href":"https:\/\/www.municipalidadcastro.cl\/index.php?rest_route=\/wp\/v2\/types\/post"}],"author":[{"embeddable":true,"href":"https:\/\/www.municipalidadcastro.cl\/index.php?rest_route=\/wp\/v2\/users\/3"}],"replies":[{"embeddable":true,"href":"https:\/\/www.municipalidadcastro.cl\/index.php?rest_route=%2Fwp%2Fv2%2Fcomments&post=13111"}],"version-history":[{"count":1,"href":"https:\/\/www.municipalidadcastro.cl\/index.php?rest_route=\/wp\/v2\/posts\/13111\/revisions"}],"predecessor-version":[{"id":13115,"href":"https:\/\/www.municipalidadcastro.cl\/index.php?rest_route=\/wp\/v2\/posts\/13111\/revisions\/13115"}],"wp:featuredmedia":[{"embeddable":true,"href":"https:\/\/www.municipalidadcastro.cl\/index.php?rest_route=\/wp\/v2\/media\/13114"}],"wp:attachment":[{"href":"https:\/\/www.municipalidadcastro.cl\/index.php?rest_route=%2Fwp%2Fv2%2Fmedia&parent=13111"}],"wp:term":[{"taxonomy":"category","embeddable":true,"href":"https:\/\/www.municipalidadcastro.cl\/index.php?rest_route=%2Fwp%2Fv2%2Fcategories&post=13111"},{"taxonomy":"post_tag","embeddable":true,"href":"https:\/\/www.municipalidadcastro.cl\/index.php?rest_route=%2Fwp%2Fv2%2Ftags&post=13111"}],"curies":[{"name":"wp","href":"https:\/\/api.w.org\/{rel}","templated":true}]}}