{"id":13092,"date":"2021-08-03T17:06:50","date_gmt":"2021-08-03T20:06:50","guid":{"rendered":"http:\/\/www.castromunicipio.cl\/?p=13092"},"modified":"2021-08-03T17:58:20","modified_gmt":"2021-08-03T20:58:20","slug":"invitan-a-disfrutar-de-la-4ta-version-del-festival-de-la-voz-estudiantil-de-castro","status":"publish","type":"post","link":"https:\/\/www.municipalidadcastro.cl\/?p=13092","title":{"rendered":"Invitan a disfrutar de la 4ta versi\u00f3n del Festival de La Voz Estudiantil de Castro"},"content":{"rendered":"<p style=\"text-align: justify;\"><strong>Desde Castro Municipio explicaron que la comunidad puede apoyar a sus artistas favoritos votando, hasta el 5 de agosto, en el Facebook de la oficina de la juventud. <\/strong><\/p>\n<p style=\"text-align: justify;\">Generar instancias de participaci\u00f3n en los ni\u00f1os, ni\u00f1as y adolescentes, a trav\u00e9s de sus habilidades art\u00edsticas y culturales, es uno de los objetivos del Festival de La Voz Estudiantil de Castro, actividad creada e impulsada en la actual administraci\u00f3n municipal del alcalde Juan Eduardo Vera, que busca promocionar las actividades sanas y entretenidas en los j\u00f3venes como factores de protecci\u00f3n y que los impulsen a tener una mejor calidad<\/p>\n<p style=\"text-align: justify;\">Mar\u00eda Jos\u00e9 Vargas, Coordinadora Senda Previene Castro resalt\u00f3 que la intensi\u00f3n de la actual administraci\u00f3n municipal es desarrollar una actividad art\u00edstica-cultural en condiciones de sano esparcimiento especialmente en esta \u00e9poca de pandemia.<\/p>\n<p style=\"text-align: justify;\">\u201cEl alcalde de Castro Municipio propone como uno de los lineamientos mejorar los ambientes. Y esta relaci\u00f3n tan cercana que llevamos con los establecimientos ha ayudado a ver la importancia y las necesidades que tienen los ni\u00f1os, ni\u00f1as y adolescentes y tambi\u00e9n las mismas comunidades educativas. Y estamos viendo que el tiempo libre y la recreaci\u00f3n y el ocio son los pilares fundamentales tambi\u00e9n para nosotros en el plan Elige Vivir Sin Drogas. Los ni\u00f1os tienen que verse motivados para que tengan estos escapes y tiempos de ocio sanos\u201d, sostuvo la tambi\u00e9n asistente social.\u201d, sostuvo la profesional.<\/p>\n<!--[if lt IE 9]><script>document.createElement('audio');<\/script><![endif]-->\n<audio class=\"wp-audio-shortcode\" id=\"audio-13092-1\" preload=\"none\" style=\"width: 100%;\" controls=\"controls\"><source type=\"audio\/mpeg\" src=\"http:\/\/www.castromunicipio.cl\/wp-content\/uploads\/2021\/08\/Maria-jose-vargas-1.mp3?_=1\" \/><a href=\"http:\/\/www.castromunicipio.cl\/wp-content\/uploads\/2021\/08\/Maria-jose-vargas-1.mp3\">http:\/\/www.castromunicipio.cl\/wp-content\/uploads\/2021\/08\/Maria-jose-vargas-1.mp3<\/a><\/audio>\n<p style=\"text-align: justify;\">Oscar Rom\u00e1n, encargado oficina municipal de la juventud, agreg\u00f3 que \u201cestas actividades ayudan bastante a que los j\u00f3venes vuelvan a esta normalidad que se est\u00e1 dando con todas las precauciones como una medida de salud mental para ellos, que necesitan a volver a realizar muchas cosas que hemos perdido. Lamentablemente las clases son un poco h\u00edbridas, todo lo que es la parte art\u00edstica y deporte se ha perdido, entonces espacios como este festival son medidas de escape donde ellos se sienten en un lugar seguro y protegido y liberan sus emociones\u201d.<\/p>\n<audio class=\"wp-audio-shortcode\" id=\"audio-13092-2\" preload=\"none\" style=\"width: 100%;\" controls=\"controls\"><source type=\"audio\/mpeg\" src=\"http:\/\/www.castromunicipio.cl\/wp-content\/uploads\/2021\/08\/cuna-ok-de-Roman.mp3?_=2\" \/><a href=\"http:\/\/www.castromunicipio.cl\/wp-content\/uploads\/2021\/08\/cuna-ok-de-Roman.mp3\">http:\/\/www.castromunicipio.cl\/wp-content\/uploads\/2021\/08\/cuna-ok-de-Roman.mp3<\/a><\/audio>\n<p style=\"text-align: justify;\">Por otro lado, el encargado de la juventud record\u00f3 que esta actividad no solo es para los cantantes, quienes ya pasaron su periodo de inscripci\u00f3n, sino que la comunidad tambi\u00e9n est\u00e1 invitada a contemplar el espect\u00e1culo y votar por sus artistas favoritos hasta el d\u00eda 5 de agosto. \u201cEn nuestro Fan Page Juventud Castro Municipio ah\u00ed usted busca por categor\u00eda mini, b\u00e1sica y juvenil. As\u00ed que las votaciones est\u00e1n abiertas\u201d, se\u00f1al\u00f3.<\/p>\n<p style=\"text-align: justify;\">Cabe se\u00f1alar que el Festival de la Voz, que se transmitir\u00e1 por las pantallas de Castro Municipio TV, el s\u00e1bado 14 de agosto a las 19 horas, con repetici\u00f3n, el domingo 15 de agosto a las 19 horas, se ajusta a todas las normativas y protocolos Covid-19.<\/p>\n<p style=\"text-align: justify;\"><strong>Otras actividades<\/strong><\/p>\n<p style=\"text-align: justify;\">La coordinadora de Senda Previene Castro detall\u00f3 que esta no es la \u00fanica actividad juvenil que est\u00e1 llevando a cabo en Castro Municipio para incentivar y promover una cultura inclusiva, adem\u00e1s de apoyar en la formaci\u00f3n de las nuevas generaciones, \u201cpara que tengan un autoconcepto, una valoraci\u00f3n de s\u00ed mismos positiva\u201d.<\/p>\n<p style=\"text-align: justify;\">En la misma l\u00ednea, agreg\u00f3 que \u201cjunto a la participaci\u00f3n de ni\u00f1os peque\u00f1os hemos podido realizar distintas actividades gracias al apoyo de don Juan Eduardo Vera, alcalde de la comuna, en cuanto a operativos de fiscalizaci\u00f3n, charlas con Sernatur y charlas en conjunto con el Cecrea y la oficina de deportes y juventud. Esto nos da paso, nos da pie, a que estos ni\u00f1os -como les dec\u00eda anteriormente &#8211; tengan habilidades positivas para cuando sean adultos\u201d, puntualiz\u00f3.<\/p>\n<audio class=\"wp-audio-shortcode\" id=\"audio-13092-3\" preload=\"none\" style=\"width: 100%;\" controls=\"controls\"><source type=\"audio\/mpeg\" src=\"http:\/\/www.castromunicipio.cl\/wp-content\/uploads\/2021\/08\/Maria-jose-vargas-2.mp3?_=3\" \/><a href=\"http:\/\/www.castromunicipio.cl\/wp-content\/uploads\/2021\/08\/Maria-jose-vargas-2.mp3\">http:\/\/www.castromunicipio.cl\/wp-content\/uploads\/2021\/08\/Maria-jose-vargas-2.mp3<\/a><\/audio>\n<p>&nbsp;<\/p>\n<p><strong>Departamento de Comunicaciones y RR.PP.<\/strong><\/p>\n<p><strong>Castro, 3 de agosto de 2021<\/strong><\/p>\n","protected":false},"excerpt":{"rendered":"<p>Desde Castro Municipio explicaron que la comunidad puede apoyar a sus artistas favoritos votando, hasta el 5 de agosto, en el Facebook de la oficina de la juventud. Generar instancias de participaci\u00f3n en los ni\u00f1os, ni\u00f1as y adolescentes, a trav\u00e9s de sus habilidades art\u00edsticas y culturales, es uno de los objetivos del Festival de La [&hellip;]<\/p>\n","protected":false},"author":10,"featured_media":13093,"comment_status":"closed","ping_status":"closed","sticky":false,"template":"","format":"standard","meta":{"footnotes":""},"categories":[1],"tags":[],"class_list":["post-13092","post","type-post","status-publish","format-standard","has-post-thumbnail","hentry","category-noticias"],"publishpress_future_action":{"enabled":false,"date":"2026-05-04 10:35:21","action":"change-status","newStatus":"draft","terms":[],"taxonomy":"category"},"publishpress_future_workflow_manual_trigger":{"enabledWorkflows":[]},"_links":{"self":[{"href":"https:\/\/www.municipalidadcastro.cl\/index.php?rest_route=\/wp\/v2\/posts\/13092","targetHints":{"allow":["GET"]}}],"collection":[{"href":"https:\/\/www.municipalidadcastro.cl\/index.php?rest_route=\/wp\/v2\/posts"}],"about":[{"href":"https:\/\/www.municipalidadcastro.cl\/index.php?rest_route=\/wp\/v2\/types\/post"}],"author":[{"embeddable":true,"href":"https:\/\/www.municipalidadcastro.cl\/index.php?rest_route=\/wp\/v2\/users\/10"}],"replies":[{"embeddable":true,"href":"https:\/\/www.municipalidadcastro.cl\/index.php?rest_route=%2Fwp%2Fv2%2Fcomments&post=13092"}],"version-history":[{"count":8,"href":"https:\/\/www.municipalidadcastro.cl\/index.php?rest_route=\/wp\/v2\/posts\/13092\/revisions"}],"predecessor-version":[{"id":13105,"href":"https:\/\/www.municipalidadcastro.cl\/index.php?rest_route=\/wp\/v2\/posts\/13092\/revisions\/13105"}],"wp:featuredmedia":[{"embeddable":true,"href":"https:\/\/www.municipalidadcastro.cl\/index.php?rest_route=\/wp\/v2\/media\/13093"}],"wp:attachment":[{"href":"https:\/\/www.municipalidadcastro.cl\/index.php?rest_route=%2Fwp%2Fv2%2Fmedia&parent=13092"}],"wp:term":[{"taxonomy":"category","embeddable":true,"href":"https:\/\/www.municipalidadcastro.cl\/index.php?rest_route=%2Fwp%2Fv2%2Fcategories&post=13092"},{"taxonomy":"post_tag","embeddable":true,"href":"https:\/\/www.municipalidadcastro.cl\/index.php?rest_route=%2Fwp%2Fv2%2Ftags&post=13092"}],"curies":[{"name":"wp","href":"https:\/\/api.w.org\/{rel}","templated":true}]}}