{"id":13074,"date":"2021-08-02T16:34:38","date_gmt":"2021-08-02T19:34:38","guid":{"rendered":"http:\/\/www.castromunicipio.cl\/?p=13074"},"modified":"2021-08-04T11:47:03","modified_gmt":"2021-08-04T14:47:03","slug":"castro-municipio-invita-a-celebrar-el-mes-de-la-ninez-y-adolescencia-con-divertido-concurso-de-dibujo","status":"publish","type":"post","link":"https:\/\/www.municipalidadcastro.cl\/?p=13074","title":{"rendered":"Castro Municipio invita a celebrar el Mes de la ni\u00f1ez y adolescencia con divertido concurso de dibujo"},"content":{"rendered":"<p style=\"text-align: justify;\"><strong>El objetivo es que los menores plasmen en una obra lo que ellos entienden por derechos. El plazo de recepci\u00f3n de las creaciones es el 27 de agosto.\u00a0<\/strong><\/p>\n<p style=\"text-align: justify;\"><strong>\u00a0<\/strong><\/p>\n<p style=\"text-align: justify;\">La oficina municipal de la ni\u00f1ez de Castro Municipio y la Oficina de Protecci\u00f3n de Derechos de Castro lanzaron esta semana el concurso de dibujo \u201cS\u00e9 tu propio H\u00e9roe\u201d, actividad enmarcada en el mes de la ni\u00f1ez y la adolescencia y que responde al compromiso de la actual administraci\u00f3n de generar instancias para la promoci\u00f3n del bienestar integral, la recreaci\u00f3n y la efectiva participaci\u00f3n de todos los integrantes de la sociedad, independientes de su edad.<\/p>\n<p style=\"text-align: justify;\">Camila Andrade, encargada de la oficina municipal de la ni\u00f1ez y Gabriela Solis, coordinadora OPD de Castro, explicaron que el concurso consiste en hacer un dibujo relacionado con los derechos de los ni\u00f1os, ni\u00f1as y adolescentes, fortaleciendo con esto el conocimiento de sus medidas especiales de protecci\u00f3n y asistencia para favorecer su adecuado desarrollo.<\/p>\n<p style=\"text-align: justify;\">Gabriela Solis indic\u00f3 que el objetivo que persigue la actividad es que los menores plasmen en una obra lo que ellos entienden por derechos. \u201cEs una buena instancia para que los ni\u00f1os expresen a trav\u00e9s de una actividad pl\u00e1stica todo, como ven sus sue\u00f1os, sus derechos, como les gustar\u00eda a ellos su infancia. Entonces es una instancia para entregarles un espacio de recreaci\u00f3n y de participaci\u00f3n para que ellos a trav\u00e9s de la obra art\u00edstica puedan expresar como ellos conciben sus derechos\u201d, sostuvo.<\/p>\n<!--[if lt IE 9]><script>document.createElement('audio');<\/script><![endif]-->\n<audio class=\"wp-audio-shortcode\" id=\"audio-13074-1\" preload=\"none\" style=\"width: 100%;\" controls=\"controls\"><source type=\"audio\/mpeg\" src=\"http:\/\/www.castromunicipio.cl\/wp-content\/uploads\/2021\/08\/Gabriela-OPD.mp3?_=1\" \/><a href=\"http:\/\/www.castromunicipio.cl\/wp-content\/uploads\/2021\/08\/Gabriela-OPD.mp3\">http:\/\/www.castromunicipio.cl\/wp-content\/uploads\/2021\/08\/Gabriela-OPD.mp3<\/a><\/audio>\n<p>&nbsp;<\/p>\n<p style=\"text-align: justify;\">En la misma l\u00ednea, Camila Andrade de la oficina municipal, explic\u00f3 que las t\u00e9cnicas y la tem\u00e1tica de derecho es bastante libre por tanto pueden plasmar \u201clo que ellos quieren, lo que ellos sue\u00f1an, lo que ellos entienden por sus derechos tambi\u00e9n. Este concurso est\u00e1 basado en eso, en realizar un dibujo, relacionado con los derechos de los ni\u00f1os, ni\u00f1as y adolescentes\u201d, detall\u00f3 agregando que la recepci\u00f3n de las obras se realizar\u00e1 v\u00eda online, entendiendo que \u201cahora las instancias de participaci\u00f3n, sobre todo con los ni\u00f1os, se ven s\u00faper reducidas, por el tema del aforo, por el contacto directo, y porque es s\u00faper complicado. Por eso una de nuestras instancias es \u00e9sta\u201d.<\/p>\n<audio class=\"wp-audio-shortcode\" id=\"audio-13074-2\" preload=\"none\" style=\"width: 100%;\" controls=\"controls\"><source type=\"audio\/mpeg\" src=\"http:\/\/www.castromunicipio.cl\/wp-content\/uploads\/2021\/08\/Camila-Andrade-1.mp3?_=2\" \/><a href=\"http:\/\/www.castromunicipio.cl\/wp-content\/uploads\/2021\/08\/Camila-Andrade-1.mp3\">http:\/\/www.castromunicipio.cl\/wp-content\/uploads\/2021\/08\/Camila-Andrade-1.mp3<\/a><\/audio>\n<audio class=\"wp-audio-shortcode\" id=\"audio-13074-3\" preload=\"none\" style=\"width: 100%;\" controls=\"controls\"><source type=\"audio\/mpeg\" src=\"http:\/\/www.castromunicipio.cl\/wp-content\/uploads\/2021\/08\/cuna-2-camila.mp3?_=3\" \/><a href=\"http:\/\/www.castromunicipio.cl\/wp-content\/uploads\/2021\/08\/cuna-2-camila.mp3\">http:\/\/www.castromunicipio.cl\/wp-content\/uploads\/2021\/08\/cuna-2-camila.mp3<\/a><\/audio>\n<p>&nbsp;<\/p>\n<p style=\"text-align: justify;\">Con todo, desde ambas instituciones organizadoras, explicaron que, para poder participar, los ni\u00f1os, ni\u00f1as y adolescentes deber\u00e1n <strong>presentar su dibujo por medio de una foto enviada al<\/strong> <strong>WhatsApp +569 92237340<\/strong> <strong>con su nombre y edad<\/strong>. La recepci\u00f3n de las creaciones ser\u00e1 hasta el 27 de agosto del 2021 a las 17:30 horas, present\u00e1ndose los resultados el 31 de agosto del 2021. Las categor\u00edas en competencia son: ni\u00f1os\/as hasta los 5 a\u00f1os; ni\u00f1os\/as de 6 a\u00f1os a 12 a\u00f1os; ni\u00f1os, ni\u00f1as y adolescentes de 13 a\u00f1os a 18 a\u00f1os.<\/p>\n<p style=\"text-align: justify;\"><img loading=\"lazy\" decoding=\"async\" class=\"size-medium wp-image-13109 alignright\" src=\"http:\/\/www.castromunicipio.cl\/wp-content\/uploads\/2021\/08\/WhatsApp-Image-2021-08-03-at-10.49.10-300x300.jpeg\" alt=\"\" width=\"300\" height=\"300\" srcset=\"https:\/\/www.municipalidadcastro.cl\/wp-content\/uploads\/2021\/08\/WhatsApp-Image-2021-08-03-at-10.49.10-300x300.jpeg 300w, https:\/\/www.municipalidadcastro.cl\/wp-content\/uploads\/2021\/08\/WhatsApp-Image-2021-08-03-at-10.49.10-1024x1024.jpeg 1024w, https:\/\/www.municipalidadcastro.cl\/wp-content\/uploads\/2021\/08\/WhatsApp-Image-2021-08-03-at-10.49.10-150x150.jpeg 150w, https:\/\/www.municipalidadcastro.cl\/wp-content\/uploads\/2021\/08\/WhatsApp-Image-2021-08-03-at-10.49.10-768x768.jpeg 768w, https:\/\/www.municipalidadcastro.cl\/wp-content\/uploads\/2021\/08\/WhatsApp-Image-2021-08-03-at-10.49.10-75x75.jpeg 75w, https:\/\/www.municipalidadcastro.cl\/wp-content\/uploads\/2021\/08\/WhatsApp-Image-2021-08-03-at-10.49.10-350x350.jpeg 350w, https:\/\/www.municipalidadcastro.cl\/wp-content\/uploads\/2021\/08\/WhatsApp-Image-2021-08-03-at-10.49.10-750x750.jpeg 750w, https:\/\/www.municipalidadcastro.cl\/wp-content\/uploads\/2021\/08\/WhatsApp-Image-2021-08-03-at-10.49.10-1140x1140.jpeg 1140w, https:\/\/www.municipalidadcastro.cl\/wp-content\/uploads\/2021\/08\/WhatsApp-Image-2021-08-03-at-10.49.10.jpeg 1280w\" sizes=\"auto, (max-width: 300px) 100vw, 300px\" \/>Cabe se\u00f1alar que la oficina municipal de la ni\u00f1ez de Castro Municipio se cre\u00f3 el pasado mes de junio con el objetivo de institucionalizar y perpetuar el trabajo municipal en la protecci\u00f3n de los derechos de la infancia.\u00a0Para la actual administraci\u00f3n del alcalde Juan Eduardo Vera, es de suma importancia visibilizar y promocionar los derechos de ni\u00f1os, ni\u00f1as y adolescentes, generando espacios de trabajo desde el \u00e1mbito p\u00fablico, que proporcionen las herramientas que permitan detectar a tiempo todo acto que atente contra la integridad de un ni\u00f1o o ni\u00f1a.<\/p>\n<p>&nbsp;<\/p>\n<p><strong>Departamento de Comunicaciones y RR.PP.<\/strong><\/p>\n<p><strong>Castro, 2 de agosto de 202<\/strong><\/p>\n","protected":false},"excerpt":{"rendered":"<p>El objetivo es que los menores plasmen en una obra lo que ellos entienden por derechos. El plazo de recepci\u00f3n de las creaciones es el 27 de agosto.\u00a0 \u00a0 La oficina municipal de la ni\u00f1ez de Castro Municipio y la Oficina de Protecci\u00f3n de Derechos de Castro lanzaron esta semana el concurso de dibujo \u201cS\u00e9 [&hellip;]<\/p>\n","protected":false},"author":10,"featured_media":13076,"comment_status":"closed","ping_status":"closed","sticky":false,"template":"","format":"standard","meta":{"footnotes":""},"categories":[1],"tags":[],"class_list":["post-13074","post","type-post","status-publish","format-standard","has-post-thumbnail","hentry","category-noticias"],"publishpress_future_action":{"enabled":false,"date":"2026-05-04 09:32:25","action":"change-status","newStatus":"draft","terms":[],"taxonomy":"category"},"publishpress_future_workflow_manual_trigger":{"enabledWorkflows":[]},"_links":{"self":[{"href":"https:\/\/www.municipalidadcastro.cl\/index.php?rest_route=\/wp\/v2\/posts\/13074","targetHints":{"allow":["GET"]}}],"collection":[{"href":"https:\/\/www.municipalidadcastro.cl\/index.php?rest_route=\/wp\/v2\/posts"}],"about":[{"href":"https:\/\/www.municipalidadcastro.cl\/index.php?rest_route=\/wp\/v2\/types\/post"}],"author":[{"embeddable":true,"href":"https:\/\/www.municipalidadcastro.cl\/index.php?rest_route=\/wp\/v2\/users\/10"}],"replies":[{"embeddable":true,"href":"https:\/\/www.municipalidadcastro.cl\/index.php?rest_route=%2Fwp%2Fv2%2Fcomments&post=13074"}],"version-history":[{"count":4,"href":"https:\/\/www.municipalidadcastro.cl\/index.php?rest_route=\/wp\/v2\/posts\/13074\/revisions"}],"predecessor-version":[{"id":13110,"href":"https:\/\/www.municipalidadcastro.cl\/index.php?rest_route=\/wp\/v2\/posts\/13074\/revisions\/13110"}],"wp:featuredmedia":[{"embeddable":true,"href":"https:\/\/www.municipalidadcastro.cl\/index.php?rest_route=\/wp\/v2\/media\/13076"}],"wp:attachment":[{"href":"https:\/\/www.municipalidadcastro.cl\/index.php?rest_route=%2Fwp%2Fv2%2Fmedia&parent=13074"}],"wp:term":[{"taxonomy":"category","embeddable":true,"href":"https:\/\/www.municipalidadcastro.cl\/index.php?rest_route=%2Fwp%2Fv2%2Fcategories&post=13074"},{"taxonomy":"post_tag","embeddable":true,"href":"https:\/\/www.municipalidadcastro.cl\/index.php?rest_route=%2Fwp%2Fv2%2Ftags&post=13074"}],"curies":[{"name":"wp","href":"https:\/\/api.w.org\/{rel}","templated":true}]}}