{"id":13068,"date":"2021-07-30T17:46:14","date_gmt":"2021-07-30T20:46:14","guid":{"rendered":"http:\/\/www.castromunicipio.cl\/?p=13068"},"modified":"2021-07-30T17:46:14","modified_gmt":"2021-07-30T20:46:14","slug":"comites-de-viviendas-de-castro-se-unen-para-conseguir-construccion-de-casas-sociales","status":"publish","type":"post","link":"https:\/\/www.municipalidadcastro.cl\/?p=13068","title":{"rendered":"Comit\u00e9s de viviendas de Castro se unen para conseguir construcci\u00f3n de casas sociales."},"content":{"rendered":"<p style=\"text-align: justify;\">Se logr\u00f3 uno de los objetivos b\u00e1sicos planteados por el alcalde Juan Eduardo Vera para lograr conseguir la tan ansiada unidad de los m\u00e1s de 30 comit\u00e9s de viviendas existentes en Castro y as\u00ed, de esta manera, poder concretar ese anhelado sue\u00f1o de construir viviendas sociales en la capital de Chilo\u00e9, viviendas que, por lo dem\u00e1s, m\u00e1s de 10 a\u00f1os que no se construyen.<\/p>\n<p style=\"text-align: justify;\">La actividad se desarroll\u00f3 en la sala de sesiones de la municipalidad de Castro y participaron 32 de los 34 comit\u00e9s conformados en la comuna, eso s\u00ed dicha participaci\u00f3n se desarroll\u00f3 respetando los aforos permitidos por la autoridad sanitaria en esta fase 3 del plan Paso a Paso.<\/p>\n<p style=\"text-align: justify;\">La administradora municipal Isabel Bascu\u00f1\u00e1n valor\u00f3 haber conseguido el objetivo encomendado por el alcalde Vera en el sentido de lograr la unidad para la consecuci\u00f3n de los proyectos y asegur\u00f3 adem\u00e1s que determinaron reunirse una vez al mes para entregar detalles de los avances que se experimenten en materia relacionada con las gestiones para lograr concretar el sue\u00f1o de la vivienda propia.<\/p>\n<p style=\"text-align: justify;\">\u201cPorque lo que necesitan con urgencia los vecinos es respuestas y certezas respecto de este proyecto que ha impulsado el municipio despu\u00e9s de muchos a\u00f1os en que en Castro no se construyen viviendas sociales\u201d, puntualiz\u00f3 Isabel Bascu\u00f1\u00e1n asegurando tambi\u00e9n que el alcalde Vera est\u00e1 realizando todos sus esfuerzos para que esas construcciones se concreten en el menor tiempo posible, porque es una necesidad que en justicia se merecen nuestros vecinos y vecinas\u201d, expres\u00f3 la administradora municipal de Castro Municipio.<\/p>\n<!--[if lt IE 9]><script>document.createElement('audio');<\/script><![endif]-->\n<audio class=\"wp-audio-shortcode\" id=\"audio-13068-1\" preload=\"none\" style=\"width: 100%;\" controls=\"controls\"><source type=\"audio\/mpeg\" src=\"http:\/\/www.castromunicipio.cl\/wp-content\/uploads\/2021\/07\/ISABEL-BASCUNAN-CASAS.mp3?_=1\" \/><a href=\"http:\/\/www.castromunicipio.cl\/wp-content\/uploads\/2021\/07\/ISABEL-BASCUNAN-CASAS.mp3\">http:\/\/www.castromunicipio.cl\/wp-content\/uploads\/2021\/07\/ISABEL-BASCUNAN-CASAS.mp3<\/a><\/audio>\n<p style=\"text-align: justify;\">Por su parte Domingo Montiel, conocido dirigente wuilliche de la zona, agradeci\u00f3 que se haya logrado trabajar en mancomuni\u00f3n y puntualiz\u00f3 que se vienen grandes avances en materia de viviendas para la comuna de Castro \u201cya que con unidad se podr\u00e1n lograr muchas cosas y veo con buenos ojos que se haya avanzado en tal sentido\u201d, indic\u00f3.<\/p>\n<audio class=\"wp-audio-shortcode\" id=\"audio-13068-2\" preload=\"none\" style=\"width: 100%;\" controls=\"controls\"><source type=\"audio\/mpeg\" src=\"http:\/\/www.castromunicipio.cl\/wp-content\/uploads\/2021\/07\/DOMINGO-MONTIEL-CASAS.mp3?_=2\" \/><a href=\"http:\/\/www.castromunicipio.cl\/wp-content\/uploads\/2021\/07\/DOMINGO-MONTIEL-CASAS.mp3\">http:\/\/www.castromunicipio.cl\/wp-content\/uploads\/2021\/07\/DOMINGO-MONTIEL-CASAS.mp3<\/a><\/audio>\n<p style=\"text-align: justify;\">Finalmente, la administradora municipal indic\u00f3 que se determin\u00f3 en la reuni\u00f3n buscar una mesa de trabajo permanente con todos los comit\u00e9s viviendas existentes en la comuna y, tambi\u00e9n, levantar una sola voz para conseguir las viviendas sociales que tanto hacen faltan y en relaci\u00f3n del trabajo unitario sostuvo que la idea es mostrar una mirada conjunta con un objetivo en com\u00fan que es conseguir m\u00e1s viviendas sociales. Junto a lo anterior Isabel Bascu\u00f1\u00e1n precis\u00f3 que se acord\u00f3 tener reuniones mensuales de coordinaci\u00f3n e informaci\u00f3n, pero asimismo estas reuniones se extender\u00e1n tambi\u00e9n a capacitaciones permanentes para la directiva de los comit\u00e9s de vivienda de la comuna.<\/p>\n<p style=\"text-align: justify;\">Cabe hacer presente que ya en octubre de 2020 el alcalde de Castro Juan Eduardo Vera entreg\u00f3 la claridad y certeza a los dirigentes que ya se encuentran los terrenos para la construcci\u00f3n de viviendas sociales y que estas esperan a las familias beneficiadas las que se a\u00f1adir\u00e1n a las viviendas que comenzar\u00edan a ser construidas, a no ser por la pandemia y la burocracia de los entes estatales involucrados en estos temas.<\/p>\n<p><strong>Departamento de Comunicaciones y RR.PP.<\/strong><\/p>\n<p><strong>Castro, julio 30 de 2021<\/strong><\/p>\n<p><strong>\u00a0<\/strong><\/p>\n","protected":false},"excerpt":{"rendered":"<p>Se logr\u00f3 uno de los objetivos b\u00e1sicos planteados por el alcalde Juan Eduardo Vera para lograr conseguir la tan ansiada unidad de los m\u00e1s de 30 comit\u00e9s de viviendas existentes en Castro y as\u00ed, de esta manera, poder concretar ese anhelado sue\u00f1o de construir viviendas sociales en la capital de Chilo\u00e9, viviendas que, por lo [&hellip;]<\/p>\n","protected":false},"author":3,"featured_media":13071,"comment_status":"closed","ping_status":"closed","sticky":false,"template":"","format":"standard","meta":{"footnotes":""},"categories":[1],"tags":[],"class_list":["post-13068","post","type-post","status-publish","format-standard","has-post-thumbnail","hentry","category-noticias"],"publishpress_future_action":{"enabled":false,"date":"2026-05-04 08:10:33","action":"change-status","newStatus":"draft","terms":[],"taxonomy":"category"},"publishpress_future_workflow_manual_trigger":{"enabledWorkflows":[]},"_links":{"self":[{"href":"https:\/\/www.municipalidadcastro.cl\/index.php?rest_route=\/wp\/v2\/posts\/13068","targetHints":{"allow":["GET"]}}],"collection":[{"href":"https:\/\/www.municipalidadcastro.cl\/index.php?rest_route=\/wp\/v2\/posts"}],"about":[{"href":"https:\/\/www.municipalidadcastro.cl\/index.php?rest_route=\/wp\/v2\/types\/post"}],"author":[{"embeddable":true,"href":"https:\/\/www.municipalidadcastro.cl\/index.php?rest_route=\/wp\/v2\/users\/3"}],"replies":[{"embeddable":true,"href":"https:\/\/www.municipalidadcastro.cl\/index.php?rest_route=%2Fwp%2Fv2%2Fcomments&post=13068"}],"version-history":[{"count":1,"href":"https:\/\/www.municipalidadcastro.cl\/index.php?rest_route=\/wp\/v2\/posts\/13068\/revisions"}],"predecessor-version":[{"id":13072,"href":"https:\/\/www.municipalidadcastro.cl\/index.php?rest_route=\/wp\/v2\/posts\/13068\/revisions\/13072"}],"wp:featuredmedia":[{"embeddable":true,"href":"https:\/\/www.municipalidadcastro.cl\/index.php?rest_route=\/wp\/v2\/media\/13071"}],"wp:attachment":[{"href":"https:\/\/www.municipalidadcastro.cl\/index.php?rest_route=%2Fwp%2Fv2%2Fmedia&parent=13068"}],"wp:term":[{"taxonomy":"category","embeddable":true,"href":"https:\/\/www.municipalidadcastro.cl\/index.php?rest_route=%2Fwp%2Fv2%2Fcategories&post=13068"},{"taxonomy":"post_tag","embeddable":true,"href":"https:\/\/www.municipalidadcastro.cl\/index.php?rest_route=%2Fwp%2Fv2%2Ftags&post=13068"}],"curies":[{"name":"wp","href":"https:\/\/api.w.org\/{rel}","templated":true}]}}