{"id":13062,"date":"2021-07-30T10:38:48","date_gmt":"2021-07-30T13:38:48","guid":{"rendered":"http:\/\/www.castromunicipio.cl\/?p=13062"},"modified":"2021-07-30T10:38:48","modified_gmt":"2021-07-30T13:38:48","slug":"castro-se-reforestara-con-arboles-nativos-y-frutales-para-el-disfrute-y-mejorar-la-calidad-de-vida-de-sus-habitantes","status":"publish","type":"post","link":"https:\/\/www.municipalidadcastro.cl\/?p=13062","title":{"rendered":"Castro se reforestar\u00e1 con \u00e1rboles nativos y frutales para el disfrute y mejorar la calidad de vida de sus habitantes."},"content":{"rendered":"<p style=\"text-align: justify;\">Cuando hace m\u00e1s de 4 a\u00f1os comenz\u00f3 esta nueva administraci\u00f3n municipal encabezada por el alcalde Juan Eduardo Vera, una de las principales transformaciones que se quer\u00eda hacer era, precisamente, rescatar y preservar nuestras ra\u00edces incluso en lo arquitect\u00f3nico con la \u00fanica finalidad de mejorar la calidad de vida de sus habitantes y la preservaci\u00f3n de nuestro medio ambiente.<\/p>\n<p style=\"text-align: justify;\">Pues bien, fue el propio alcalde Vera quien anunci\u00f3 que, dentro del contexto anterior, Castro comenzar\u00e1 tambi\u00e9n dentro de las pr\u00f3ximas semanas un proceso de arborizaci\u00f3n en diferentes avenidas y arterias de la comuna que promuevan lo verde y el cuidado del medio ambiente, pero que tambi\u00e9n sirva para retomar nuestros or\u00edgenes sin perder la modernidad.<\/p>\n<!--[if lt IE 9]><script>document.createElement('audio');<\/script><![endif]-->\n<audio class=\"wp-audio-shortcode\" id=\"audio-13062-1\" preload=\"none\" style=\"width: 100%;\" controls=\"controls\"><source type=\"audio\/mpeg\" src=\"http:\/\/www.castromunicipio.cl\/wp-content\/uploads\/2021\/07\/ALCALDE-VERA-PLAN-DE-ARBORIZACION.mp3?_=1\" \/><a href=\"http:\/\/www.castromunicipio.cl\/wp-content\/uploads\/2021\/07\/ALCALDE-VERA-PLAN-DE-ARBORIZACION.mp3\">http:\/\/www.castromunicipio.cl\/wp-content\/uploads\/2021\/07\/ALCALDE-VERA-PLAN-DE-ARBORIZACION.mp3<\/a><\/audio>\n<p style=\"text-align: justify;\">Este plan de arborizaci\u00f3n, en s\u00edntesis, pretende, adem\u00e1s de plantar \u00e1rboles nativos, sembrar tambi\u00e9n \u00e1rboles frutales como la manzana o ciruelos tan t\u00edpicos del territorio chilote con la finalidad que la familia tambi\u00e9n disfrute de lo que significa extraer una de esas frutas desde el \u00e1rbol y poder disfrutarla como se hace en el campo.<\/p>\n<p style=\"text-align: justify;\">Para Juan Eduardo Vera este proyecto que comenzar\u00e1 a implementar Castro Municipio tiene mucha relevancia porque los \u00e1rboles son sumamente importantes no solo porque, a juicio de expertos, regulan los micro climas; sino que tambi\u00e9n filtran la contaminaci\u00f3n del aire, proporcionando sombra, absorbiendo el di\u00f3xido de carbono y act\u00faan tambi\u00e9n como un importante ant\u00eddoto para el efecto de calor urbano que hace que las ciudades sean mucho m\u00e1s calientes que las zonas rurales de nuestros alrededores.<\/p>\n<figure id=\"attachment_13064\" aria-describedby=\"caption-attachment-13064\" style=\"width: 300px\" class=\"wp-caption alignleft\"><img loading=\"lazy\" decoding=\"async\" class=\"wp-image-13064 size-medium\" src=\"http:\/\/www.castromunicipio.cl\/wp-content\/uploads\/2021\/07\/alcalde-vera-arborizacion-300x199.jpeg\" alt=\"\" width=\"300\" height=\"199\" srcset=\"https:\/\/www.municipalidadcastro.cl\/wp-content\/uploads\/2021\/07\/alcalde-vera-arborizacion-300x199.jpeg 300w, https:\/\/www.municipalidadcastro.cl\/wp-content\/uploads\/2021\/07\/alcalde-vera-arborizacion-768x510.jpeg 768w, https:\/\/www.municipalidadcastro.cl\/wp-content\/uploads\/2021\/07\/alcalde-vera-arborizacion-750x498.jpeg 750w, https:\/\/www.municipalidadcastro.cl\/wp-content\/uploads\/2021\/07\/alcalde-vera-arborizacion.jpeg 960w\" sizes=\"auto, (max-width: 300px) 100vw, 300px\" \/><figcaption id=\"caption-attachment-13064\" class=\"wp-caption-text\">Alcalde Juan Eduardo Vera anunci\u00f3 potente proyecto de arborizaci\u00f3n que involucrar\u00e1 a muchos sectores de la comuna del r\u00edo Gamboa<\/figcaption><\/figure>\n<p style=\"text-align: justify;\">\u201cNo s\u00e9 c\u00f3mo antes nuestra hermosa ciudad se llen\u00f3 de cemento, nuestras plazas, nuestras avenidas todo en base a cemento. Por eso queremos, y para paliar lo anterior, retornar a nuestras ra\u00edces porque los \u00e1rboles nos llenar\u00e1n de vida y de esta manera tendremos, como hemos dicho siempre, una ciudad m\u00e1s amable y linda para vivir y disfrutar\u201d, afirm\u00f3 la primera autoridad castre\u00f1a llamando de paso a los habitantes de la ciudad a cuidar este proceso de reforestaci\u00f3n tal como se ha hecho con los espacios ornamentales que se han ido construyendo en sitios bald\u00edos \u201ca no dudarlo Castro avanza y se transformar\u00e1 en una ciudad m\u00e1s bella y alegre para vivir\u201d, concluy\u00f3 Juan Eduardo Vera.<\/p>\n<p><strong>Departamento de Comunicaciones y RR.PP.<\/strong><\/p>\n<p><strong>Castro, 30 de julio de 2021<\/strong><\/p>\n<p><strong>\u00a0<\/strong><\/p>\n","protected":false},"excerpt":{"rendered":"<p>Cuando hace m\u00e1s de 4 a\u00f1os comenz\u00f3 esta nueva administraci\u00f3n municipal encabezada por el alcalde Juan Eduardo Vera, una de las principales transformaciones que se quer\u00eda hacer era, precisamente, rescatar y preservar nuestras ra\u00edces incluso en lo arquitect\u00f3nico con la \u00fanica finalidad de mejorar la calidad de vida de sus habitantes y la preservaci\u00f3n de [&hellip;]<\/p>\n","protected":false},"author":3,"featured_media":13065,"comment_status":"closed","ping_status":"closed","sticky":false,"template":"","format":"standard","meta":{"footnotes":""},"categories":[1],"tags":[],"class_list":["post-13062","post","type-post","status-publish","format-standard","has-post-thumbnail","hentry","category-noticias"],"publishpress_future_action":{"enabled":false,"date":"2026-05-04 06:56:30","action":"change-status","newStatus":"draft","terms":[],"taxonomy":"category"},"publishpress_future_workflow_manual_trigger":{"enabledWorkflows":[]},"_links":{"self":[{"href":"https:\/\/www.municipalidadcastro.cl\/index.php?rest_route=\/wp\/v2\/posts\/13062","targetHints":{"allow":["GET"]}}],"collection":[{"href":"https:\/\/www.municipalidadcastro.cl\/index.php?rest_route=\/wp\/v2\/posts"}],"about":[{"href":"https:\/\/www.municipalidadcastro.cl\/index.php?rest_route=\/wp\/v2\/types\/post"}],"author":[{"embeddable":true,"href":"https:\/\/www.municipalidadcastro.cl\/index.php?rest_route=\/wp\/v2\/users\/3"}],"replies":[{"embeddable":true,"href":"https:\/\/www.municipalidadcastro.cl\/index.php?rest_route=%2Fwp%2Fv2%2Fcomments&post=13062"}],"version-history":[{"count":1,"href":"https:\/\/www.municipalidadcastro.cl\/index.php?rest_route=\/wp\/v2\/posts\/13062\/revisions"}],"predecessor-version":[{"id":13066,"href":"https:\/\/www.municipalidadcastro.cl\/index.php?rest_route=\/wp\/v2\/posts\/13062\/revisions\/13066"}],"wp:featuredmedia":[{"embeddable":true,"href":"https:\/\/www.municipalidadcastro.cl\/index.php?rest_route=\/wp\/v2\/media\/13065"}],"wp:attachment":[{"href":"https:\/\/www.municipalidadcastro.cl\/index.php?rest_route=%2Fwp%2Fv2%2Fmedia&parent=13062"}],"wp:term":[{"taxonomy":"category","embeddable":true,"href":"https:\/\/www.municipalidadcastro.cl\/index.php?rest_route=%2Fwp%2Fv2%2Fcategories&post=13062"},{"taxonomy":"post_tag","embeddable":true,"href":"https:\/\/www.municipalidadcastro.cl\/index.php?rest_route=%2Fwp%2Fv2%2Ftags&post=13062"}],"curies":[{"name":"wp","href":"https:\/\/api.w.org\/{rel}","templated":true}]}}