{"id":13056,"date":"2021-07-29T13:37:27","date_gmt":"2021-07-29T16:37:27","guid":{"rendered":"http:\/\/www.castromunicipio.cl\/?p=13056"},"modified":"2021-07-29T13:37:27","modified_gmt":"2021-07-29T16:37:27","slug":"alcalde-vera-apoya-un-cuarto-retiro-desde-las-afps-y-pidio-al-gobierno-extension-del-ife","status":"publish","type":"post","link":"https:\/\/www.municipalidadcastro.cl\/?p=13056","title":{"rendered":"Alcalde Vera apoya un cuarto retiro desde las AFPs y pidi\u00f3 al gobierno extensi\u00f3n del IFE"},"content":{"rendered":"<p style=\"text-align: justify;\">Un llamado al gobierno y los parlamentarios para que acudan en ayuda de las familias que requieren urgente ingresos de dineros frescos, formul\u00f3 el alcalde de Castro Juan Eduardo Vera para que las autoridades aprueben el cuarto retiro del 10 por ciento y tambi\u00e9n el gobierno extienda el Ingreso Familiar de Emergencia, IFE, hasta el mes de diciembre.<\/p>\n<p style=\"text-align: justify;\">Para el alcalde de Castro Juan Eduardo Vera parece de l\u00f3gica consecuencia que pueda aprobarse un cuarto retiro del 10 por ciento de los ahorros previsionales desde las cuentas individuales de las AFP, asegurando que aquello le dar\u00e1 mayor movilidad a la econom\u00eda tal como ocurri\u00f3 con los retiros previos.<\/p>\n<p style=\"text-align: justify;\">Dado los argumentos anteriores Juan Eduardo Vera asegur\u00f3 que no se opon\u00eda a un cuarto retiro; es m\u00e1s sostuvo que los chilenos siguen estancados a pesar de la ayuda del gobierno, pero puntualiz\u00f3 que, lamentablemente, esta no llega a todos y la clase media sigue agobiada d\u00eda a d\u00eda.<\/p>\n<p style=\"text-align: justify;\">Adem\u00e1s Vera expuso que las condiciones en las cuales se hicieron los retiros desde los fondos de las AFPs son exactamente las mismas que &#8220;tenemos hoy y eso es un buen argumento para apoyar, desde el municipalismo, dicha iniciativa parlamentaria\u201d, reforz\u00f3 el alcalde de Castro.<\/p>\n<p style=\"text-align: justify;\">Sin embargo tambi\u00e9n el edil de la capital provincial llam\u00f3 al gobierno a que se allane a extender el IFE hasta el mes de diciembre porque es una gran ayuda para las familias, pero tambi\u00e9n para fortalecer la alica\u00edda econom\u00eda local y en tal sentido Juan Eduardo Vera asegur\u00f3 que se trata de una buena medida que ser\u00e1 valorada en general por todos los chilenos y chilotes en particular.<\/p>\n<p style=\"text-align: justify;\">\u201cLos chilenos tenemos la urgente necesidad de tener recursos frescos, y, por tanto, reitero mi apoyo al cuarto retiro del 10 por ciento. Los alcaldes estamos y estaremos siempre velando por las reales necesidades de las personas y hoy esa necesidad pasa por un problema de recursos frescos para parar la olla por eso solicito al gobierno y parlamentarios que extiendan el IFE hasta diciembre, en el caso del gobierno, y que se apruebe un cuarto retiro desde los fondos de las AFPs que son recursos de todos los chilenos\u201d, concluy\u00f3 el alcalde de Castro Juan Eduardo Vera.<\/p>\n<!--[if lt IE 9]><script>document.createElement('audio');<\/script><![endif]-->\n<audio class=\"wp-audio-shortcode\" id=\"audio-13056-1\" preload=\"none\" style=\"width: 100%;\" controls=\"controls\"><source type=\"audio\/mpeg\" src=\"http:\/\/www.castromunicipio.cl\/wp-content\/uploads\/2021\/07\/ALCALDE-VERA-IFE-Y-CUARTO-RETIRO.mp3?_=1\" \/><a href=\"http:\/\/www.castromunicipio.cl\/wp-content\/uploads\/2021\/07\/ALCALDE-VERA-IFE-Y-CUARTO-RETIRO.mp3\">http:\/\/www.castromunicipio.cl\/wp-content\/uploads\/2021\/07\/ALCALDE-VERA-IFE-Y-CUARTO-RETIRO.mp3<\/a><\/audio>\n<p>&nbsp;<\/p>\n<p><strong>Departamento de Comunicaciones y RR.PP.<\/strong><\/p>\n<p><strong>Castro, 29 de julio 2021<\/strong><\/p>\n<p><strong>\u00a0<\/strong><\/p>\n","protected":false},"excerpt":{"rendered":"<p>Un llamado al gobierno y los parlamentarios para que acudan en ayuda de las familias que requieren urgente ingresos de dineros frescos, formul\u00f3 el alcalde de Castro Juan Eduardo Vera para que las autoridades aprueben el cuarto retiro del 10 por ciento y tambi\u00e9n el gobierno extienda el Ingreso Familiar de Emergencia, IFE, hasta el [&hellip;]<\/p>\n","protected":false},"author":10,"featured_media":13058,"comment_status":"closed","ping_status":"closed","sticky":false,"template":"","format":"standard","meta":{"footnotes":""},"categories":[1],"tags":[],"class_list":["post-13056","post","type-post","status-publish","format-standard","has-post-thumbnail","hentry","category-noticias"],"publishpress_future_action":{"enabled":false,"date":"2026-05-04 05:42:43","action":"change-status","newStatus":"draft","terms":[],"taxonomy":"category"},"publishpress_future_workflow_manual_trigger":{"enabledWorkflows":[]},"_links":{"self":[{"href":"https:\/\/www.municipalidadcastro.cl\/index.php?rest_route=\/wp\/v2\/posts\/13056","targetHints":{"allow":["GET"]}}],"collection":[{"href":"https:\/\/www.municipalidadcastro.cl\/index.php?rest_route=\/wp\/v2\/posts"}],"about":[{"href":"https:\/\/www.municipalidadcastro.cl\/index.php?rest_route=\/wp\/v2\/types\/post"}],"author":[{"embeddable":true,"href":"https:\/\/www.municipalidadcastro.cl\/index.php?rest_route=\/wp\/v2\/users\/10"}],"replies":[{"embeddable":true,"href":"https:\/\/www.municipalidadcastro.cl\/index.php?rest_route=%2Fwp%2Fv2%2Fcomments&post=13056"}],"version-history":[{"count":1,"href":"https:\/\/www.municipalidadcastro.cl\/index.php?rest_route=\/wp\/v2\/posts\/13056\/revisions"}],"predecessor-version":[{"id":13060,"href":"https:\/\/www.municipalidadcastro.cl\/index.php?rest_route=\/wp\/v2\/posts\/13056\/revisions\/13060"}],"wp:featuredmedia":[{"embeddable":true,"href":"https:\/\/www.municipalidadcastro.cl\/index.php?rest_route=\/wp\/v2\/media\/13058"}],"wp:attachment":[{"href":"https:\/\/www.municipalidadcastro.cl\/index.php?rest_route=%2Fwp%2Fv2%2Fmedia&parent=13056"}],"wp:term":[{"taxonomy":"category","embeddable":true,"href":"https:\/\/www.municipalidadcastro.cl\/index.php?rest_route=%2Fwp%2Fv2%2Fcategories&post=13056"},{"taxonomy":"post_tag","embeddable":true,"href":"https:\/\/www.municipalidadcastro.cl\/index.php?rest_route=%2Fwp%2Fv2%2Ftags&post=13056"}],"curies":[{"name":"wp","href":"https:\/\/api.w.org\/{rel}","templated":true}]}}