{"id":13041,"date":"2021-07-29T10:03:42","date_gmt":"2021-07-29T13:03:42","guid":{"rendered":"http:\/\/www.castromunicipio.cl\/?p=13041"},"modified":"2021-07-29T10:03:42","modified_gmt":"2021-07-29T13:03:42","slug":"al-fin-nuestros-vecinos-seran-propietarios-en-historico-barrio-matadero-de-castro","status":"publish","type":"post","link":"https:\/\/www.municipalidadcastro.cl\/?p=13041","title":{"rendered":"\u00a1Al fin nuestros vecinos ser\u00e1n propietarios en hist\u00f3rico barrio Matadero de Castro !!"},"content":{"rendered":"<p style=\"text-align: justify;\">\u201cCuando se hace la pega en serio, con responsabilidad y pensando siempre en el bienestar y mejorar la calidad de vida de nuestros vecinos, cr\u00e9anme que se nota\u201d.<\/p>\n<p style=\"text-align: justify;\">As\u00ed lo sostuvo el alcalde de Castro Juan Eduardo Vera al reunirse con vecinos del hist\u00f3rico barrio Matadero de la comuna quienes desde hace muchos a\u00f1os bregaron por obtener sus t\u00edtulos de dominio para ser propietarios de sus viviendas y que habitan por a\u00f1os.<\/p>\n<p style=\"text-align: justify;\">\u201cConversamos con los vecinos del barrio Matadero del sector de Gamboa para informar en qu\u00e9 etapa se encuentran sus tr\u00e1mites de t\u00edtulo de dominio. La buena noticia es que 6 escrituras est\u00e1n ingresadas al conservador y 10 en etapa publicaci\u00f3n diarios\u201d, se\u00f1al\u00f3 la primera autoridad comunal lo que fue gratamente acogida por los vecinos que expresaron su gratitud con visible emoci\u00f3n..<\/p>\n<p style=\"text-align: justify;\">En la cita, la m\u00e1xima autoridad comunal les entreg\u00f3 las buenas nuevas: 6 escrituras ya est\u00e1n ingresadas al Conservador de Bienes Ra\u00edces y 10 est\u00e1n en etapa de publicaci\u00f3n en el diario.<\/p>\n<p style=\"text-align: justify;\">Cabe se\u00f1alar que esta reuni\u00f3n responde al compromiso de la actual administraci\u00f3n con los vecinos de este hist\u00f3rico barrio y con toda la comunidad castre\u00f1a, compromiso que se refleja en el excelente trabajo que ha desarrollado la Oficina Municipal de Saneamientos en los procesos de saneamiento de terrenos.<\/p>\n<p style=\"text-align: justify;\">Para el alcalde Vera no se trata de otra cosa que hacer justicia con los vecinos que debieron esperar por much\u00edsimos a\u00f1os para concretar este sue\u00f1o que, bajo esta administraci\u00f3n municipal, se hizo realidad reafirmando tambi\u00e9n el alcalde que se trata de una justicia hist\u00f3rica que se ven\u00eda trabajando desde que era concejal por lo que es doble la satisfacci\u00f3n que, en lo personal, recibi\u00f3 y entreg\u00f3 esta buena noticia a los vecinos.<\/p>\n<!--[if lt IE 9]><script>document.createElement('audio');<\/script><![endif]-->\n<audio class=\"wp-audio-shortcode\" id=\"audio-13041-1\" preload=\"none\" style=\"width: 100%;\" controls=\"controls\"><source type=\"audio\/mpeg\" src=\"http:\/\/www.castromunicipio.cl\/wp-content\/uploads\/2021\/07\/ALCALDE-VERA-MATADERO.mp3?_=1\" \/><a href=\"http:\/\/www.castromunicipio.cl\/wp-content\/uploads\/2021\/07\/ALCALDE-VERA-MATADERO.mp3\">http:\/\/www.castromunicipio.cl\/wp-content\/uploads\/2021\/07\/ALCALDE-VERA-MATADERO.mp3<\/a><\/audio>\n<p style=\"text-align: justify;\">Por su parte, los vecinos presentes en la reuni\u00f3n agradecieron el perseverante trabajo del alcalde Juan Eduardo Vera, reafirmando que la uni\u00f3n hace la fuerza y si esto es apoyado por la m\u00e1xima autoridad de la comuna, mucho mejor.<\/p>\n<audio class=\"wp-audio-shortcode\" id=\"audio-13041-2\" preload=\"none\" style=\"width: 100%;\" controls=\"controls\"><source type=\"audio\/mpeg\" src=\"http:\/\/www.castromunicipio.cl\/wp-content\/uploads\/2021\/07\/VECINOS-BARRIO-MATADERO.mp3?_=2\" \/><a href=\"http:\/\/www.castromunicipio.cl\/wp-content\/uploads\/2021\/07\/VECINOS-BARRIO-MATADERO.mp3\">http:\/\/www.castromunicipio.cl\/wp-content\/uploads\/2021\/07\/VECINOS-BARRIO-MATADERO.mp3<\/a><\/audio>\n<p style=\"text-align: justify;\">Con todo, es importante destacar que en el inicio de esta administraci\u00f3n alcaldicia fue creada la Oficina Municipal de Saneamientos en convenio con Bienes Nacionales con el objetivo de entregar apoyo y acompa\u00f1amiento a los vecinos que deb\u00edan y necesitaban hacer tr\u00e1mites de este tipo, entregando adem\u00e1s dignidad y mejor calidad de vida a los habitantes tanto del sector urbano como rural.<\/p>\n<p><strong>Departamento de Comunicaciones y RR.PP.<\/strong><\/p>\n<p><strong>Castro, 29 de julio de 2021<\/strong><\/p>\n","protected":false},"excerpt":{"rendered":"<p>\u201cCuando se hace la pega en serio, con responsabilidad y pensando siempre en el bienestar y mejorar la calidad de vida de nuestros vecinos, cr\u00e9anme que se nota\u201d. As\u00ed lo sostuvo el alcalde de Castro Juan Eduardo Vera al reunirse con vecinos del hist\u00f3rico barrio Matadero de la comuna quienes desde hace muchos a\u00f1os bregaron [&hellip;]<\/p>\n","protected":false},"author":3,"featured_media":13046,"comment_status":"closed","ping_status":"closed","sticky":false,"template":"","format":"standard","meta":{"footnotes":""},"categories":[1],"tags":[],"class_list":["post-13041","post","type-post","status-publish","format-standard","has-post-thumbnail","hentry","category-noticias"],"publishpress_future_action":{"enabled":false,"date":"2026-05-04 04:18:12","action":"change-status","newStatus":"draft","terms":[],"taxonomy":"category"},"publishpress_future_workflow_manual_trigger":{"enabledWorkflows":[]},"_links":{"self":[{"href":"https:\/\/www.municipalidadcastro.cl\/index.php?rest_route=\/wp\/v2\/posts\/13041","targetHints":{"allow":["GET"]}}],"collection":[{"href":"https:\/\/www.municipalidadcastro.cl\/index.php?rest_route=\/wp\/v2\/posts"}],"about":[{"href":"https:\/\/www.municipalidadcastro.cl\/index.php?rest_route=\/wp\/v2\/types\/post"}],"author":[{"embeddable":true,"href":"https:\/\/www.municipalidadcastro.cl\/index.php?rest_route=\/wp\/v2\/users\/3"}],"replies":[{"embeddable":true,"href":"https:\/\/www.municipalidadcastro.cl\/index.php?rest_route=%2Fwp%2Fv2%2Fcomments&post=13041"}],"version-history":[{"count":1,"href":"https:\/\/www.municipalidadcastro.cl\/index.php?rest_route=\/wp\/v2\/posts\/13041\/revisions"}],"predecessor-version":[{"id":13047,"href":"https:\/\/www.municipalidadcastro.cl\/index.php?rest_route=\/wp\/v2\/posts\/13041\/revisions\/13047"}],"wp:featuredmedia":[{"embeddable":true,"href":"https:\/\/www.municipalidadcastro.cl\/index.php?rest_route=\/wp\/v2\/media\/13046"}],"wp:attachment":[{"href":"https:\/\/www.municipalidadcastro.cl\/index.php?rest_route=%2Fwp%2Fv2%2Fmedia&parent=13041"}],"wp:term":[{"taxonomy":"category","embeddable":true,"href":"https:\/\/www.municipalidadcastro.cl\/index.php?rest_route=%2Fwp%2Fv2%2Fcategories&post=13041"},{"taxonomy":"post_tag","embeddable":true,"href":"https:\/\/www.municipalidadcastro.cl\/index.php?rest_route=%2Fwp%2Fv2%2Ftags&post=13041"}],"curies":[{"name":"wp","href":"https:\/\/api.w.org\/{rel}","templated":true}]}}