{"id":13036,"date":"2021-07-29T09:52:56","date_gmt":"2021-07-29T12:52:56","guid":{"rendered":"http:\/\/www.castromunicipio.cl\/?p=13036"},"modified":"2021-07-29T10:02:19","modified_gmt":"2021-07-29T13:02:19","slug":"alcalde-vera-valora-y-dignifica-el-mundo-rural-en-el-dia-nacional-del-campesino","status":"publish","type":"post","link":"https:\/\/www.municipalidadcastro.cl\/?p=13036","title":{"rendered":"Alcalde Vera valora y dignifica el mundo rural en el d\u00eda Nacional del Campesino"},"content":{"rendered":"<p style=\"text-align: justify;\"><strong>Castro Municipio a trav\u00e9s de su Direcci\u00f3n de Desarrollo Comunitario y los programas de Desarrollo Territorial Ind\u00edgena (PDTI) y Desarrollo Local (PRODESAL) entregaron un reconocimiento a 16 personas destacadas en la agricultura familiar campesina de Castro.<\/strong><\/p>\n<p style=\"text-align: justify;\">En un acto simb\u00f3lico, Castro Municipio representado por su alcalde Juan Eduardo Vera, conmemor\u00f3 el D\u00eda Nacional del Campesino, con la entrega de un reconocimiento a 16 vecinas y vecinos de la comuna que han contribuido al desarrollo del mundo rural en materias de Innovaci\u00f3n, Trayectoria y Preservaci\u00f3n Patrimonial.En la ocasi\u00f3n, el alcalde de Castro, envi\u00f3 un saludo y agradecimiento a todos aquellos que han dedicado su vida al trabajo en el campo, rescatando la labor diaria que realizan cultivando la tierra y preservando las tradiciones propias del territorio chilote. \u201cQueremos reconocerlos por su contribuci\u00f3n al desarrollo de la econom\u00eda local a trav\u00e9s de su aporte en la Innovaci\u00f3n y Preservaci\u00f3n Patrimonial del la Agricultura Familiar Campesina local y a quienes han dedicado su vida al mundo agrario,\u201d indic\u00f3.<\/p>\n<p style=\"text-align: justify;\">Asimismo, la m\u00e1xima autoridad comunal record\u00f3 que desde el a\u00f1o 2017, cada 28 de julio, Castro Municipio organiza una actividad de gran envergadura en la que se reunen unas 1000 personas vinculadas a rubro silvoagropecuario, pero producto de la pandemia, el a\u00f1o pasado tuvo que ser cancelada. \u201cEs por ello, que este a\u00f1o 2021, en que nos encontramos en fase 3, y gran parte de la poblaci\u00f3n ha sido vacunada, nos permitimos crear esta instancia de reconocimiento\u201d, resalt\u00f3.<\/p>\n<!--[if lt IE 9]><script>document.createElement('audio');<\/script><![endif]-->\n<audio class=\"wp-audio-shortcode\" id=\"audio-13036-1\" preload=\"none\" style=\"width: 100%;\" controls=\"controls\"><source type=\"audio\/mpeg\" src=\"http:\/\/www.castromunicipio.cl\/wp-content\/uploads\/2021\/07\/Alcalde-Vera-dia-del-campesino-2021.mp3?_=1\" \/><a href=\"http:\/\/www.castromunicipio.cl\/wp-content\/uploads\/2021\/07\/Alcalde-Vera-dia-del-campesino-2021.mp3\">http:\/\/www.castromunicipio.cl\/wp-content\/uploads\/2021\/07\/Alcalde-Vera-dia-del-campesino-2021.mp3<\/a><\/audio>\n<p>&nbsp;<\/p>\n<p style=\"text-align: justify;\">En la actividad realizada en la junta de vecinos del sector de Puy\u00e1n, Lidia Vera Godoy, quien fue reconocida por su aporte en la Innovaci\u00f3n, agradeci\u00f3 en nombre de todos los galardonados, el reconocimiento entregado, y sobretodo por el apoyo recibido durante los \u00faltimos a\u00f1os de parte de instituciones como Castro Municipio e Indap, \u201cgracias a estas iniciativas y al apoyo entregado, los campesinos nos sentimos valorados,\u201dmanifest\u00f3 la agricultora oriunda de isla de Chel\u00edn.<\/p>\n<audio class=\"wp-audio-shortcode\" id=\"audio-13036-2\" preload=\"none\" style=\"width: 100%;\" controls=\"controls\"><source type=\"audio\/mpeg\" src=\"http:\/\/www.castromunicipio.cl\/wp-content\/uploads\/2021\/07\/lidia-vera-dia-del-campesino.mp3?_=2\" \/><a href=\"http:\/\/www.castromunicipio.cl\/wp-content\/uploads\/2021\/07\/lidia-vera-dia-del-campesino.mp3\">http:\/\/www.castromunicipio.cl\/wp-content\/uploads\/2021\/07\/lidia-vera-dia-del-campesino.mp3<\/a><\/audio>\n<p>&nbsp;<\/p>\n<p style=\"text-align: justify;\">Cabe recordar, que durante los \u00faltimos meses, Castro Municipio ha implementado importantes proyectos que buscan la reactivaci\u00f3n econ\u00f3mica en los campos de Castro a trav\u00e9s de la innovaci\u00f3n para el rescate y valoraci\u00f3n de nuestros productos, como lo son el Programa de Banco Ovino y la implementaci\u00f3n de la Primera Estaci\u00f3n Experimental de semillas de papas, todas iniciativas trabajadas en conjunto con usuarios de los programas municipales en convenio con Indap de Castro, PDTI y Prodesal.<\/p>\n<p style=\"text-align: justify;\"><strong>Reconocimientos<\/strong><\/p>\n<p style=\"text-align: justify;\">En el marco, de la conmemoraci\u00f3n del D\u00eda Nacional del Campesino, que se celebra cada 28 de julio, tras la promulgaci\u00f3n de la Ley de Reforma Agraria el a\u00f1o 1967, Castro Municipio reconoci\u00f3 el trabajo de mujeres y hombres que han dedicado m\u00e1s de 40 a\u00f1os de su vida al campo, produciendo y cultivando la tierra. En el \u00edtem de Trayectoria se destac\u00f3 a: Hilda Andrade D\u00edaz, Ram\u00f3n Haro V\u00e1squez, Pedro Guido Guichapani, Alfonzo Alvarado Vera, Ana Cohuin Cohuin y Juan Francisco Cheum Paillam\u00e1n.<\/p>\n<p style=\"text-align: justify;\">Por otro lado, a quienes han contribuido al desarrollo del mundo rural por medio de la implementaci\u00f3n de nuevas tecnolog\u00edas, mejorando la producci\u00f3n y calidad de sus productos, se reconoci\u00f3 por su aporte en la INNOVACI\u00d3N a Carlos Oyarzo Llauqu\u00e9n, Salvio Miranda B\u00f3rquez, Lidia Vera Godoy, Yanina Chodil Chodil, Marlene Melipill\u00e1n y Mar\u00eda Ang\u00e9lica Rumipill\u00e1n Uribe.<\/p>\n<p style=\"text-align: justify;\">Finalmente, por su contribuci\u00f3n al resguardo y protecci\u00f3n de las tradiciones rurales de la comuna de Castro y por su aporte en la Preservaci\u00f3n Patrimonial, se galardon\u00f3 a: Ruperto Arcadio Andrade Arteaga, Beatriz Paillam\u00e1n Levitureo, Alejandra Pillanchine C\u00e1rdenas y N\u00e9stor Mercado Vel\u00e1squez.<\/p>\n","protected":false},"excerpt":{"rendered":"<p>Castro Municipio a trav\u00e9s de su Direcci\u00f3n de Desarrollo Comunitario y los programas de Desarrollo Territorial Ind\u00edgena (PDTI) y Desarrollo Local (PRODESAL) entregaron un reconocimiento a 16 personas destacadas en la agricultura familiar campesina de Castro. En un acto simb\u00f3lico, Castro Municipio representado por su alcalde Juan Eduardo Vera, conmemor\u00f3 el D\u00eda Nacional del Campesino, [&hellip;]<\/p>\n","protected":false},"author":10,"featured_media":13039,"comment_status":"closed","ping_status":"closed","sticky":false,"template":"","format":"standard","meta":{"footnotes":""},"categories":[1],"tags":[],"class_list":["post-13036","post","type-post","status-publish","format-standard","has-post-thumbnail","hentry","category-noticias"],"publishpress_future_action":{"enabled":false,"date":"2026-05-04 02:51:58","action":"change-status","newStatus":"draft","terms":[],"taxonomy":"category"},"publishpress_future_workflow_manual_trigger":{"enabledWorkflows":[]},"_links":{"self":[{"href":"https:\/\/www.municipalidadcastro.cl\/index.php?rest_route=\/wp\/v2\/posts\/13036","targetHints":{"allow":["GET"]}}],"collection":[{"href":"https:\/\/www.municipalidadcastro.cl\/index.php?rest_route=\/wp\/v2\/posts"}],"about":[{"href":"https:\/\/www.municipalidadcastro.cl\/index.php?rest_route=\/wp\/v2\/types\/post"}],"author":[{"embeddable":true,"href":"https:\/\/www.municipalidadcastro.cl\/index.php?rest_route=\/wp\/v2\/users\/10"}],"replies":[{"embeddable":true,"href":"https:\/\/www.municipalidadcastro.cl\/index.php?rest_route=%2Fwp%2Fv2%2Fcomments&post=13036"}],"version-history":[{"count":3,"href":"https:\/\/www.municipalidadcastro.cl\/index.php?rest_route=\/wp\/v2\/posts\/13036\/revisions"}],"predecessor-version":[{"id":13043,"href":"https:\/\/www.municipalidadcastro.cl\/index.php?rest_route=\/wp\/v2\/posts\/13036\/revisions\/13043"}],"wp:featuredmedia":[{"embeddable":true,"href":"https:\/\/www.municipalidadcastro.cl\/index.php?rest_route=\/wp\/v2\/media\/13039"}],"wp:attachment":[{"href":"https:\/\/www.municipalidadcastro.cl\/index.php?rest_route=%2Fwp%2Fv2%2Fmedia&parent=13036"}],"wp:term":[{"taxonomy":"category","embeddable":true,"href":"https:\/\/www.municipalidadcastro.cl\/index.php?rest_route=%2Fwp%2Fv2%2Fcategories&post=13036"},{"taxonomy":"post_tag","embeddable":true,"href":"https:\/\/www.municipalidadcastro.cl\/index.php?rest_route=%2Fwp%2Fv2%2Ftags&post=13036"}],"curies":[{"name":"wp","href":"https:\/\/api.w.org\/{rel}","templated":true}]}}