{"id":13010,"date":"2021-07-28T11:09:30","date_gmt":"2021-07-28T14:09:30","guid":{"rendered":"http:\/\/www.castromunicipio.cl\/?p=13010"},"modified":"2021-07-28T13:41:24","modified_gmt":"2021-07-28T16:41:24","slug":"biblioteca-municipal-comenzara-su-proceso-de-suscripcion-por-los-barrios-de-castro","status":"publish","type":"post","link":"https:\/\/www.municipalidadcastro.cl\/?p=13010","title":{"rendered":"Biblioteca Municipal comenzar\u00e1 su proceso de suscripci\u00f3n por los barrios de Castro"},"content":{"rendered":"<p>La iniciativa ofrecer\u00e1 recorridos peri\u00f3dicos por los distintos sectores urbanos, rurales e insulares para dotar de libros a vecinos y vecinas de la comuna.<\/p>\n<hr \/>\n<p>Con el objeto de permitir el acceso a la lectura en distintos g\u00e9neros y tem\u00e1ticas literarias y acad\u00e9micas para la comunidad castre\u00f1a, es que desde la direcci\u00f3n de Cultura y Turismo de Castro Municipio se ha gestado la implementaci\u00f3n de la<a href=\"http:\/\/www.castromunicipio.cl\/?p=11483\"> Bibliom\u00f3vil<\/a>, iniciativa que ofrecer\u00e1 recorridos peri\u00f3dicos por los distintos sectores urbanos, rurales e insulares de la capital provincial chilota para dotar de libros a los vecinos y vecinas de la comuna.<\/p>\n<p>Gracias a los cambios y flexibilizaci\u00f3n en t\u00e9rminos de movilidad presentes en el plan Paso a Paso del Ministerio de Salud, y la actual Fase 3 que impera en Castro, la Bibliom\u00f3vil del programa Cultura en los Barrios del municipio comenzar\u00e1 con su proceso de suscripci\u00f3n territorial, en un operativo que se llevar\u00e1 a cabo durante todo el mes de agosto y recorrer\u00e1 m\u00e1s de 15 sectores urbanos y rurales en su primera etapa.<\/p>\n<p><a href=\"https:\/\/www.facebook.com\/culturamunicastro\/photos\/a.1566838080261195\/2987904498154539\/\">La calendarizaci\u00f3n del operativo de la Bibliom\u00f3vil<\/a> ha sido programada previa coordinaci\u00f3n con los dirigentes vecinales y sociales de cada sector por medio del programa Cultura en los Barrios de Castro Municipio, para gestar una mayor difusi\u00f3n y fidelidad de la iniciativa.<\/p>\n<p>As\u00ed lo coment\u00f3 Oscar Mendoza, encargado del programa municipal, qui\u00e9n adem\u00e1s adelant\u00f3 las fechas en las que se llevar\u00e1 a cabo el operativo de inscripci\u00f3n a la biblioteca municipal para islas Quehui y Chel\u00edn, sectores insulares de la comuna: <em>\u201cEn el mes de agosto, la Biblioteca M\u00f3vil Municipal comenzar\u00e1 con la inscripci\u00f3n de nuevos socios, as\u00ed que hacemos un llamado a la comunidad a que se acerque a la biblioteca m\u00f3vil, se inscriba y as\u00ed pueda disfrutar de toda la literatura que tendr\u00e1 a su disposici\u00f3n. Tambi\u00e9n cabe destacar que comenzaremos con principalmente sectores urbanos y este proceso de inscripci\u00f3n se extender\u00e1 durante los meses de septiembre y octubre para sectores rurales y tambi\u00e9n insulares, donde esperamos visitar tanto las islas de Quehui como Chel\u00edn\u201d, <\/em>indic\u00f3 el m\u00fasico y gestor cultural castre\u00f1o.<\/p>\n<!--[if lt IE 9]><script>document.createElement('audio');<\/script><![endif]-->\n<audio class=\"wp-audio-shortcode\" id=\"audio-13010-1\" preload=\"none\" style=\"width: 100%;\" controls=\"controls\"><source type=\"audio\/mpeg\" src=\"http:\/\/www.castromunicipio.cl\/wp-content\/uploads\/2021\/07\/cuna-oscar-bibliomovil.mp3?_=1\" \/><a href=\"http:\/\/www.castromunicipio.cl\/wp-content\/uploads\/2021\/07\/cuna-oscar-bibliomovil.mp3\">http:\/\/www.castromunicipio.cl\/wp-content\/uploads\/2021\/07\/cuna-oscar-bibliomovil.mp3<\/a><\/audio>\n<h2><strong>M\u00e1s actividades literarias para los barrios de Castro<\/strong><\/h2>\n<p>Junto con el operativo de inscripci\u00f3n para formar parte de la comunidad literaria de la Biblioteca M\u00f3vil Municipal, la iniciativa perteneciente a la direcci\u00f3n de Cultura y Turismo de Castro Municipio, a trav\u00e9s de su programa Cultura en los Barrios, integrar\u00e1 nuevas actividades de extensi\u00f3n.<\/p>\n<p>As\u00ed lo mencion\u00f3 el director de Cultura y Turismo de Castro Municipio, Miguel S\u00e1nchez, qui\u00e9n destac\u00f3 la importancia por ampliar la cobertura y acceso del arte y la cultura en la comuna: <em>\u201cVamos a iniciar este recorrido finalmente de la Biblioteca M\u00f3vil Municipal que va a itinerar por distintos sectores durante el mes de agosto, pero a la vez tambi\u00e9n vamos a llegar con diferentes iniciativas. Por ejemplo, para el d\u00eda 6 de agosto estamos programando lecturas de cuentacuentos en el sector donde va a llegar la Biblioteca M\u00f3vil para esos d\u00edas. Tambi\u00e9n vamos a tener tertulias dirigidas a nuestros adultos mayores, que fue una iniciativa solicitada por nuestra primera autoridad comunal, el alcalde Juan Eduardo Vera, para poder descentralizar el quehacer cultural desde el radio c\u00e9ntrico de nuestra ciudad\u201d.<\/em><\/p>\n<audio class=\"wp-audio-shortcode\" id=\"audio-13010-2\" preload=\"none\" style=\"width: 100%;\" controls=\"controls\"><source type=\"audio\/mpeg\" src=\"http:\/\/www.castromunicipio.cl\/wp-content\/uploads\/2021\/07\/cuna-miguel-bibliomovil.mp3?_=2\" \/><a href=\"http:\/\/www.castromunicipio.cl\/wp-content\/uploads\/2021\/07\/cuna-miguel-bibliomovil.mp3\">http:\/\/www.castromunicipio.cl\/wp-content\/uploads\/2021\/07\/cuna-miguel-bibliomovil.mp3<\/a><\/audio>\n<p>Cabe se\u00f1alar respecto a los panoramas literarios, que la lectura de cuentacuentos est\u00e1 considerada para realizarse en el marco del D\u00eda del Ni\u00f1o en el sector de Chilwe Anti, poblaci\u00f3n Salvador Allende, mientras que las tertulias literarias ser\u00e1n llevadas a cabo por la destacada escritora y docente castre\u00f1a Sonia Caicheo, dirigido a agrupaciones de adulto mayor de la comuna.<\/p>\n<p>Calendario de Inscripci\u00f3n a la Bibliom\u00f3vil disponible a continuaci\u00f3n:<\/p>\n<p><img loading=\"lazy\" decoding=\"async\" class=\"alignnone wp-image-13021\" src=\"http:\/\/www.castromunicipio.cl\/wp-content\/uploads\/2021\/07\/calendario-bibliomovil-169x300.jpg\" alt=\"\" width=\"461\" height=\"819\" srcset=\"https:\/\/www.municipalidadcastro.cl\/wp-content\/uploads\/2021\/07\/calendario-bibliomovil-169x300.jpg 169w, https:\/\/www.municipalidadcastro.cl\/wp-content\/uploads\/2021\/07\/calendario-bibliomovil-576x1024.jpg 576w, https:\/\/www.municipalidadcastro.cl\/wp-content\/uploads\/2021\/07\/calendario-bibliomovil-768x1365.jpg 768w, https:\/\/www.municipalidadcastro.cl\/wp-content\/uploads\/2021\/07\/calendario-bibliomovil-864x1536.jpg 864w, https:\/\/www.municipalidadcastro.cl\/wp-content\/uploads\/2021\/07\/calendario-bibliomovil-750x1333.jpg 750w, https:\/\/www.municipalidadcastro.cl\/wp-content\/uploads\/2021\/07\/calendario-bibliomovil.jpg 1080w\" sizes=\"auto, (max-width: 461px) 100vw, 461px\" \/><\/p>\n","protected":false},"excerpt":{"rendered":"<p>La iniciativa ofrecer\u00e1 recorridos peri\u00f3dicos por los distintos sectores urbanos, rurales e insulares para dotar de libros a vecinos y vecinas de la comuna. Con el objeto de permitir el acceso a la lectura en distintos g\u00e9neros y tem\u00e1ticas literarias y acad\u00e9micas para la comunidad castre\u00f1a, es que desde la direcci\u00f3n de Cultura y Turismo [&hellip;]<\/p>\n","protected":false},"author":10,"featured_media":13029,"comment_status":"closed","ping_status":"closed","sticky":false,"template":"","format":"standard","meta":{"footnotes":""},"categories":[1],"tags":[],"class_list":["post-13010","post","type-post","status-publish","format-standard","has-post-thumbnail","hentry","category-noticias"],"publishpress_future_action":{"enabled":false,"date":"2026-05-04 01:36:00","action":"change-status","newStatus":"draft","terms":[],"taxonomy":"category"},"publishpress_future_workflow_manual_trigger":{"enabledWorkflows":[]},"_links":{"self":[{"href":"https:\/\/www.municipalidadcastro.cl\/index.php?rest_route=\/wp\/v2\/posts\/13010","targetHints":{"allow":["GET"]}}],"collection":[{"href":"https:\/\/www.municipalidadcastro.cl\/index.php?rest_route=\/wp\/v2\/posts"}],"about":[{"href":"https:\/\/www.municipalidadcastro.cl\/index.php?rest_route=\/wp\/v2\/types\/post"}],"author":[{"embeddable":true,"href":"https:\/\/www.municipalidadcastro.cl\/index.php?rest_route=\/wp\/v2\/users\/10"}],"replies":[{"embeddable":true,"href":"https:\/\/www.municipalidadcastro.cl\/index.php?rest_route=%2Fwp%2Fv2%2Fcomments&post=13010"}],"version-history":[{"count":4,"href":"https:\/\/www.municipalidadcastro.cl\/index.php?rest_route=\/wp\/v2\/posts\/13010\/revisions"}],"predecessor-version":[{"id":13026,"href":"https:\/\/www.municipalidadcastro.cl\/index.php?rest_route=\/wp\/v2\/posts\/13010\/revisions\/13026"}],"wp:featuredmedia":[{"embeddable":true,"href":"https:\/\/www.municipalidadcastro.cl\/index.php?rest_route=\/wp\/v2\/media\/13029"}],"wp:attachment":[{"href":"https:\/\/www.municipalidadcastro.cl\/index.php?rest_route=%2Fwp%2Fv2%2Fmedia&parent=13010"}],"wp:term":[{"taxonomy":"category","embeddable":true,"href":"https:\/\/www.municipalidadcastro.cl\/index.php?rest_route=%2Fwp%2Fv2%2Fcategories&post=13010"},{"taxonomy":"post_tag","embeddable":true,"href":"https:\/\/www.municipalidadcastro.cl\/index.php?rest_route=%2Fwp%2Fv2%2Ftags&post=13010"}],"curies":[{"name":"wp","href":"https:\/\/api.w.org\/{rel}","templated":true}]}}