{"id":12957,"date":"2021-07-26T11:02:52","date_gmt":"2021-07-26T14:02:52","guid":{"rendered":"http:\/\/www.castromunicipio.cl\/?p=12957"},"modified":"2021-07-26T11:11:05","modified_gmt":"2021-07-26T14:11:05","slug":"joven-castreno-la-rompe-en-las-redes-sociales-invitando-a-vacunarse","status":"publish","type":"post","link":"https:\/\/www.municipalidadcastro.cl\/?p=12957","title":{"rendered":"Joven castre\u00f1o la rompe en las redes sociales invitando a vacunarse"},"content":{"rendered":"<p><strong>Al ritmo del hip hop Tom\u00e1s \u201cNizer\u201d Moreno llega se suma al llamado que hacen el gobierno y Castro Municipio para que los j\u00f3venes se vacunen.<\/strong><\/p>\n<p>El joven castre\u00f1o Tom\u00e1s Moreno, conocido art\u00edsticamente como \u201cNizer\u201d, se transform\u00f3 en tendencia estos d\u00edas en las redes sociales gracias a un video clip donde invita a sus pares a vacunar. Haciendo gala del Free Style (improvisaci\u00f3n en el hip hop), el artista se pliega al llamado del gobierno, a trav\u00e9s de su campa\u00f1a \u201cYo me Vacuno\u201d y de Castro Municipio de para reducir los contagios por Covid-19.<\/p>\n<p>El artista, oriundo de Llau Llao y estudiante de derecho, se present\u00f3 en el Matinal de Chilo\u00e9, espacio de Castro Municipio TV, reforzando el llamado a sus pares e invitando a seguir los protocolos sanitarios para evitar el Covid-19.<\/p>\n<p>Nizer agradeci\u00f3 el espacio que Castro Municipio le est\u00e1 dando para seguir masificando el mensaje de vacunaci\u00f3n y de paso destac\u00f3 la positiva repercusi\u00f3n que ha tenido su creaci\u00f3n musical. \u201cEstoy emocionado hasta donde ha llegado este proyecto, la verdad es como un orgullo tan grande y que se expandiera tanto\u201d, indic\u00f3, agregando que \u201cme han llegado mensajes de gente de Llanquihue, gente de Puerto Varas, gente del norte de Chile y obviamente gente de ac\u00e1, diciendo que es un mensaje claro, preciso y por sobre todo, corto\u201d.<\/p>\n<!--[if lt IE 9]><script>document.createElement('audio');<\/script><![endif]-->\n<audio class=\"wp-audio-shortcode\" id=\"audio-12957-1\" preload=\"none\" style=\"width: 100%;\" controls=\"controls\"><source type=\"audio\/mpeg\" src=\"http:\/\/www.castromunicipio.cl\/wp-content\/uploads\/2021\/07\/cuna-1-chico.mp3?_=1\" \/><a href=\"http:\/\/www.castromunicipio.cl\/wp-content\/uploads\/2021\/07\/cuna-1-chico.mp3\">http:\/\/www.castromunicipio.cl\/wp-content\/uploads\/2021\/07\/cuna-1-chico.mp3<\/a><\/audio>\n<audio class=\"wp-audio-shortcode\" id=\"audio-12957-2\" preload=\"none\" style=\"width: 100%;\" controls=\"controls\"><source type=\"audio\/mpeg\" src=\"http:\/\/www.castromunicipio.cl\/wp-content\/uploads\/2021\/07\/cuna-2-chico.mp3?_=2\" \/><a href=\"http:\/\/www.castromunicipio.cl\/wp-content\/uploads\/2021\/07\/cuna-2-chico.mp3\">http:\/\/www.castromunicipio.cl\/wp-content\/uploads\/2021\/07\/cuna-2-chico.mp3<\/a><\/audio>\n<p>&nbsp;<\/p>\n<p><strong>Puntos de vacunaci\u00f3n<\/strong><\/p>\n<p>Desde el inicio de la pandemia, Castro Municipio ha dispuesto sus estructuras y profesionales para asegurar la protecci\u00f3n de la ciudadan\u00eda, hecho que se evidencia en el excelente proceso de vacunaci\u00f3n que se ha realizado en la comuna.<\/p>\n<p>Con el firme prop\u00f3sito de inocular a la mayor parte de la poblaci\u00f3n, la actual administraci\u00f3n municipal dispuso distintos centros de vacunaci\u00f3n: El m\u00e1s grande se ubica en el Gimnasio Municipal (Calle Freire 612) y el otro, est\u00e1 situado en el gimnasio de la Escuela Luis Uribe D\u00edaz. Ambos funcionan de lunes a viernes, de 9:00 a 15:30 horas. Asimismo, a trav\u00e9s de redes sociales de Castro Municipio y Corporaci\u00f3n municipal, se est\u00e1 constantemente informado sobre los calendarios y fechas espec\u00edficas de vacunaci\u00f3n por tramo etario.<\/p>\n<p>&nbsp;<\/p>\n<p>Video completo de la entrevista <a href=\"https:\/\/www.facebook.com\/CastroMunicipioTV\/videos\/1056673475217380\">aqu\u00ed<\/a><\/p>\n<p>&nbsp;<\/p>\n<p><strong>Departamento de Comunicaciones y RR.PP.<\/strong><\/p>\n<p><strong>Castro, 26 de julio de 2021<\/strong><\/p>\n","protected":false},"excerpt":{"rendered":"<p>Al ritmo del hip hop Tom\u00e1s \u201cNizer\u201d Moreno llega se suma al llamado que hacen el gobierno y Castro Municipio para que los j\u00f3venes se vacunen. El joven castre\u00f1o Tom\u00e1s Moreno, conocido art\u00edsticamente como \u201cNizer\u201d, se transform\u00f3 en tendencia estos d\u00edas en las redes sociales gracias a un video clip donde invita a sus pares [&hellip;]<\/p>\n","protected":false},"author":10,"featured_media":12974,"comment_status":"closed","ping_status":"closed","sticky":false,"template":"","format":"standard","meta":{"footnotes":""},"categories":[1],"tags":[],"class_list":["post-12957","post","type-post","status-publish","format-standard","has-post-thumbnail","hentry","category-noticias"],"publishpress_future_action":{"enabled":false,"date":"2026-05-03 23:09:22","action":"change-status","newStatus":"draft","terms":[],"taxonomy":"category"},"publishpress_future_workflow_manual_trigger":{"enabledWorkflows":[]},"_links":{"self":[{"href":"https:\/\/www.municipalidadcastro.cl\/index.php?rest_route=\/wp\/v2\/posts\/12957","targetHints":{"allow":["GET"]}}],"collection":[{"href":"https:\/\/www.municipalidadcastro.cl\/index.php?rest_route=\/wp\/v2\/posts"}],"about":[{"href":"https:\/\/www.municipalidadcastro.cl\/index.php?rest_route=\/wp\/v2\/types\/post"}],"author":[{"embeddable":true,"href":"https:\/\/www.municipalidadcastro.cl\/index.php?rest_route=\/wp\/v2\/users\/10"}],"replies":[{"embeddable":true,"href":"https:\/\/www.municipalidadcastro.cl\/index.php?rest_route=%2Fwp%2Fv2%2Fcomments&post=12957"}],"version-history":[{"count":5,"href":"https:\/\/www.municipalidadcastro.cl\/index.php?rest_route=\/wp\/v2\/posts\/12957\/revisions"}],"predecessor-version":[{"id":12982,"href":"https:\/\/www.municipalidadcastro.cl\/index.php?rest_route=\/wp\/v2\/posts\/12957\/revisions\/12982"}],"wp:featuredmedia":[{"embeddable":true,"href":"https:\/\/www.municipalidadcastro.cl\/index.php?rest_route=\/wp\/v2\/media\/12974"}],"wp:attachment":[{"href":"https:\/\/www.municipalidadcastro.cl\/index.php?rest_route=%2Fwp%2Fv2%2Fmedia&parent=12957"}],"wp:term":[{"taxonomy":"category","embeddable":true,"href":"https:\/\/www.municipalidadcastro.cl\/index.php?rest_route=%2Fwp%2Fv2%2Fcategories&post=12957"},{"taxonomy":"post_tag","embeddable":true,"href":"https:\/\/www.municipalidadcastro.cl\/index.php?rest_route=%2Fwp%2Fv2%2Ftags&post=12957"}],"curies":[{"name":"wp","href":"https:\/\/api.w.org\/{rel}","templated":true}]}}