{"id":12928,"date":"2021-07-23T11:16:22","date_gmt":"2021-07-23T14:16:22","guid":{"rendered":"http:\/\/www.castromunicipio.cl\/?p=12928"},"modified":"2021-07-23T12:26:33","modified_gmt":"2021-07-23T15:26:33","slug":"500-ofertas-laborales-de-la-comuna-de-castro-estaran-disponibles-en-proxima-feria-virtual","status":"publish","type":"post","link":"https:\/\/www.municipalidadcastro.cl\/?p=12928","title":{"rendered":"500 ofertas laborales de la comuna de Castro estar\u00e1n disponibles en pr\u00f3xima Feria Virtual"},"content":{"rendered":"<p>&nbsp;<\/p>\n<p style=\"text-align: center\">La Oficina Municipal de Intermediaci\u00f3n Laboral de Castro Municipio que participa por segunda vez en la iniciativa regional de Sence Los Lagos, ser\u00e1 parte importante de la organizaci\u00f3n con la gesti\u00f3n del 39% de los puestos de trabajo.<\/p>\n<p><img loading=\"lazy\" decoding=\"async\" class=\"size-medium wp-image-12932 alignleft\" src=\"http:\/\/www.castromunicipio.cl\/wp-content\/uploads\/2021\/07\/LosLagos_LocalRRSS_Julio26_Facebook_Local_Previa-1-300x300.jpg\" alt=\"\" width=\"300\" height=\"300\" srcset=\"https:\/\/www.municipalidadcastro.cl\/wp-content\/uploads\/2021\/07\/LosLagos_LocalRRSS_Julio26_Facebook_Local_Previa-1-300x300.jpg 300w, https:\/\/www.municipalidadcastro.cl\/wp-content\/uploads\/2021\/07\/LosLagos_LocalRRSS_Julio26_Facebook_Local_Previa-1-1024x1024.jpg 1024w, https:\/\/www.municipalidadcastro.cl\/wp-content\/uploads\/2021\/07\/LosLagos_LocalRRSS_Julio26_Facebook_Local_Previa-1-150x150.jpg 150w, https:\/\/www.municipalidadcastro.cl\/wp-content\/uploads\/2021\/07\/LosLagos_LocalRRSS_Julio26_Facebook_Local_Previa-1-768x768.jpg 768w, https:\/\/www.municipalidadcastro.cl\/wp-content\/uploads\/2021\/07\/LosLagos_LocalRRSS_Julio26_Facebook_Local_Previa-1-1536x1536.jpg 1536w, https:\/\/www.municipalidadcastro.cl\/wp-content\/uploads\/2021\/07\/LosLagos_LocalRRSS_Julio26_Facebook_Local_Previa-1-2048x2048.jpg 2048w, https:\/\/www.municipalidadcastro.cl\/wp-content\/uploads\/2021\/07\/LosLagos_LocalRRSS_Julio26_Facebook_Local_Previa-1-75x75.jpg 75w, https:\/\/www.municipalidadcastro.cl\/wp-content\/uploads\/2021\/07\/LosLagos_LocalRRSS_Julio26_Facebook_Local_Previa-1-350x350.jpg 350w, https:\/\/www.municipalidadcastro.cl\/wp-content\/uploads\/2021\/07\/LosLagos_LocalRRSS_Julio26_Facebook_Local_Previa-1-750x750.jpg 750w, https:\/\/www.municipalidadcastro.cl\/wp-content\/uploads\/2021\/07\/LosLagos_LocalRRSS_Julio26_Facebook_Local_Previa-1-1140x1139.jpg 1140w\" sizes=\"auto, (max-width: 300px) 100vw, 300px\" \/><\/p>\n<p style=\"text-align: justify\">Entre el 26 y el 30 de julio, se realizar\u00e1 una nueva versi\u00f3n de la Feria Laboral Virtual de Sence Los Lagos, Red territorial OMIL Chilo\u00e9 \u2013Palena, en la cual la Oficina Municipal de Intermediaci\u00f3n Laboral (OMIL) de Castro Municipio participar\u00e1 por segunda vez en la organizaci\u00f3n de la iniciativa, colaborando con la entrega de m\u00e1s de 500 ofertas de empleo disponibles en la comuna de Castro, lo que supone un 39% de los puestos ofrecidos.<\/p>\n<p style=\"text-align: justify\">As\u00ed lo inform\u00f3 el encargado de la OMIL de Castro Municipio, Rodrigo Nu\u00f1ez, quien agreg\u00f3 que, para la actual administraci\u00f3n de Juan Eduardo Vera, el objetivo es que las personas consigan empleos dignos que permitan mejorar su calidad de vida, y para ello los funcionarios de la Omil trabajan desde la entrega de capacitaciones, preparaci\u00f3n para enfrentar una entrevista laboral, seguimiento de casos, hasta colocaci\u00f3n laboral.<\/p>\n<p style=\"text-align: justify\">En esa l\u00ednea, N\u00fa\u00f1ez indic\u00f3 que \u201ces muy importante crear alianzas p\u00fablico- privadas, trabajar en red y crear instancias como estas ferias virtuales, en que las personas puedan encontrar empleos decentes, lo que conlleva a la erradicaci\u00f3n de la pobreza extrema.\u201d<\/p>\n<!--[if lt IE 9]><script>document.createElement('audio');<\/script><![endif]-->\n<audio class=\"wp-audio-shortcode\" id=\"audio-12928-1\" preload=\"none\" style=\"width: 100%;\" controls=\"controls\"><source type=\"audio\/mpeg\" src=\"http:\/\/www.castromunicipio.cl\/wp-content\/uploads\/2021\/07\/RODRIGO-NUNEZ-FERIA-SENCE.mp3?_=1\" \/><a href=\"http:\/\/www.castromunicipio.cl\/wp-content\/uploads\/2021\/07\/RODRIGO-NUNEZ-FERIA-SENCE.mp3\">http:\/\/www.castromunicipio.cl\/wp-content\/uploads\/2021\/07\/RODRIGO-NUNEZ-FERIA-SENCE.mp3<\/a><\/audio>\n<p>&nbsp;<\/p>\n<p style=\"text-align: justify\"><strong>Feria Virtual SENCE: 26 al 30 de Julio<\/strong><\/p>\n<p style=\"text-align: justify\">La Feria Laboral en L\u00ednea Sence Los Lagos, organizada y coordinada en conjunto por la Red Territorial Chilo\u00e9 y Palena, compuesta por las Oficinas Municipales de Intermediaci\u00f3n Laboral, que abarcan 10 comunas de Chilo\u00e9 y 4 de Palena, contar\u00e1 con una oferta total de 1282 puestos de trabajo, de los cuales el 39% fue gestionado por Castro Municipio, en \u00e1reas tan diversas como administraci\u00f3n, construcci\u00f3n, hosteler\u00eda, entre otras.<\/p>\n<p style=\"text-align: justify\">En este sentido, el seremi del Trabajo y Previsi\u00f3n Social de Los Lagos, Fernando Gebhard inform\u00f3 que a desde el las 9:00 horas del 26 de julio, en la p\u00e1gina del Sence (<a href=\"http:\/\/www.sence.cl\">www.sence.cl<\/a>) estar\u00e1 el acceso a la Feria Laboral, d\u00f3nde se pondr\u00e1n a disposici\u00f3n de la comunidad las ofertas laborales de las 30 empresas participantes.<\/p>\n<audio class=\"wp-audio-shortcode\" id=\"audio-12928-2\" preload=\"none\" style=\"width: 100%;\" controls=\"controls\"><source type=\"audio\/mpeg\" src=\"http:\/\/www.castromunicipio.cl\/wp-content\/uploads\/2021\/07\/SEREMI-FERNANDO-GEBHARDFERIA.mp3?_=2\" \/><a href=\"http:\/\/www.castromunicipio.cl\/wp-content\/uploads\/2021\/07\/SEREMI-FERNANDO-GEBHARDFERIA.mp3\">http:\/\/www.castromunicipio.cl\/wp-content\/uploads\/2021\/07\/SEREMI-FERNANDO-GEBHARDFERIA.mp3<\/a><\/audio>\n<p><strong>M\u00e1s Oportunidades<\/strong><\/p>\n<p>Finalmente, Rodrigo N\u00fa\u00f1ez record\u00f3 que, durante todo el per\u00edodo de pandemia, Castro Municipio ha colaborado con las Ferias Virtuales de Sence Los Lagos, y ha organizado 4 Expo Empleo Online con el apoyo de instituto de educaci\u00f3n superior Aiep, adelantando que para fines del pr\u00f3ximo mes de agosto se realizar\u00e1 la quinta iniciativa municipal. \u201cLa instrucci\u00f3n de nuestro alcalde es generar de forma peri\u00f3dica instancias en que los vecinos y vecinas de Castro puedan buscar mejor y m\u00e1s oportunidades de empleo\u201d, puntualiz\u00f3.<\/p>\n<p style=\"text-align: center\">Castro, 22 de julio 2021<\/p>\n","protected":false},"excerpt":{"rendered":"<p>&nbsp; La Oficina Municipal de Intermediaci\u00f3n Laboral de Castro Municipio que participa por segunda vez en la iniciativa regional de Sence Los Lagos, ser\u00e1 parte importante de la organizaci\u00f3n con la gesti\u00f3n del 39% de los puestos de trabajo. Entre el 26 y el 30 de julio, se realizar\u00e1 una nueva versi\u00f3n de la Feria [&hellip;]<\/p>\n","protected":false},"author":10,"featured_media":9226,"comment_status":"closed","ping_status":"closed","sticky":false,"template":"","format":"standard","meta":{"footnotes":""},"categories":[1],"tags":[],"class_list":["post-12928","post","type-post","status-publish","format-standard","has-post-thumbnail","hentry","category-noticias"],"publishpress_future_action":{"enabled":false,"date":"2026-05-03 21:47:58","action":"change-status","newStatus":"draft","terms":[],"taxonomy":"category"},"publishpress_future_workflow_manual_trigger":{"enabledWorkflows":[]},"_links":{"self":[{"href":"https:\/\/www.municipalidadcastro.cl\/index.php?rest_route=\/wp\/v2\/posts\/12928","targetHints":{"allow":["GET"]}}],"collection":[{"href":"https:\/\/www.municipalidadcastro.cl\/index.php?rest_route=\/wp\/v2\/posts"}],"about":[{"href":"https:\/\/www.municipalidadcastro.cl\/index.php?rest_route=\/wp\/v2\/types\/post"}],"author":[{"embeddable":true,"href":"https:\/\/www.municipalidadcastro.cl\/index.php?rest_route=\/wp\/v2\/users\/10"}],"replies":[{"embeddable":true,"href":"https:\/\/www.municipalidadcastro.cl\/index.php?rest_route=%2Fwp%2Fv2%2Fcomments&post=12928"}],"version-history":[{"count":3,"href":"https:\/\/www.municipalidadcastro.cl\/index.php?rest_route=\/wp\/v2\/posts\/12928\/revisions"}],"predecessor-version":[{"id":12936,"href":"https:\/\/www.municipalidadcastro.cl\/index.php?rest_route=\/wp\/v2\/posts\/12928\/revisions\/12936"}],"wp:featuredmedia":[{"embeddable":true,"href":"https:\/\/www.municipalidadcastro.cl\/index.php?rest_route=\/wp\/v2\/media\/9226"}],"wp:attachment":[{"href":"https:\/\/www.municipalidadcastro.cl\/index.php?rest_route=%2Fwp%2Fv2%2Fmedia&parent=12928"}],"wp:term":[{"taxonomy":"category","embeddable":true,"href":"https:\/\/www.municipalidadcastro.cl\/index.php?rest_route=%2Fwp%2Fv2%2Fcategories&post=12928"},{"taxonomy":"post_tag","embeddable":true,"href":"https:\/\/www.municipalidadcastro.cl\/index.php?rest_route=%2Fwp%2Fv2%2Ftags&post=12928"}],"curies":[{"name":"wp","href":"https:\/\/api.w.org\/{rel}","templated":true}]}}