{"id":12921,"date":"2021-07-23T10:47:26","date_gmt":"2021-07-23T13:47:26","guid":{"rendered":"http:\/\/www.castromunicipio.cl\/?p=12921"},"modified":"2021-07-23T10:47:26","modified_gmt":"2021-07-23T13:47:26","slug":"artesanas-y-artesanos-de-castro-cuentan-con-nuevo-punto-de-venta-para-tiempos-de-fase-3-en-la-comuna","status":"publish","type":"post","link":"https:\/\/www.municipalidadcastro.cl\/?p=12921","title":{"rendered":"Artesanas y artesanos de Castro cuentan con nuevo punto de venta para tiempos de Fase 3 en la comuna"},"content":{"rendered":"<p>Para apoyarlos en la comercializaci\u00f3n de sus productos mientras dure la Fase 3, se ha dispuesto la oficina de Informaci\u00f3n Tur\u00edstica de Castro con un aforo m\u00e1ximo permitido, de lunes a domingo de 10 a 19 horas.<\/p>\n<hr \/>\n<p>Dadas las nuevas condiciones que posibilitan el comercio en espacios cerrados aptos, de acuerdo al Plan Paso a Paso del Ministerio de Salud, la direcci\u00f3n de Cultura y Turismo de Castro Municipio implement\u00f3 las dependencias de la Oficina de Informaci\u00f3n Tur\u00edstica ubicada en Plaza de Armas para que artesanas y artesanos puedan retormar a la comercializaci\u00f3n de sus productos de manera presencial.<\/p>\n<p>La idea de facilitar este espacio, seg\u00fan indicaciones del alcalde Juan Eduardo Vera, se sustenta en la importancia que le da esta administraci\u00f3n a la reactivacion econ\u00f3mica y en apoyar a quienes han sido golpeados por la pandemia.<\/p>\n<p>As\u00ed lo indic\u00f3 el director de Cultura y Turismo de Castro Municipio, Miguel S\u00e1nchez, qui\u00e9n mencion\u00f3 adem\u00e1s que: <em>\u201ccomo la comuna de Castro avanz\u00f3 a la fase de 3 del Plan Paso a Paso, esto nos ha permitido poder instalarlas aqu\u00ed en las dependencias de nuestra oficina de Turismo, en esta \u00e9poca de vacaciones de invierno, donde hemos visto adem\u00e1s que anda mucho turista por aqu\u00ed en la zona. Esperamos que sea una actividad s\u00faper pr\u00f3spera para las artesanas que sabemos han estado s\u00faper complicadas de poder obtener alg\u00fan recurso con este oficio tan tradicional que llevan desarrollando hace muchos a\u00f1os\u201d.<\/em><\/p>\n<!--[if lt IE 9]><script>document.createElement('audio');<\/script><![endif]-->\n<audio class=\"wp-audio-shortcode\" id=\"audio-12921-1\" preload=\"none\" style=\"width: 100%;\" controls=\"controls\"><source type=\"audio\/mpeg\" src=\"http:\/\/www.castromunicipio.cl\/wp-content\/uploads\/2021\/07\/cuna-miguiel-sanchez-punto-de-venta.mp3?_=1\" \/><a href=\"http:\/\/www.castromunicipio.cl\/wp-content\/uploads\/2021\/07\/cuna-miguiel-sanchez-punto-de-venta.mp3\">http:\/\/www.castromunicipio.cl\/wp-content\/uploads\/2021\/07\/cuna-miguiel-sanchez-punto-de-venta.mp3<\/a><\/audio>\n<p><a href=\"https:\/\/fb.watch\/v\/UGbfTSJd\/\">En la instancia de apertura del espacio de comercio artesanal<\/a> tambi\u00e9n estuvo presente la administradora municipal de Castro, Isabel Bascu\u00f1an, quien destac\u00f3 el inter\u00e9s de Castro Municipio en la reactivaci\u00f3n econ\u00f3mica de estos sectores productivos de la comuna. <em>\u201cEs bonito ver c\u00f3mo se empieza a reactivar todo, sobre todo para nuestras artesanas. El trabajo que hacen es maravilloso. Tenemos que contribuir a nuestra gente, a nuestra ciudad, por eso es fundamental hacer este llamado. El alcalde est\u00e1 tambi\u00e9n muy orgulloso del trabajo que hacen nuestras artesanas, as\u00ed que felicito tambi\u00e9n a nuestro director, a todo su equipo por el apoyo, la voluntad y la iniciativa.\u201d<\/em><\/p>\n<audio class=\"wp-audio-shortcode\" id=\"audio-12921-2\" preload=\"none\" style=\"width: 100%;\" controls=\"controls\"><source type=\"audio\/mpeg\" src=\"http:\/\/www.castromunicipio.cl\/wp-content\/uploads\/2021\/07\/cuna-isabel-bascunan-punto-de-venta.mp3?_=2\" \/><a href=\"http:\/\/www.castromunicipio.cl\/wp-content\/uploads\/2021\/07\/cuna-isabel-bascunan-punto-de-venta.mp3\">http:\/\/www.castromunicipio.cl\/wp-content\/uploads\/2021\/07\/cuna-isabel-bascunan-punto-de-venta.mp3<\/a><\/audio>\n<p>El funcionamiento del punto de venta se realiza con un aforo m\u00e1ximo de 10 artesanos por jornada, por medio de turnos rotativos semanales, permitiendo que distintas agrupaciones puedan comercializar sus productos de lunes a domingo de 10 a 19 horas. La artesana local en tejidos, Carmen Teca, tambi\u00e9n demostr\u00f3 entusiasmo con la iniciativa e invit\u00f3 a los turistas a visitar el punto de venta de artesan\u00edas indicando: <em>\u201cla municipalidad nos pas\u00f3 este lugar, por lo que estamos eternamente agradecidos, y queremos que nos vengan a visitar porque hay cosas muy lindas y baratas. Nosotros no somos comerciantes, no compramos y revendemos, nosotros procesamos desde el hilado, el lavado, el te\u00f1ido, el tejido, todo. Somos productores, hacemos algo que nuestros ancestros hicieron no s\u00e9 cu\u00e1ntos a\u00f1os. Cientos de a\u00f1os atr\u00e1s, nosotros lo estamos rescatando, no lo hemos dejado\u201d, <\/em>destac\u00f3 la artesana castre\u00f1a.<\/p>\n<audio class=\"wp-audio-shortcode\" id=\"audio-12921-3\" preload=\"none\" style=\"width: 100%;\" controls=\"controls\"><source type=\"audio\/mpeg\" src=\"http:\/\/www.castromunicipio.cl\/wp-content\/uploads\/2021\/07\/cuna-artesana-carmen-teca.mp3?_=3\" \/><a href=\"http:\/\/www.castromunicipio.cl\/wp-content\/uploads\/2021\/07\/cuna-artesana-carmen-teca.mp3\">http:\/\/www.castromunicipio.cl\/wp-content\/uploads\/2021\/07\/cuna-artesana-carmen-teca.mp3<\/a><\/audio>\n<h2><em>\u00a0<\/em><strong>Plan de reactivaci\u00f3n econ\u00f3mica para el rubro artesanal de Castro<\/strong><\/h2>\n<p>Si bien la apertura de un punto de venta presencial es todo un hito para la reactivaci\u00f3n del rubro artesanal en la comuna de Castro, la direcci\u00f3n de Cultura y Turismo de Castro Municipio, a trav\u00e9s de su oficina de Turismo, ha gestado una serie de iniciativas para que los trabajadores artesanales puedan continuar comercializando sus productos en las distintas fases que indica el Plan Paso a Paso en tiempos de pandemia.<\/p>\n<p>As\u00ed lo puntualiz\u00f3 Francisca Riveros, encargada de la oficina de Turismo de Castro Municipio, quien mencion\u00f3 la serie de iniciativas que han formado parte del Plan de Reactivaci\u00f3n Econ\u00f3mica para el rubro artesanal de la comuna: <em>\u201cNosotros partimos hace alg\u00fan tiempo con capacitaciones, luego tambi\u00e9n con este <a href=\"http:\/\/www.castromunicipio.cl\/?p=11749\">Manos Chilotas<\/a>, que es esta plataforma virtual donde muchas est\u00e1n vendiendo, pero quedan tambi\u00e9n algunas otras que quedan fuera de la brecha de la tecnolog\u00eda, y necesitamos por un lado, darles un espacio, y por otro lado tambi\u00e9n dar oferta a los turistas que hoy d\u00eda visitan nuestra comuna. Durante las \u00faltimas dos semanas hemos recibido m\u00e1s de cuatrocientas personas solo por la Oficina de Turismo, as\u00ed que esta posibilidad concreta y real va a ser obviamente muy beneficiosa\u201d, <\/em>coment\u00f3 la funcionaria municipal.<\/p>\n<audio class=\"wp-audio-shortcode\" id=\"audio-12921-4\" preload=\"none\" style=\"width: 100%;\" controls=\"controls\"><source type=\"audio\/mpeg\" src=\"http:\/\/www.castromunicipio.cl\/wp-content\/uploads\/2021\/07\/cuna-francisca-riveros-punto-de-venta.mp3?_=4\" \/><a href=\"http:\/\/www.castromunicipio.cl\/wp-content\/uploads\/2021\/07\/cuna-francisca-riveros-punto-de-venta.mp3\">http:\/\/www.castromunicipio.cl\/wp-content\/uploads\/2021\/07\/cuna-francisca-riveros-punto-de-venta.mp3<\/a><\/audio>\n","protected":false},"excerpt":{"rendered":"<p>Para apoyarlos en la comercializaci\u00f3n de sus productos mientras dure la Fase 3, se ha dispuesto la oficina de Informaci\u00f3n Tur\u00edstica de Castro con un aforo m\u00e1ximo permitido, de lunes a domingo de 10 a 19 horas. Dadas las nuevas condiciones que posibilitan el comercio en espacios cerrados aptos, de acuerdo al Plan Paso a [&hellip;]<\/p>\n","protected":false},"author":10,"featured_media":12926,"comment_status":"closed","ping_status":"closed","sticky":false,"template":"","format":"standard","meta":{"footnotes":""},"categories":[1],"tags":[],"class_list":["post-12921","post","type-post","status-publish","format-standard","has-post-thumbnail","hentry","category-noticias"],"publishpress_future_action":{"enabled":false,"date":"2026-05-03 20:35:26","action":"change-status","newStatus":"draft","terms":[],"taxonomy":"category"},"publishpress_future_workflow_manual_trigger":{"enabledWorkflows":[]},"_links":{"self":[{"href":"https:\/\/www.municipalidadcastro.cl\/index.php?rest_route=\/wp\/v2\/posts\/12921","targetHints":{"allow":["GET"]}}],"collection":[{"href":"https:\/\/www.municipalidadcastro.cl\/index.php?rest_route=\/wp\/v2\/posts"}],"about":[{"href":"https:\/\/www.municipalidadcastro.cl\/index.php?rest_route=\/wp\/v2\/types\/post"}],"author":[{"embeddable":true,"href":"https:\/\/www.municipalidadcastro.cl\/index.php?rest_route=\/wp\/v2\/users\/10"}],"replies":[{"embeddable":true,"href":"https:\/\/www.municipalidadcastro.cl\/index.php?rest_route=%2Fwp%2Fv2%2Fcomments&post=12921"}],"version-history":[{"count":1,"href":"https:\/\/www.municipalidadcastro.cl\/index.php?rest_route=\/wp\/v2\/posts\/12921\/revisions"}],"predecessor-version":[{"id":12927,"href":"https:\/\/www.municipalidadcastro.cl\/index.php?rest_route=\/wp\/v2\/posts\/12921\/revisions\/12927"}],"wp:featuredmedia":[{"embeddable":true,"href":"https:\/\/www.municipalidadcastro.cl\/index.php?rest_route=\/wp\/v2\/media\/12926"}],"wp:attachment":[{"href":"https:\/\/www.municipalidadcastro.cl\/index.php?rest_route=%2Fwp%2Fv2%2Fmedia&parent=12921"}],"wp:term":[{"taxonomy":"category","embeddable":true,"href":"https:\/\/www.municipalidadcastro.cl\/index.php?rest_route=%2Fwp%2Fv2%2Fcategories&post=12921"},{"taxonomy":"post_tag","embeddable":true,"href":"https:\/\/www.municipalidadcastro.cl\/index.php?rest_route=%2Fwp%2Fv2%2Ftags&post=12921"}],"curies":[{"name":"wp","href":"https:\/\/api.w.org\/{rel}","templated":true}]}}