{"id":12917,"date":"2021-07-22T16:09:04","date_gmt":"2021-07-22T19:09:04","guid":{"rendered":"http:\/\/www.castromunicipio.cl\/?p=12917"},"modified":"2021-07-22T16:09:04","modified_gmt":"2021-07-22T19:09:04","slug":"presentaran-recurso-de-proteccion-para-vecinos-de-puacura","status":"publish","type":"post","link":"https:\/\/www.municipalidadcastro.cl\/?p=12917","title":{"rendered":"Presentar\u00e1n recurso de protecci\u00f3n para vecinos de Puacura"},"content":{"rendered":"<p style=\"text-align: justify;\">Valorando la importancia del municipalismo, especialmente en la colaboraci\u00f3n mutua entre comunas hermanas, se reunieron los alcaldes de Dalcahue Juan Hijerra y de Castro Juan Eduardo Vera entregando este \u00faltimo todo su apoyo para resolver a la brevedad el problema que aqueja a la vecina comuna en relaci\u00f3n a los malos olores producto de una empresa de cal, y que ha provocado que los vecinos expresen p\u00fablicamente sus aprensiones respecto del funcionamiento o no de esta entidad privada.<\/p>\n<p style=\"text-align: justify;\">En tal sentido Juan Eduardo Vera se\u00f1al\u00f3 que se acord\u00f3, dentro del contexto de colaboraci\u00f3n mutua, que los departamentos jur\u00eddicos de ambos municipios presentar\u00e1n a la brevedad un recurso de protecci\u00f3n a favor de las familias del sector de Puacura y de todos los sectores aleda\u00f1os que se han visto afectados en su calidad de vida producto de los malos olores y contaminaci\u00f3n que produce dicha empresa privada.<\/p>\n<!--[if lt IE 9]><script>document.createElement('audio');<\/script><![endif]-->\n<audio class=\"wp-audio-shortcode\" id=\"audio-12917-1\" preload=\"none\" style=\"width: 100%;\" controls=\"controls\"><source type=\"audio\/mpeg\" src=\"http:\/\/www.castromunicipio.cl\/wp-content\/uploads\/2021\/07\/ALCALDE-DE-CASTRO-PUACURA.mp3?_=1\" \/><a href=\"http:\/\/www.castromunicipio.cl\/wp-content\/uploads\/2021\/07\/ALCALDE-DE-CASTRO-PUACURA.mp3\">http:\/\/www.castromunicipio.cl\/wp-content\/uploads\/2021\/07\/ALCALDE-DE-CASTRO-PUACURA.mp3<\/a><\/audio>\n<p style=\"text-align: justify;\">Sin embargo Juan Eduardo Vera fue m\u00e1s all\u00e1 y asever\u00f3 que como alcaldes no est\u00e1n en contra de la inversi\u00f3n privada, \u201cmuy por el contrario lo que estamos diciendo es que si la planta cuestionada tiene que funcionar que lo haga, pero cumpliendo estrictamente los est\u00e1ndares de calidad medioambiental con tal que no siga afectando a los vecinos y vecinas de Puacura y sus alrededores, y que sean los propios vecinos quienes tengan la certeza que esos est\u00e1ndares se est\u00e1n cumpliendo a cabalidad\u201d, subray\u00f3 la primera autoridad de la comuna del r\u00edo Gamboa.<\/p>\n<p style=\"text-align: justify;\">Lament\u00f3 que esos par\u00e1metros medioambientales hoy no se est\u00e1n cumpliendo y, adem\u00e1s, se est\u00e1 vulnerando un derecho constitucional como es vivir en un medio ambiente sano y libre de todo tipo de contaminaci\u00f3n y asegur\u00f3 Juan Eduardo Vera que con el recurso de protecci\u00f3n que se presentar\u00e1 dentro de los pr\u00f3ximos d\u00edas, se salvaguardar\u00e1 lo que la comunidad hoy requiere y exige.<\/p>\n<p style=\"text-align: justify;\">Finalmente sostuvo el edil castre\u00f1o que en forma paralela, junto al alcalde de Dalcahue, se est\u00e1n realizando una serie de gestiones ante organismos estatales que regulan esos est\u00e1ndares de calidad medioambiental.<\/p>\n<p><strong>Departamento de Comunicaciones y RR.PP.<\/strong><\/p>\n<p><strong>Castro, 22 de julio de 2021<\/strong><\/p>\n<p><strong>\u00a0<\/strong><\/p>\n","protected":false},"excerpt":{"rendered":"<p>Valorando la importancia del municipalismo, especialmente en la colaboraci\u00f3n mutua entre comunas hermanas, se reunieron los alcaldes de Dalcahue Juan Hijerra y de Castro Juan Eduardo Vera entregando este \u00faltimo todo su apoyo para resolver a la brevedad el problema que aqueja a la vecina comuna en relaci\u00f3n a los malos olores producto de una [&hellip;]<\/p>\n","protected":false},"author":3,"featured_media":12919,"comment_status":"closed","ping_status":"closed","sticky":false,"template":"","format":"standard","meta":{"footnotes":""},"categories":[1],"tags":[],"class_list":["post-12917","post","type-post","status-publish","format-standard","has-post-thumbnail","hentry","category-noticias"],"publishpress_future_action":{"enabled":false,"date":"2026-05-03 19:19:25","action":"change-status","newStatus":"draft","terms":[],"taxonomy":"category"},"publishpress_future_workflow_manual_trigger":{"enabledWorkflows":[]},"_links":{"self":[{"href":"https:\/\/www.municipalidadcastro.cl\/index.php?rest_route=\/wp\/v2\/posts\/12917","targetHints":{"allow":["GET"]}}],"collection":[{"href":"https:\/\/www.municipalidadcastro.cl\/index.php?rest_route=\/wp\/v2\/posts"}],"about":[{"href":"https:\/\/www.municipalidadcastro.cl\/index.php?rest_route=\/wp\/v2\/types\/post"}],"author":[{"embeddable":true,"href":"https:\/\/www.municipalidadcastro.cl\/index.php?rest_route=\/wp\/v2\/users\/3"}],"replies":[{"embeddable":true,"href":"https:\/\/www.municipalidadcastro.cl\/index.php?rest_route=%2Fwp%2Fv2%2Fcomments&post=12917"}],"version-history":[{"count":1,"href":"https:\/\/www.municipalidadcastro.cl\/index.php?rest_route=\/wp\/v2\/posts\/12917\/revisions"}],"predecessor-version":[{"id":12920,"href":"https:\/\/www.municipalidadcastro.cl\/index.php?rest_route=\/wp\/v2\/posts\/12917\/revisions\/12920"}],"wp:featuredmedia":[{"embeddable":true,"href":"https:\/\/www.municipalidadcastro.cl\/index.php?rest_route=\/wp\/v2\/media\/12919"}],"wp:attachment":[{"href":"https:\/\/www.municipalidadcastro.cl\/index.php?rest_route=%2Fwp%2Fv2%2Fmedia&parent=12917"}],"wp:term":[{"taxonomy":"category","embeddable":true,"href":"https:\/\/www.municipalidadcastro.cl\/index.php?rest_route=%2Fwp%2Fv2%2Fcategories&post=12917"},{"taxonomy":"post_tag","embeddable":true,"href":"https:\/\/www.municipalidadcastro.cl\/index.php?rest_route=%2Fwp%2Fv2%2Ftags&post=12917"}],"curies":[{"name":"wp","href":"https:\/\/api.w.org\/{rel}","templated":true}]}}