{"id":12908,"date":"2021-07-22T10:37:41","date_gmt":"2021-07-22T13:37:41","guid":{"rendered":"http:\/\/www.castromunicipio.cl\/?p=12908"},"modified":"2021-07-22T10:38:54","modified_gmt":"2021-07-22T13:38:54","slug":"alcalde-vera-respaldo-a-deportistas-que-representaran-a-la-comuna","status":"publish","type":"post","link":"https:\/\/www.municipalidadcastro.cl\/?p=12908","title":{"rendered":"Alcalde Vera respald\u00f3 a deportistas que representar\u00e1n a la comuna"},"content":{"rendered":"<p><strong>La autoridad destac\u00f3 el tes\u00f3n y el gran nivel de los 5 atletas que ir\u00e1n al Campeonato de Trail Running y Selectivo Nacional que se efectuar\u00e1 en Santiago, este 24 de julio.<\/strong><\/p>\n<p>Con el firme convencimiento de que el deporte, la vida sana y el bienestar integral de los vecinos, es esencial para el desarrollo de la comuna, el alcalde Juan Eduardo Vera, se reuni\u00f3 recientemente con 5 atletas, que este s\u00e1bado 24 de julio representar\u00e1n a Castro en el Campeonato Nacional de Trail Running y Selectivo.<\/p>\n<p>La m\u00e1xima autoridad comunal destac\u00f3 el tes\u00f3n y el gran nivel de los hermanos Camila y Diego Bilbao, V\u00edctor Hern\u00e1ndez; conocido en el ambiente deportivo como el \u201cHijo del Viento\u201d, Juan Pablo Vargas y Hugo Godoy, corredor de pruebas de obst\u00e1culos.<\/p>\n<p>\u201cNo tenemos ninguna duda que nos van a representar no tan solo con la fuerza mental que necesitan para enfrentar este desaf\u00edo, sino tambi\u00e9n con el tremendo coraz\u00f3n de estar representando a este territorio que es m\u00e1gico. Por eso les quiero dar hoy d\u00eda las gracias\u201d, sostuvo.<\/p>\n<!--[if lt IE 9]><script>document.createElement('audio');<\/script><![endif]-->\n<audio class=\"wp-audio-shortcode\" id=\"audio-12908-1\" preload=\"none\" style=\"width: 100%;\" controls=\"controls\"><source type=\"audio\/mpeg\" src=\"http:\/\/www.castromunicipio.cl\/wp-content\/uploads\/2021\/07\/Cuna-alcalde-1.mp3?_=1\" \/><a href=\"http:\/\/www.castromunicipio.cl\/wp-content\/uploads\/2021\/07\/Cuna-alcalde-1.mp3\">http:\/\/www.castromunicipio.cl\/wp-content\/uploads\/2021\/07\/Cuna-alcalde-1.mp3<\/a><\/audio>\n<p>Junto con desearles el mayor de los \u00e9xitos en el evento organizado por la Federaci\u00f3n Atl\u00e9tica de Chile que tendr\u00e1 lugar en Rinconada de Maip\u00fa, Santiago, Vera aprovech\u00f3 la oportunidad de entregarles el respaldo de Castro Municipio y el reconocimiento de la comunidad de Castro, que ve en ellos un gran ejemplo para las nuevas generaciones.<\/p>\n<p>\u201cEl respaldo no solo es de los 60 mil habitantes de Castro, sino de todos los habitantes de Chilo\u00e9 que van a estar ah\u00ed empujando por detr\u00e1s para que las vaya muy bien\u201d, dijo.<\/p>\n<audio class=\"wp-audio-shortcode\" id=\"audio-12908-2\" preload=\"none\" style=\"width: 100%;\" controls=\"controls\"><source type=\"audio\/mpeg\" src=\"http:\/\/www.castromunicipio.cl\/wp-content\/uploads\/2021\/07\/cuna-alcalde-2.mp3?_=2\" \/><a href=\"http:\/\/www.castromunicipio.cl\/wp-content\/uploads\/2021\/07\/cuna-alcalde-2.mp3\">http:\/\/www.castromunicipio.cl\/wp-content\/uploads\/2021\/07\/cuna-alcalde-2.mp3<\/a><\/audio>\n<p>Hugo Godoy, competidor vinculado a las carreras de obst\u00e1culo Spartan Race donde est\u00e1 ranqueado a nivel internacional, agradeci\u00f3 el gesto de parte del municipio representado por su alcalde.<\/p>\n<p>\u201cYo nunca hab\u00eda participado en una instancia as\u00ed, que nos reciban ahora y me imagino que es para darnos buena suerte y desearnos mucho bien en esta competencia. Eso lo encuentro espectacular\u201d, indic\u00f3 el tambi\u00e9n joven ingeniero comercial que se aventurar\u00e1 en los 60K.<\/p>\n<audio class=\"wp-audio-shortcode\" id=\"audio-12908-3\" preload=\"none\" style=\"width: 100%;\" controls=\"controls\"><source type=\"audio\/mpeg\" src=\"http:\/\/www.castromunicipio.cl\/wp-content\/uploads\/2021\/07\/Cuna-huguito.mp3?_=3\" \/><a href=\"http:\/\/www.castromunicipio.cl\/wp-content\/uploads\/2021\/07\/Cuna-huguito.mp3\">http:\/\/www.castromunicipio.cl\/wp-content\/uploads\/2021\/07\/Cuna-huguito.mp3<\/a><\/audio>\n<p>Cabe se\u00f1alar que el Campeonato Nacional de Trail Running contar\u00e1 con 120 competidores, aforo m\u00e1ximo para una competencia de este tipo. Aunque el desaf\u00edo es alto, los isle\u00f1os esperan quedar en los primeros lugares del certamen, logrando con ello un cupo en el team nacional que luego competir\u00e1 en el Sudamericano de la especialidad.<\/p>\n<p>&nbsp;<\/p>\n","protected":false},"excerpt":{"rendered":"<p>La autoridad destac\u00f3 el tes\u00f3n y el gran nivel de los 5 atletas que ir\u00e1n al Campeonato de Trail Running y Selectivo Nacional que se efectuar\u00e1 en Santiago, este 24 de julio. Con el firme convencimiento de que el deporte, la vida sana y el bienestar integral de los vecinos, es esencial para el desarrollo [&hellip;]<\/p>\n","protected":false},"author":10,"featured_media":12909,"comment_status":"closed","ping_status":"closed","sticky":false,"template":"","format":"standard","meta":{"footnotes":""},"categories":[1],"tags":[],"class_list":["post-12908","post","type-post","status-publish","format-standard","has-post-thumbnail","hentry","category-noticias"],"publishpress_future_action":{"enabled":false,"date":"2026-05-03 18:06:12","action":"change-status","newStatus":"draft","terms":[],"taxonomy":"category"},"publishpress_future_workflow_manual_trigger":{"enabledWorkflows":[]},"_links":{"self":[{"href":"https:\/\/www.municipalidadcastro.cl\/index.php?rest_route=\/wp\/v2\/posts\/12908","targetHints":{"allow":["GET"]}}],"collection":[{"href":"https:\/\/www.municipalidadcastro.cl\/index.php?rest_route=\/wp\/v2\/posts"}],"about":[{"href":"https:\/\/www.municipalidadcastro.cl\/index.php?rest_route=\/wp\/v2\/types\/post"}],"author":[{"embeddable":true,"href":"https:\/\/www.municipalidadcastro.cl\/index.php?rest_route=\/wp\/v2\/users\/10"}],"replies":[{"embeddable":true,"href":"https:\/\/www.municipalidadcastro.cl\/index.php?rest_route=%2Fwp%2Fv2%2Fcomments&post=12908"}],"version-history":[{"count":3,"href":"https:\/\/www.municipalidadcastro.cl\/index.php?rest_route=\/wp\/v2\/posts\/12908\/revisions"}],"predecessor-version":[{"id":12915,"href":"https:\/\/www.municipalidadcastro.cl\/index.php?rest_route=\/wp\/v2\/posts\/12908\/revisions\/12915"}],"wp:featuredmedia":[{"embeddable":true,"href":"https:\/\/www.municipalidadcastro.cl\/index.php?rest_route=\/wp\/v2\/media\/12909"}],"wp:attachment":[{"href":"https:\/\/www.municipalidadcastro.cl\/index.php?rest_route=%2Fwp%2Fv2%2Fmedia&parent=12908"}],"wp:term":[{"taxonomy":"category","embeddable":true,"href":"https:\/\/www.municipalidadcastro.cl\/index.php?rest_route=%2Fwp%2Fv2%2Fcategories&post=12908"},{"taxonomy":"post_tag","embeddable":true,"href":"https:\/\/www.municipalidadcastro.cl\/index.php?rest_route=%2Fwp%2Fv2%2Ftags&post=12908"}],"curies":[{"name":"wp","href":"https:\/\/api.w.org\/{rel}","templated":true}]}}