{"id":12875,"date":"2021-07-21T11:16:49","date_gmt":"2021-07-21T14:16:49","guid":{"rendered":"http:\/\/www.castromunicipio.cl\/?p=12875"},"modified":"2021-07-21T11:16:49","modified_gmt":"2021-07-21T14:16:49","slug":"castro-municipio-se-compromete-con-la-inclusion-social-de-las-personas-en-situacion-de-discapacidad","status":"publish","type":"post","link":"https:\/\/www.municipalidadcastro.cl\/?p=12875","title":{"rendered":"Castro Municipio se compromete con la inclusi\u00f3n social de las personas en situaci\u00f3n de discapacidad"},"content":{"rendered":"<p><em style=\"text-align: center\">El alcalde Juan Eduardo Vera resalt\u00f3 que es necesario que la sociedad avance y evolucione en materia de inclusi\u00f3n.<\/em><\/p>\n<p><img loading=\"lazy\" decoding=\"async\" class=\"alignnone size-medium wp-image-12881\" src=\"http:\/\/www.castromunicipio.cl\/wp-content\/uploads\/2021\/07\/WhatsApp-Image-2021-07-20-at-10.48.27-AM-3-300x200.jpeg\" alt=\"\" width=\"300\" height=\"200\" srcset=\"https:\/\/www.municipalidadcastro.cl\/wp-content\/uploads\/2021\/07\/WhatsApp-Image-2021-07-20-at-10.48.27-AM-3-300x200.jpeg 300w, https:\/\/www.municipalidadcastro.cl\/wp-content\/uploads\/2021\/07\/WhatsApp-Image-2021-07-20-at-10.48.27-AM-3-1024x682.jpeg 1024w, https:\/\/www.municipalidadcastro.cl\/wp-content\/uploads\/2021\/07\/WhatsApp-Image-2021-07-20-at-10.48.27-AM-3-768x511.jpeg 768w, https:\/\/www.municipalidadcastro.cl\/wp-content\/uploads\/2021\/07\/WhatsApp-Image-2021-07-20-at-10.48.27-AM-3-750x499.jpeg 750w, https:\/\/www.municipalidadcastro.cl\/wp-content\/uploads\/2021\/07\/WhatsApp-Image-2021-07-20-at-10.48.27-AM-3-1140x759.jpeg 1140w, https:\/\/www.municipalidadcastro.cl\/wp-content\/uploads\/2021\/07\/WhatsApp-Image-2021-07-20-at-10.48.27-AM-3.jpeg 1280w\" sizes=\"auto, (max-width: 300px) 100vw, 300px\" \/><img loading=\"lazy\" decoding=\"async\" class=\"alignnone size-medium wp-image-12882\" src=\"http:\/\/www.castromunicipio.cl\/wp-content\/uploads\/2021\/07\/WhatsApp-Image-2021-07-20-at-10.48.28-AM-1-300x200.jpeg\" alt=\"\" width=\"300\" height=\"200\" srcset=\"https:\/\/www.municipalidadcastro.cl\/wp-content\/uploads\/2021\/07\/WhatsApp-Image-2021-07-20-at-10.48.28-AM-1-300x200.jpeg 300w, https:\/\/www.municipalidadcastro.cl\/wp-content\/uploads\/2021\/07\/WhatsApp-Image-2021-07-20-at-10.48.28-AM-1-1024x682.jpeg 1024w, https:\/\/www.municipalidadcastro.cl\/wp-content\/uploads\/2021\/07\/WhatsApp-Image-2021-07-20-at-10.48.28-AM-1-768x511.jpeg 768w, https:\/\/www.municipalidadcastro.cl\/wp-content\/uploads\/2021\/07\/WhatsApp-Image-2021-07-20-at-10.48.28-AM-1-750x499.jpeg 750w, https:\/\/www.municipalidadcastro.cl\/wp-content\/uploads\/2021\/07\/WhatsApp-Image-2021-07-20-at-10.48.28-AM-1-1140x759.jpeg 1140w, https:\/\/www.municipalidadcastro.cl\/wp-content\/uploads\/2021\/07\/WhatsApp-Image-2021-07-20-at-10.48.28-AM-1.jpeg 1280w\" sizes=\"auto, (max-width: 300px) 100vw, 300px\" \/><\/p>\n<p style=\"text-align: justify\">Tras la ceremonia de certificaci\u00f3n del curso online, \u201cLineamientos para un Abordaje Inclusivo de Personas con Discapacidad en Contexto Residenciales\u201d, dirigido a mujeres que trabajan en el cuidado de personas dependientes de las Residencias del Hogar de Cristo y Millaray de Castro, el alcalde Juan Eduardo Vera, reforz\u00f3 el compromiso de la actual administraci\u00f3n en el avance de los procesos de Inclusi\u00f3n Social de las personas en situaci\u00f3n de discapacidad.<\/p>\n<p style=\"text-align: justify\">Para la m\u00e1xima autoridad comunal, fomentar este tipo de capacitaciones no solo es un gran aporte para quienes ejercen estas labores, sino para la comunidad en general, pues se incentiva la inclusi\u00f3n, meta en la cual tenemos que trabajar para que la sociedad avance y evolucione.<\/p>\n<p style=\"text-align: justify\">\u201cMuchas veces cuesta dar los pasos y cuesta que las instituciones p\u00fablicas realicen inversiones en torno a capacitar a personas a mujeres con un tremendo compromiso y que realizan un trabajo maravilloso prest\u00e1ndole asistencia a personas con discapacidad\u201d, sostuvo, agregando que Castro Municipio siempre estar\u00e1 disponible, con recursos propios para que esto sea masivo.<\/p>\n<p style=\"text-align: justify\">\u201cEl compromiso de nuestro municipio es no quedarnos ah\u00ed, sino que seguir buscando recursos para seguir capacitando en el corto plazo a otras mujeres que quieran capacitarse y que no tienen la posibilidad\u201d, dijo.<\/p>\n<!--[if lt IE 9]><script>document.createElement('audio');<\/script><![endif]-->\n<audio class=\"wp-audio-shortcode\" id=\"audio-12875-1\" preload=\"none\" style=\"width: 100%;\" controls=\"controls\"><source type=\"audio\/mpeg\" src=\"http:\/\/www.castromunicipio.cl\/wp-content\/uploads\/2021\/07\/ALCALDE-VERA-CURSO-DE-CUIDADORAS-PERSONAS-DEPENDIENTES.mp3?_=1\" \/><a href=\"http:\/\/www.castromunicipio.cl\/wp-content\/uploads\/2021\/07\/ALCALDE-VERA-CURSO-DE-CUIDADORAS-PERSONAS-DEPENDIENTES.mp3\">http:\/\/www.castromunicipio.cl\/wp-content\/uploads\/2021\/07\/ALCALDE-VERA-CURSO-DE-CUIDADORAS-PERSONAS-DEPENDIENTES.mp3<\/a><\/audio>\n<p>&nbsp;<\/p>\n<p style=\"text-align: justify\">Durante la primera quincena de junio, 20 mujeres que trabajan en Residencias del Hogar de Cristo y Millaray de Castro, fueron capacitadas respecto al cuidado inclusivo de personas con discapacidad dependientes, actividad que les permiti\u00f3 contar con herramientas adecuadas para realizar de mejor forma sus labores. El curso fue gestionado y financiado por Castro Municipio a trav\u00e9s de sus oficinas de la Mujer y de Discapacidad.<\/p>\n<p style=\"text-align: justify\">Hortensia Quelin, alumna del curso, manifest\u00f3 su agradecimiento al municipio de Castro, por la buena acogida al requerimiento realizado por un grupo de mujeres que trabajan en la atenci\u00f3n de personas dependientes, agregando que \u201ccon estas iniciativas se cumple un doble objetivo; entregar herramientas y conocimiento para un correcto cuidado de quienes lo requieren y visibilizar una situaci\u00f3n que sufren muchas familias de nuestra comuna.\u201d<\/p>\n<audio class=\"wp-audio-shortcode\" id=\"audio-12875-2\" preload=\"none\" style=\"width: 100%;\" controls=\"controls\"><source type=\"audio\/mpeg\" src=\"http:\/\/www.castromunicipio.cl\/wp-content\/uploads\/2021\/07\/HORTENSIA-QUELIN-CURSO-DE-CUIDADO-OK.mp3?_=2\" \/><a href=\"http:\/\/www.castromunicipio.cl\/wp-content\/uploads\/2021\/07\/HORTENSIA-QUELIN-CURSO-DE-CUIDADO-OK.mp3\">http:\/\/www.castromunicipio.cl\/wp-content\/uploads\/2021\/07\/HORTENSIA-QUELIN-CURSO-DE-CUIDADO-OK.mp3<\/a><\/audio>\n<p style=\"text-align: justify\">Finalmente, la encargada de la oficina de la mujer, Claudia B\u00f3rquez, resalto que en base a la necesidad existente, la buena recepci\u00f3n del curso recientemente dictado y por instrucci\u00f3n del alcalde Juan Eduardo Vera, los primeros d\u00edas de agosto se dictar\u00e1 el mismo curso a un segundo grupo de mujeres que fueron convocadas a trav\u00e9s de las redes sociales institucionales. Adicionalmente, para los pr\u00f3ximos meses se est\u00e1 programando la segunda parte de esta capacitaci\u00f3n que busca tratar tem\u00e1ticas m\u00e1s t\u00e9cnicas relacionadas al correcto abordaje inclusivo de personas con discapacidad y que dependen del cuidado de un tercero.<\/p>\n<p><img loading=\"lazy\" decoding=\"async\" class=\"alignnone size-medium wp-image-12883 aligncenter\" src=\"http:\/\/www.castromunicipio.cl\/wp-content\/uploads\/2021\/07\/WhatsApp-Image-2021-07-20-at-10.48.29-AM-300x200.jpeg\" alt=\"\" width=\"300\" height=\"200\" srcset=\"https:\/\/www.municipalidadcastro.cl\/wp-content\/uploads\/2021\/07\/WhatsApp-Image-2021-07-20-at-10.48.29-AM-300x200.jpeg 300w, https:\/\/www.municipalidadcastro.cl\/wp-content\/uploads\/2021\/07\/WhatsApp-Image-2021-07-20-at-10.48.29-AM-1024x682.jpeg 1024w, https:\/\/www.municipalidadcastro.cl\/wp-content\/uploads\/2021\/07\/WhatsApp-Image-2021-07-20-at-10.48.29-AM-768x511.jpeg 768w, https:\/\/www.municipalidadcastro.cl\/wp-content\/uploads\/2021\/07\/WhatsApp-Image-2021-07-20-at-10.48.29-AM-750x499.jpeg 750w, https:\/\/www.municipalidadcastro.cl\/wp-content\/uploads\/2021\/07\/WhatsApp-Image-2021-07-20-at-10.48.29-AM-1140x759.jpeg 1140w, https:\/\/www.municipalidadcastro.cl\/wp-content\/uploads\/2021\/07\/WhatsApp-Image-2021-07-20-at-10.48.29-AM.jpeg 1280w\" sizes=\"auto, (max-width: 300px) 100vw, 300px\" \/><\/p>\n<p style=\"text-align: center\"><strong>Departamento de Comunicaciones y RR.PP.<\/strong><\/p>\n<p style=\"text-align: center\"><strong>Castro, 21 de abril 2021<\/strong><\/p>\n<p style=\"text-align: center\">\n","protected":false},"excerpt":{"rendered":"<p>El alcalde Juan Eduardo Vera resalt\u00f3 que es necesario que la sociedad avance y evolucione en materia de inclusi\u00f3n. Tras la ceremonia de certificaci\u00f3n del curso online, \u201cLineamientos para un Abordaje Inclusivo de Personas con Discapacidad en Contexto Residenciales\u201d, dirigido a mujeres que trabajan en el cuidado de personas dependientes de las Residencias del Hogar [&hellip;]<\/p>\n","protected":false},"author":10,"featured_media":12879,"comment_status":"closed","ping_status":"closed","sticky":false,"template":"","format":"standard","meta":{"footnotes":""},"categories":[1],"tags":[],"class_list":["post-12875","post","type-post","status-publish","format-standard","has-post-thumbnail","hentry","category-noticias"],"publishpress_future_action":{"enabled":false,"date":"2026-05-03 15:47:36","action":"change-status","newStatus":"draft","terms":[],"taxonomy":"category"},"publishpress_future_workflow_manual_trigger":{"enabledWorkflows":[]},"_links":{"self":[{"href":"https:\/\/www.municipalidadcastro.cl\/index.php?rest_route=\/wp\/v2\/posts\/12875","targetHints":{"allow":["GET"]}}],"collection":[{"href":"https:\/\/www.municipalidadcastro.cl\/index.php?rest_route=\/wp\/v2\/posts"}],"about":[{"href":"https:\/\/www.municipalidadcastro.cl\/index.php?rest_route=\/wp\/v2\/types\/post"}],"author":[{"embeddable":true,"href":"https:\/\/www.municipalidadcastro.cl\/index.php?rest_route=\/wp\/v2\/users\/10"}],"replies":[{"embeddable":true,"href":"https:\/\/www.municipalidadcastro.cl\/index.php?rest_route=%2Fwp%2Fv2%2Fcomments&post=12875"}],"version-history":[{"count":1,"href":"https:\/\/www.municipalidadcastro.cl\/index.php?rest_route=\/wp\/v2\/posts\/12875\/revisions"}],"predecessor-version":[{"id":12885,"href":"https:\/\/www.municipalidadcastro.cl\/index.php?rest_route=\/wp\/v2\/posts\/12875\/revisions\/12885"}],"wp:featuredmedia":[{"embeddable":true,"href":"https:\/\/www.municipalidadcastro.cl\/index.php?rest_route=\/wp\/v2\/media\/12879"}],"wp:attachment":[{"href":"https:\/\/www.municipalidadcastro.cl\/index.php?rest_route=%2Fwp%2Fv2%2Fmedia&parent=12875"}],"wp:term":[{"taxonomy":"category","embeddable":true,"href":"https:\/\/www.municipalidadcastro.cl\/index.php?rest_route=%2Fwp%2Fv2%2Fcategories&post=12875"},{"taxonomy":"post_tag","embeddable":true,"href":"https:\/\/www.municipalidadcastro.cl\/index.php?rest_route=%2Fwp%2Fv2%2Ftags&post=12875"}],"curies":[{"name":"wp","href":"https:\/\/api.w.org\/{rel}","templated":true}]}}