{"id":12863,"date":"2021-07-20T11:54:24","date_gmt":"2021-07-20T14:54:24","guid":{"rendered":"http:\/\/www.castromunicipio.cl\/?p=12863"},"modified":"2021-07-20T11:55:41","modified_gmt":"2021-07-20T14:55:41","slug":"vehiculo-de-seguridad-ciudadana-potencia-la-disuasion-de-la-delincuencia","status":"publish","type":"post","link":"https:\/\/www.municipalidadcastro.cl\/?p=12863","title":{"rendered":"Veh\u00edculo de Seguridad Ciudadana potencia la disuasi\u00f3n de la delincuencia"},"content":{"rendered":"<p><strong>Castro Municipio y Carabineros reconocen que la nueva unidad tambi\u00e9n ha ayudado a fortalecer la sensaci\u00f3n de seguridad de los vecinos y vecinas.<\/strong><\/p>\n<p>El trabajo colaborativo permanente que desarrolla la Direcci\u00f3n de Seguridad P\u00fablica de Castro Municipio en conjunto con las polic\u00edas se ve reflejado diariamente con la nueva unidad m\u00f3vil de Seguridad Ciudadana, las 26 c\u00e1maras de televigilancia dispuestas en distintos puntos de la capital comunal y la labor coordinada con los gestores territoriales.<\/p>\n<p>En el caso del veh\u00edculo de Seguridad P\u00fablica, se han visto positivos resultados en materia disuasiva, explic\u00f3 Lorena Barr\u00eda, Directora de Seguridad P\u00fablica municipal.<\/p>\n<p>\u201cLos vecinos ya lo han visto en sus sectores. Es un m\u00f3vil que no tiene horario, que obviamente es un m\u00f3vil que articula el trabajo con las polic\u00edas y tambi\u00e9n hace un trabajo disuasivo que ayuda a mejorar el clima de seguridad y sensaci\u00f3n de seguridad entre los vecinos\u201d, sostuvo.<\/p>\n<!--[if lt IE 9]><script>document.createElement('audio');<\/script><![endif]-->\n<audio class=\"wp-audio-shortcode\" id=\"audio-12863-1\" preload=\"none\" style=\"width: 100%;\" controls=\"controls\"><source type=\"audio\/mpeg\" src=\"http:\/\/www.castromunicipio.cl\/wp-content\/uploads\/2021\/07\/cuna-Lorena-Barria-1.mp3?_=1\" \/><a href=\"http:\/\/www.castromunicipio.cl\/wp-content\/uploads\/2021\/07\/cuna-Lorena-Barria-1.mp3\">http:\/\/www.castromunicipio.cl\/wp-content\/uploads\/2021\/07\/cuna-Lorena-Barria-1.mp3<\/a><\/audio>\n<p>En la misma l\u00ednea, el mayor Gustavo Guajardo, jefe de la Comisar\u00eda de Carabineros de la capital chilota, resalt\u00f3 que se han trabajado \u201cbastantes temas en conjunto, con resultados positivos que tienen que ver con fiscalizaci\u00f3n y la cooperaci\u00f3n en gestiones que se pueden hacer a nivel municipal. La verdad que la Direcci\u00f3n de Seguridad P\u00fablica y la incorporaci\u00f3n de este nuevo m\u00f3vil han sido un tremendo aporte para nosotros \u201c, sostuvo.<\/p>\n<audio class=\"wp-audio-shortcode\" id=\"audio-12863-2\" preload=\"none\" style=\"width: 100%;\" controls=\"controls\"><source type=\"audio\/mpeg\" src=\"http:\/\/www.castromunicipio.cl\/wp-content\/uploads\/2021\/07\/comisario-1.mp3?_=2\" \/><a href=\"http:\/\/www.castromunicipio.cl\/wp-content\/uploads\/2021\/07\/comisario-1.mp3\">http:\/\/www.castromunicipio.cl\/wp-content\/uploads\/2021\/07\/comisario-1.mp3<\/a><\/audio>\n<p>El mayor manifest\u00f3 que el trabajo colaborativo entre el municipio, vecinos y polic\u00edas ha permitido una diminuci\u00f3n en los delitos. \u201cHay que recalcar a la comunidad que las cifras van a la baja. Nosotros tenemos desde este a\u00f1o a la fecha, en comparaci\u00f3n con el a\u00f1o anterior, disminuciones del orden de 24% para delitos violentos y cerca del 50% para delitos no violentos. Entonces, estamos hablando de disminuciones bastante significativas\u201d, sostuvo.<\/p>\n<audio class=\"wp-audio-shortcode\" id=\"audio-12863-3\" preload=\"none\" style=\"width: 100%;\" controls=\"controls\"><source type=\"audio\/mpeg\" src=\"http:\/\/www.castromunicipio.cl\/wp-content\/uploads\/2021\/07\/comisario-2.mp3?_=3\" \/><a href=\"http:\/\/www.castromunicipio.cl\/wp-content\/uploads\/2021\/07\/comisario-2.mp3\">http:\/\/www.castromunicipio.cl\/wp-content\/uploads\/2021\/07\/comisario-2.mp3<\/a><\/audio>\n<p>Finalmente, la directora de Seguridad P\u00fablica indic\u00f3 que por instrucci\u00f3n del alcalde Juan Eduardo Vera, los esfuerzos se han enfocado en poner en marcha una serie de medidas tendientes a llevar m\u00e1s seguridad a los diferentes sectores de Castro, ya sea a trav\u00e9s de la l\u00ednea vecinal 1427, la implementaci\u00f3n de c\u00e1maras de televigilancia, el trabajo de los gestores territoriales y los patrullajes preventivos.<\/p>\n<p>&nbsp;<\/p>\n<p><strong>Departamento de Comunicaciones y RR.PP.<\/strong><\/p>\n<p><strong>Castro, 20 de julio de 2021<\/strong><\/p>\n","protected":false},"excerpt":{"rendered":"<p>Castro Municipio y Carabineros reconocen que la nueva unidad tambi\u00e9n ha ayudado a fortalecer la sensaci\u00f3n de seguridad de los vecinos y vecinas. El trabajo colaborativo permanente que desarrolla la Direcci\u00f3n de Seguridad P\u00fablica de Castro Municipio en conjunto con las polic\u00edas se ve reflejado diariamente con la nueva unidad m\u00f3vil de Seguridad Ciudadana, las [&hellip;]<\/p>\n","protected":false},"author":10,"featured_media":12869,"comment_status":"closed","ping_status":"closed","sticky":false,"template":"","format":"standard","meta":{"footnotes":""},"categories":[1],"tags":[],"class_list":["post-12863","post","type-post","status-publish","format-standard","has-post-thumbnail","hentry","category-noticias"],"publishpress_future_action":{"enabled":false,"date":"2026-05-03 14:43:42","action":"change-status","newStatus":"draft","terms":[],"taxonomy":"category"},"publishpress_future_workflow_manual_trigger":{"enabledWorkflows":[]},"_links":{"self":[{"href":"https:\/\/www.municipalidadcastro.cl\/index.php?rest_route=\/wp\/v2\/posts\/12863","targetHints":{"allow":["GET"]}}],"collection":[{"href":"https:\/\/www.municipalidadcastro.cl\/index.php?rest_route=\/wp\/v2\/posts"}],"about":[{"href":"https:\/\/www.municipalidadcastro.cl\/index.php?rest_route=\/wp\/v2\/types\/post"}],"author":[{"embeddable":true,"href":"https:\/\/www.municipalidadcastro.cl\/index.php?rest_route=\/wp\/v2\/users\/10"}],"replies":[{"embeddable":true,"href":"https:\/\/www.municipalidadcastro.cl\/index.php?rest_route=%2Fwp%2Fv2%2Fcomments&post=12863"}],"version-history":[{"count":3,"href":"https:\/\/www.municipalidadcastro.cl\/index.php?rest_route=\/wp\/v2\/posts\/12863\/revisions"}],"predecessor-version":[{"id":12872,"href":"https:\/\/www.municipalidadcastro.cl\/index.php?rest_route=\/wp\/v2\/posts\/12863\/revisions\/12872"}],"wp:featuredmedia":[{"embeddable":true,"href":"https:\/\/www.municipalidadcastro.cl\/index.php?rest_route=\/wp\/v2\/media\/12869"}],"wp:attachment":[{"href":"https:\/\/www.municipalidadcastro.cl\/index.php?rest_route=%2Fwp%2Fv2%2Fmedia&parent=12863"}],"wp:term":[{"taxonomy":"category","embeddable":true,"href":"https:\/\/www.municipalidadcastro.cl\/index.php?rest_route=%2Fwp%2Fv2%2Fcategories&post=12863"},{"taxonomy":"post_tag","embeddable":true,"href":"https:\/\/www.municipalidadcastro.cl\/index.php?rest_route=%2Fwp%2Fv2%2Ftags&post=12863"}],"curies":[{"name":"wp","href":"https:\/\/api.w.org\/{rel}","templated":true}]}}