{"id":12859,"date":"2021-07-19T12:18:58","date_gmt":"2021-07-19T15:18:58","guid":{"rendered":"http:\/\/www.castromunicipio.cl\/?p=12859"},"modified":"2021-07-19T12:18:58","modified_gmt":"2021-07-19T15:18:58","slug":"rilan-se-potencia-como-un-fuerte-polo-de-desarrollo","status":"publish","type":"post","link":"https:\/\/www.municipalidadcastro.cl\/?p=12859","title":{"rendered":"Ril\u00e1n se potencia como un fuerte polo de desarrollo"},"content":{"rendered":"<p style=\"text-align: justify;\">\u201cPara nosotros es sumamente importante potenciar el sector de Ril\u00e1n porque Castro, inevitablemente, tiende a proyectarse hacia los sectores m\u00e1s rurales y Ril\u00e1n, en ese polo de desarrollo, jugar\u00e1 un rol preponderante\u201d, sostuvo el alcalde Juan Eduardo Vera dejando claramente establecida las prioridades para esa pen\u00ednsula y asimismo aprovech\u00f3 la oportunidad para anunciar la inversi\u00f3n de m\u00e1s de 104 millones de pesos para la remodelaci\u00f3n completa de la a\u00f1osa planta de agua potable del sector, sue\u00f1o acariciado por los vecinos de dicho sector.<\/p>\n<p style=\"text-align: justify;\">De hecho fue el propio edil castre\u00f1o quien ya firm\u00f3 el contrato respectivo con una empresa particular anunciando que dentro de los pr\u00f3ximos d\u00edas se har\u00e1 entrega oficial de las obras para que en el menor plazo posible estos trabajos est\u00e9n concluidos.<\/p>\n<p style=\"text-align: justify;\">Vera asegur\u00f3 que de esta manera se van concretando los anhelos de los vecinos de Ril\u00e1n quienes han debido pasar por demasiados imponderables, especialmente por la mala calidad del agua que ten\u00edan hist\u00f3ricamente, \u201cpero que con paciencia de los vecinos y sus dirigentes esta administraci\u00f3n municipal ha ido dejando de lado con el solo objetivo de mejorar cada d\u00eda la calidad de vida de los esforzados vecinos de la pen\u00ednsula\u201d, remarc\u00f3 el alcalde de la capital provincial.<\/p>\n<!--[if lt IE 9]><script>document.createElement('audio');<\/script><![endif]-->\n<audio class=\"wp-audio-shortcode\" id=\"audio-12859-1\" preload=\"none\" style=\"width: 100%;\" controls=\"controls\"><source type=\"audio\/mpeg\" src=\"http:\/\/www.castromunicipio.cl\/wp-content\/uploads\/2021\/07\/ALCALDE-VERA-RILAN.mp3?_=1\" \/><a href=\"http:\/\/www.castromunicipio.cl\/wp-content\/uploads\/2021\/07\/ALCALDE-VERA-RILAN.mp3\">http:\/\/www.castromunicipio.cl\/wp-content\/uploads\/2021\/07\/ALCALDE-VERA-RILAN.mp3<\/a><\/audio>\n<p style=\"text-align: justify;\">Cabe hacer presente que tambi\u00e9n se mejor\u00f3 la calidad del agua potable que consum\u00edan los vecinos y hubo un recambio de tuber\u00edas al sistema de agua potable rural, trabajos que implicaron tambi\u00e9n una fuerte inversi\u00f3n municipal y que no se hac\u00eda desde el a\u00f1o 1986.<\/p>\n<p style=\"text-align: justify;\">A lo anterior se suman una serie de recursos inyectados para la pavimentaci\u00f3n de caminos lo que para el alcalde de Castro \u201cera una necesidad, porque Castro inevitablemente su desarrollo pasa por potenciar esos sectores y en eso no escatimaremos esfuerzos ni recursos para concretar ese sue\u00f1o\u201d, asever\u00f3 la primera autoridad comunal remarcando que su gesti\u00f3n se caracteriza tambi\u00e9n por la concreci\u00f3n de obras emblem\u00e1ticas para toda la capital provincial, tanto urbana como rural.<\/p>\n<p><strong>Departamento de Comunicaciones y RR.PP.<\/strong><\/p>\n<p><strong>Castro, julio 19 de 2021<\/strong><\/p>\n","protected":false},"excerpt":{"rendered":"<p>\u201cPara nosotros es sumamente importante potenciar el sector de Ril\u00e1n porque Castro, inevitablemente, tiende a proyectarse hacia los sectores m\u00e1s rurales y Ril\u00e1n, en ese polo de desarrollo, jugar\u00e1 un rol preponderante\u201d, sostuvo el alcalde Juan Eduardo Vera dejando claramente establecida las prioridades para esa pen\u00ednsula y asimismo aprovech\u00f3 la oportunidad para anunciar la inversi\u00f3n [&hellip;]<\/p>\n","protected":false},"author":3,"featured_media":12861,"comment_status":"closed","ping_status":"closed","sticky":false,"template":"","format":"standard","meta":{"footnotes":""},"categories":[1],"tags":[],"class_list":["post-12859","post","type-post","status-publish","format-standard","has-post-thumbnail","hentry","category-noticias"],"publishpress_future_action":{"enabled":false,"date":"2026-05-03 13:23:58","action":"change-status","newStatus":"draft","terms":[],"taxonomy":"category"},"publishpress_future_workflow_manual_trigger":{"enabledWorkflows":[]},"_links":{"self":[{"href":"https:\/\/www.municipalidadcastro.cl\/index.php?rest_route=\/wp\/v2\/posts\/12859","targetHints":{"allow":["GET"]}}],"collection":[{"href":"https:\/\/www.municipalidadcastro.cl\/index.php?rest_route=\/wp\/v2\/posts"}],"about":[{"href":"https:\/\/www.municipalidadcastro.cl\/index.php?rest_route=\/wp\/v2\/types\/post"}],"author":[{"embeddable":true,"href":"https:\/\/www.municipalidadcastro.cl\/index.php?rest_route=\/wp\/v2\/users\/3"}],"replies":[{"embeddable":true,"href":"https:\/\/www.municipalidadcastro.cl\/index.php?rest_route=%2Fwp%2Fv2%2Fcomments&post=12859"}],"version-history":[{"count":1,"href":"https:\/\/www.municipalidadcastro.cl\/index.php?rest_route=\/wp\/v2\/posts\/12859\/revisions"}],"predecessor-version":[{"id":12862,"href":"https:\/\/www.municipalidadcastro.cl\/index.php?rest_route=\/wp\/v2\/posts\/12859\/revisions\/12862"}],"wp:featuredmedia":[{"embeddable":true,"href":"https:\/\/www.municipalidadcastro.cl\/index.php?rest_route=\/wp\/v2\/media\/12861"}],"wp:attachment":[{"href":"https:\/\/www.municipalidadcastro.cl\/index.php?rest_route=%2Fwp%2Fv2%2Fmedia&parent=12859"}],"wp:term":[{"taxonomy":"category","embeddable":true,"href":"https:\/\/www.municipalidadcastro.cl\/index.php?rest_route=%2Fwp%2Fv2%2Fcategories&post=12859"},{"taxonomy":"post_tag","embeddable":true,"href":"https:\/\/www.municipalidadcastro.cl\/index.php?rest_route=%2Fwp%2Fv2%2Ftags&post=12859"}],"curies":[{"name":"wp","href":"https:\/\/api.w.org\/{rel}","templated":true}]}}