{"id":12844,"date":"2021-07-19T09:43:23","date_gmt":"2021-07-19T12:43:23","guid":{"rendered":"http:\/\/www.castromunicipio.cl\/?p=12844"},"modified":"2021-07-19T09:45:16","modified_gmt":"2021-07-19T12:45:16","slug":"castro-municipio-refuerza-trabajo-colaborativo-con-centro-de-reinsercion-laboral-para-personas-que-cumplen-condena-en-libertad","status":"publish","type":"post","link":"https:\/\/www.municipalidadcastro.cl\/?p=12844","title":{"rendered":"Castro Municipio refuerza trabajo colaborativo con Centro de Reinserci\u00f3n Laboral para personas que cumplen condena en libertad  \u00a0"},"content":{"rendered":"<p>&nbsp;<\/p>\n<p style=\"text-align: center\"><em>La OMIL y el <\/em>Centro de Reinserci\u00f3n Social de Castro <em>ya se encuentran trabajando para facilitar el acceso a programas de capacitaci\u00f3n y colocaci\u00f3n laboral que permitan mejorar las condiciones de empleabilidad futura de los usuarios del Sistema Abierto de Gendarmer\u00eda.<\/em><\/p>\n<p><img loading=\"lazy\" decoding=\"async\" class=\"alignnone size-medium wp-image-12849 aligncenter\" src=\"http:\/\/www.castromunicipio.cl\/wp-content\/uploads\/2021\/07\/WhatsApp-Image-2021-07-15-at-5.00.24-PM-1-300x135.jpeg\" alt=\"\" width=\"300\" height=\"135\" srcset=\"https:\/\/www.municipalidadcastro.cl\/wp-content\/uploads\/2021\/07\/WhatsApp-Image-2021-07-15-at-5.00.24-PM-1-300x135.jpeg 300w, https:\/\/www.municipalidadcastro.cl\/wp-content\/uploads\/2021\/07\/WhatsApp-Image-2021-07-15-at-5.00.24-PM-1-1024x461.jpeg 1024w, https:\/\/www.municipalidadcastro.cl\/wp-content\/uploads\/2021\/07\/WhatsApp-Image-2021-07-15-at-5.00.24-PM-1-768x346.jpeg 768w, https:\/\/www.municipalidadcastro.cl\/wp-content\/uploads\/2021\/07\/WhatsApp-Image-2021-07-15-at-5.00.24-PM-1-750x338.jpeg 750w, https:\/\/www.municipalidadcastro.cl\/wp-content\/uploads\/2021\/07\/WhatsApp-Image-2021-07-15-at-5.00.24-PM-1-1140x513.jpeg 1140w, https:\/\/www.municipalidadcastro.cl\/wp-content\/uploads\/2021\/07\/WhatsApp-Image-2021-07-15-at-5.00.24-PM-1.jpeg 1280w\" sizes=\"auto, (max-width: 300px) 100vw, 300px\" \/><\/p>\n<p style=\"text-align: justify\"><em>\u00a0<\/em>El equipo de la Oficina de Intermediaci\u00f3n Laboral (Omil) de Castro Municipio sostuvo una reuni\u00f3n con representantes del Programa de Intermediaci\u00f3n Laboral en el Sistema Abierto (PILSA), del Centro de Reinserci\u00f3n Social de Castro (C.R.S.), de Gendarmer\u00eda de Chile, para reforzar las actividades de inclusi\u00f3n y reinserci\u00f3n laboral para personas que se encuentran cumpliendo diferentes penas sustitutivas.<\/p>\n<p style=\"text-align: justify\">Siguiendo el lineamiento del alcalde Juan Eduardo Vera de retomar actividades debilitadas producto de la pandemia, es que la OMIL se ha propuesto contribuir y facilitar el acceso a programas de capacitaci\u00f3n y colocaci\u00f3n laboral que permitan mejorar las condiciones de empleabilidad futura de los usuarios del Sistema Abierto de Gendarmer\u00eda. As\u00ed lo inform\u00f3 el encargado de la OMIL de Castro Municipio, Rodrigo Nu\u00f1ez, quien agreg\u00f3 que \u201csi bien hemos trabajado en forma colaborativa desde el a\u00f1o 2017, tras la firma del convenio suscrito entre ambas instituciones, hoy sostuvimos una nueva reuni\u00f3n que busca reforzar y potenciar la labor en el fomento a la inserci\u00f3n laboral y capacitaci\u00f3n t\u00e9cnica en personas en situaci\u00f3n de vulnerabilidad social que cumplen con una condena en libertad.\u201d<\/p>\n<!--[if lt IE 9]><script>document.createElement('audio');<\/script><![endif]-->\n<audio class=\"wp-audio-shortcode\" id=\"audio-12844-1\" preload=\"none\" style=\"width: 100%;\" controls=\"controls\"><source type=\"audio\/mpeg\" src=\"http:\/\/www.castromunicipio.cl\/wp-content\/uploads\/2021\/07\/RODRIGO-NUNEZ-PILSA.mp3?_=1\" \/><a href=\"http:\/\/www.castromunicipio.cl\/wp-content\/uploads\/2021\/07\/RODRIGO-NUNEZ-PILSA.mp3\">http:\/\/www.castromunicipio.cl\/wp-content\/uploads\/2021\/07\/RODRIGO-NUNEZ-PILSA.mp3<\/a><\/audio>\n<p style=\"text-align: justify\">De acuerdo a lo explicado por el encargado del Centro de Reinserci\u00f3n Social de Castro, Juan Carlos M\u00e1rquez, previa elaboraci\u00f3n de diagn\u00f3sticos sociales, deriva a la Omil a sus usuarios que cumplan las penas sustitutivas a la c\u00e1rcel, como libertad vigilada, prestaci\u00f3n de servicios en beneficio de la comunidad, y que son de bajo riesgo de reincidencia.<\/p>\n<audio class=\"wp-audio-shortcode\" id=\"audio-12844-2\" preload=\"none\" style=\"width: 100%;\" controls=\"controls\"><source type=\"audio\/mpeg\" src=\"http:\/\/www.castromunicipio.cl\/wp-content\/uploads\/2021\/07\/JUAN-CARLOS-MARQUEZ-CRS.mp3?_=2\" \/><a href=\"http:\/\/www.castromunicipio.cl\/wp-content\/uploads\/2021\/07\/JUAN-CARLOS-MARQUEZ-CRS.mp3\">http:\/\/www.castromunicipio.cl\/wp-content\/uploads\/2021\/07\/JUAN-CARLOS-MARQUEZ-CRS.mp3<\/a><\/audio>\n<p style=\"text-align: justify\">Finalmente, el sic\u00f3logo de la Omil de Castro Municipio, Marcelo Vera indic\u00f3 que dentro del proceso de inserci\u00f3n establecido\u00a0 en el convenio,\u00a0 adem\u00e1s de la entrega de capacitaci\u00f3n en un oficio y la colocaci\u00f3n laboral, tambi\u00e9n se realiza una inducci\u00f3n en la elaboraci\u00f3n de curr\u00edculum y c\u00f3mo se debe enfrentar una entrevista de trabajo con los talleres de apresto laboral.<\/p>\n<p style=\"text-align: justify\"><img loading=\"lazy\" decoding=\"async\" class=\"alignnone size-medium wp-image-12850\" src=\"http:\/\/www.castromunicipio.cl\/wp-content\/uploads\/2021\/07\/reunion-crs-12-de-julio-2021-1-300x169.jpg\" alt=\"\" width=\"300\" height=\"169\" srcset=\"https:\/\/www.municipalidadcastro.cl\/wp-content\/uploads\/2021\/07\/reunion-crs-12-de-julio-2021-1-300x169.jpg 300w, https:\/\/www.municipalidadcastro.cl\/wp-content\/uploads\/2021\/07\/reunion-crs-12-de-julio-2021-1-1024x576.jpg 1024w, https:\/\/www.municipalidadcastro.cl\/wp-content\/uploads\/2021\/07\/reunion-crs-12-de-julio-2021-1-768x432.jpg 768w, https:\/\/www.municipalidadcastro.cl\/wp-content\/uploads\/2021\/07\/reunion-crs-12-de-julio-2021-1-750x422.jpg 750w, https:\/\/www.municipalidadcastro.cl\/wp-content\/uploads\/2021\/07\/reunion-crs-12-de-julio-2021-1-1140x641.jpg 1140w, https:\/\/www.municipalidadcastro.cl\/wp-content\/uploads\/2021\/07\/reunion-crs-12-de-julio-2021-1.jpg 1366w\" sizes=\"auto, (max-width: 300px) 100vw, 300px\" \/><img loading=\"lazy\" decoding=\"async\" class=\"alignnone size-medium wp-image-12851\" src=\"http:\/\/www.castromunicipio.cl\/wp-content\/uploads\/2021\/07\/WhatsApp-Image-2021-07-15-at-5.00.24-PM-2-300x135.jpeg\" alt=\"\" width=\"300\" height=\"135\" srcset=\"https:\/\/www.municipalidadcastro.cl\/wp-content\/uploads\/2021\/07\/WhatsApp-Image-2021-07-15-at-5.00.24-PM-2-300x135.jpeg 300w, https:\/\/www.municipalidadcastro.cl\/wp-content\/uploads\/2021\/07\/WhatsApp-Image-2021-07-15-at-5.00.24-PM-2-1024x461.jpeg 1024w, https:\/\/www.municipalidadcastro.cl\/wp-content\/uploads\/2021\/07\/WhatsApp-Image-2021-07-15-at-5.00.24-PM-2-768x346.jpeg 768w, https:\/\/www.municipalidadcastro.cl\/wp-content\/uploads\/2021\/07\/WhatsApp-Image-2021-07-15-at-5.00.24-PM-2-750x338.jpeg 750w, https:\/\/www.municipalidadcastro.cl\/wp-content\/uploads\/2021\/07\/WhatsApp-Image-2021-07-15-at-5.00.24-PM-2-1140x513.jpeg 1140w, https:\/\/www.municipalidadcastro.cl\/wp-content\/uploads\/2021\/07\/WhatsApp-Image-2021-07-15-at-5.00.24-PM-2.jpeg 1280w\" sizes=\"auto, (max-width: 300px) 100vw, 300px\" \/><\/p>\n<p>&nbsp;<\/p>\n<p style=\"text-align: center\"><strong>Departamento de Comunicaciones y RR.PP.<\/strong><\/p>\n<p style=\"text-align: center\"><strong>Castro, 19 de julio 2021<\/strong><\/p>\n","protected":false},"excerpt":{"rendered":"<p>&nbsp; La OMIL y el Centro de Reinserci\u00f3n Social de Castro ya se encuentran trabajando para facilitar el acceso a programas de capacitaci\u00f3n y colocaci\u00f3n laboral que permitan mejorar las condiciones de empleabilidad futura de los usuarios del Sistema Abierto de Gendarmer\u00eda. \u00a0El equipo de la Oficina de Intermediaci\u00f3n Laboral (Omil) de Castro Municipio sostuvo [&hellip;]<\/p>\n","protected":false},"author":10,"featured_media":12848,"comment_status":"closed","ping_status":"closed","sticky":false,"template":"","format":"standard","meta":{"footnotes":""},"categories":[1],"tags":[],"class_list":["post-12844","post","type-post","status-publish","format-standard","has-post-thumbnail","hentry","category-noticias"],"publishpress_future_action":{"enabled":false,"date":"2026-05-03 11:53:04","action":"change-status","newStatus":"draft","terms":[],"taxonomy":"category"},"publishpress_future_workflow_manual_trigger":{"enabledWorkflows":[]},"_links":{"self":[{"href":"https:\/\/www.municipalidadcastro.cl\/index.php?rest_route=\/wp\/v2\/posts\/12844","targetHints":{"allow":["GET"]}}],"collection":[{"href":"https:\/\/www.municipalidadcastro.cl\/index.php?rest_route=\/wp\/v2\/posts"}],"about":[{"href":"https:\/\/www.municipalidadcastro.cl\/index.php?rest_route=\/wp\/v2\/types\/post"}],"author":[{"embeddable":true,"href":"https:\/\/www.municipalidadcastro.cl\/index.php?rest_route=\/wp\/v2\/users\/10"}],"replies":[{"embeddable":true,"href":"https:\/\/www.municipalidadcastro.cl\/index.php?rest_route=%2Fwp%2Fv2%2Fcomments&post=12844"}],"version-history":[{"count":2,"href":"https:\/\/www.municipalidadcastro.cl\/index.php?rest_route=\/wp\/v2\/posts\/12844\/revisions"}],"predecessor-version":[{"id":12854,"href":"https:\/\/www.municipalidadcastro.cl\/index.php?rest_route=\/wp\/v2\/posts\/12844\/revisions\/12854"}],"wp:featuredmedia":[{"embeddable":true,"href":"https:\/\/www.municipalidadcastro.cl\/index.php?rest_route=\/wp\/v2\/media\/12848"}],"wp:attachment":[{"href":"https:\/\/www.municipalidadcastro.cl\/index.php?rest_route=%2Fwp%2Fv2%2Fmedia&parent=12844"}],"wp:term":[{"taxonomy":"category","embeddable":true,"href":"https:\/\/www.municipalidadcastro.cl\/index.php?rest_route=%2Fwp%2Fv2%2Fcategories&post=12844"},{"taxonomy":"post_tag","embeddable":true,"href":"https:\/\/www.municipalidadcastro.cl\/index.php?rest_route=%2Fwp%2Fv2%2Ftags&post=12844"}],"curies":[{"name":"wp","href":"https:\/\/api.w.org\/{rel}","templated":true}]}}