{"id":12835,"date":"2021-07-15T17:57:45","date_gmt":"2021-07-15T20:57:45","guid":{"rendered":"http:\/\/www.castromunicipio.cl\/?p=12835"},"modified":"2021-07-15T17:58:25","modified_gmt":"2021-07-15T20:58:25","slug":"castro-municipio-entrega-recomendaciones-para-proteger-el-hogar-en-temporada-invernal","status":"publish","type":"post","link":"https:\/\/www.municipalidadcastro.cl\/?p=12835","title":{"rendered":"Castro Municipio entrega recomendaciones para proteger el hogar en temporada invernal"},"content":{"rendered":"<p style=\"text-align: justify;\"><strong>Desde la oficina de Emergencia hicieron especial \u00e9nfasis en el cuidado y limpieza de las estufas a le\u00f1a para evitar incendios y hechos que lamentar.<\/strong><\/p>\n<p style=\"text-align: justify;\">Una de las principales labores de la Oficina de Emergencias y Protecci\u00f3n Civil de Castro Municipio es llevar a cabo acciones educacionales preventivas para evitar situaciones que lamentar y cualquier da\u00f1o que pudiese afectar a los vecinos y vecinas de la comuna de Castro.<\/p>\n<p style=\"text-align: justify;\">En ese sentido, el encargado de la repartici\u00f3n, Cristian Ruiz, entreg\u00f3 una serie de recomendaciones de cara a la temporada invernal, especialmente en lo referente a los riesgos de incendios al interior de los hogares.<\/p>\n<p style=\"text-align: justify;\">\u201cOcupamos la estufa a le\u00f1a, la combusti\u00f3n, los calentadores a parafina, los calentadores a electricidad, a gas, etc. Y todo eso requiere una mantenci\u00f3n o un proceso de mantenci\u00f3n para evitar ciertas situaciones de emergencia\u201d, explic\u00f3 el encargado de la unidad.<\/p>\n<!--[if lt IE 9]><script>document.createElement('audio');<\/script><![endif]-->\n<audio class=\"wp-audio-shortcode\" id=\"audio-12835-1\" preload=\"none\" style=\"width: 100%;\" controls=\"controls\"><source type=\"audio\/mpeg\" src=\"http:\/\/www.castromunicipio.cl\/wp-content\/uploads\/2021\/07\/entrevista-cristian-ruiz-1.m4a?_=1\" \/><a href=\"http:\/\/www.castromunicipio.cl\/wp-content\/uploads\/2021\/07\/entrevista-cristian-ruiz-1.m4a\">http:\/\/www.castromunicipio.cl\/wp-content\/uploads\/2021\/07\/entrevista-cristian-ruiz-1.m4a<\/a><\/audio>\n<p style=\"text-align: justify;\">Ruiz hizo un especial llamado a la comunidad a prestar atenci\u00f3n a la limpieza y debidos cuidados de sus aparatos de calefacci\u00f3n.<\/p>\n<p style=\"text-align: justify;\">\u201cEstamos pr\u00f3ximos a entrar a un evento meteorol\u00f3gico, que se viene el d\u00eda domingo, con bajas temperaturas. Y aqu\u00ed es donde tenemos que tener mucho cuidado. Hacemos un llamado muy eficiente para que la gente pueda hacer una mantenci\u00f3n precisa, a tener mucha precauci\u00f3n en el proceso de la limpieza de los ductos. Muchas emergencias, muchos riesgos de incendios pasan por la inflamaci\u00f3n de los ductos\u201d, alert\u00f3, agregando que no basta con la limpieza, sino que hay que ser rigurosos tambi\u00e9n a la reinstalaci\u00f3n de las piezas de las estufas.<\/p>\n<audio class=\"wp-audio-shortcode\" id=\"audio-12835-2\" preload=\"none\" style=\"width: 100%;\" controls=\"controls\"><source type=\"audio\/mpeg\" src=\"http:\/\/www.castromunicipio.cl\/wp-content\/uploads\/2021\/07\/entrevista-cristian-ruiz-2.m4a?_=2\" \/><a href=\"http:\/\/www.castromunicipio.cl\/wp-content\/uploads\/2021\/07\/entrevista-cristian-ruiz-2.m4a\">http:\/\/www.castromunicipio.cl\/wp-content\/uploads\/2021\/07\/entrevista-cristian-ruiz-2.m4a<\/a><\/audio>\n<p style=\"text-align: justify;\">\u201cMuchos ductos que ya han sido limpiados y removidos con el proceso de la limpieza quedan mal posicionados unos con otros y esto puede generar tambi\u00e9n un incendio o un principio de incendio\u201d, sostuvo.<\/p>\n<audio class=\"wp-audio-shortcode\" id=\"audio-12835-3\" preload=\"none\" style=\"width: 100%;\" controls=\"controls\"><source type=\"audio\/mpeg\" src=\"http:\/\/www.castromunicipio.cl\/wp-content\/uploads\/2021\/07\/entrevista-cristian-ruiz-3.m4a?_=3\" \/><a href=\"http:\/\/www.castromunicipio.cl\/wp-content\/uploads\/2021\/07\/entrevista-cristian-ruiz-3.m4a\">http:\/\/www.castromunicipio.cl\/wp-content\/uploads\/2021\/07\/entrevista-cristian-ruiz-3.m4a<\/a><\/audio>\n<p style=\"text-align: justify;\">Lo antes mencionado va en directa relaci\u00f3n con lo expresado por el alcalde Juan Eduardo Vera en cuanto a generar instancias para que Castro sea una comuna m\u00e1s segura, gracias al trabajo mancomunado entre el municipio, por medio de su oficina de Emergencia, y la comunidad empoderada y con conocimiento.<\/p>\n<p style=\"text-align: justify;\"><strong>\u00a0<\/strong><\/p>\n<p style=\"text-align: justify;\"><strong>Departamento de Comunicaciones y RR.PP.<\/strong><\/p>\n<p><strong>Castro, 15 de julio de 2021<\/strong><\/p>\n","protected":false},"excerpt":{"rendered":"<p>Desde la oficina de Emergencia hicieron especial \u00e9nfasis en el cuidado y limpieza de las estufas a le\u00f1a para evitar incendios y hechos que lamentar. Una de las principales labores de la Oficina de Emergencias y Protecci\u00f3n Civil de Castro Municipio es llevar a cabo acciones educacionales preventivas para evitar situaciones que lamentar y cualquier [&hellip;]<\/p>\n","protected":false},"author":10,"featured_media":12839,"comment_status":"closed","ping_status":"closed","sticky":false,"template":"","format":"standard","meta":{"footnotes":""},"categories":[1],"tags":[],"class_list":["post-12835","post","type-post","status-publish","format-standard","has-post-thumbnail","hentry","category-noticias"],"publishpress_future_action":{"enabled":false,"date":"2026-05-03 10:26:50","action":"change-status","newStatus":"draft","terms":[],"taxonomy":"category"},"publishpress_future_workflow_manual_trigger":{"enabledWorkflows":[]},"_links":{"self":[{"href":"https:\/\/www.municipalidadcastro.cl\/index.php?rest_route=\/wp\/v2\/posts\/12835","targetHints":{"allow":["GET"]}}],"collection":[{"href":"https:\/\/www.municipalidadcastro.cl\/index.php?rest_route=\/wp\/v2\/posts"}],"about":[{"href":"https:\/\/www.municipalidadcastro.cl\/index.php?rest_route=\/wp\/v2\/types\/post"}],"author":[{"embeddable":true,"href":"https:\/\/www.municipalidadcastro.cl\/index.php?rest_route=\/wp\/v2\/users\/10"}],"replies":[{"embeddable":true,"href":"https:\/\/www.municipalidadcastro.cl\/index.php?rest_route=%2Fwp%2Fv2%2Fcomments&post=12835"}],"version-history":[{"count":2,"href":"https:\/\/www.municipalidadcastro.cl\/index.php?rest_route=\/wp\/v2\/posts\/12835\/revisions"}],"predecessor-version":[{"id":12841,"href":"https:\/\/www.municipalidadcastro.cl\/index.php?rest_route=\/wp\/v2\/posts\/12835\/revisions\/12841"}],"wp:featuredmedia":[{"embeddable":true,"href":"https:\/\/www.municipalidadcastro.cl\/index.php?rest_route=\/wp\/v2\/media\/12839"}],"wp:attachment":[{"href":"https:\/\/www.municipalidadcastro.cl\/index.php?rest_route=%2Fwp%2Fv2%2Fmedia&parent=12835"}],"wp:term":[{"taxonomy":"category","embeddable":true,"href":"https:\/\/www.municipalidadcastro.cl\/index.php?rest_route=%2Fwp%2Fv2%2Fcategories&post=12835"},{"taxonomy":"post_tag","embeddable":true,"href":"https:\/\/www.municipalidadcastro.cl\/index.php?rest_route=%2Fwp%2Fv2%2Ftags&post=12835"}],"curies":[{"name":"wp","href":"https:\/\/api.w.org\/{rel}","templated":true}]}}