{"id":12828,"date":"2021-07-14T19:36:14","date_gmt":"2021-07-14T22:36:14","guid":{"rendered":"http:\/\/www.castromunicipio.cl\/?p=12828"},"modified":"2021-07-15T09:56:28","modified_gmt":"2021-07-15T12:56:28","slug":"alcalde-vera-va-por-la-reconversion-de-energia-calorica-para-los-castrenos","status":"publish","type":"post","link":"https:\/\/www.municipalidadcastro.cl\/?p=12828","title":{"rendered":"Alcalde Vera va por la reconversi\u00f3n de energ\u00eda cal\u00f3rica para los castre\u00f1os."},"content":{"rendered":"<p style=\"text-align: justify;\">Insistiendo ante el ministerio de Medio Ambiente y Energ\u00eda, el alcalde de Castro Juan Eduardo Vera puso en relieve la urgente necesidad existente en la isla de Chilo\u00e9, y Castro en particular, para que a la brevedad haya un proceso de recambio de energ\u00eda cal\u00f3rica y un subsidio estatal para lo mismo ante la pr\u00e1cticamente imposibilidad que las familias castre\u00f1as puedan seguir calefaccionado sus hogares por la escases de le\u00f1a y por lo caro de la misma, tomando en cuenta que en la capital provincial el metro de le\u00f1a se est\u00e1 vendiendo por sobre los 50 mil pesos.<\/p>\n<p style=\"text-align: justify;\">Vera indic\u00f3 que es urgente que los entes estatales se hagan cargo de este problema que, a todas luces, tiende a profundizarse generando tambi\u00e9n otro problema no menor en quienes usan la le\u00f1a centenariamente como recurso cal\u00f3rico.<\/p>\n<p style=\"text-align: justify;\">Indic\u00f3 el alcalde de la comuna que ya varias ciudades han sido subsidiadas por el Estado para realizar este proceso de cambio, entre ellas mencion\u00f3 a Osorno o Ays\u00e9n \u201cac\u00e1 el problema es grave, estamos depredando nuestros bosques nativos, entonces el Estado como tal debe hacerse parte en la soluci\u00f3n de esta problem\u00e1tica y no esperar que la misma siga profundiz\u00e1ndose\u201d, espet\u00f3 la primera autoridad de la comuna.<\/p>\n<figure id=\"attachment_12830\" aria-describedby=\"caption-attachment-12830\" style=\"width: 300px\" class=\"wp-caption alignleft\"><img loading=\"lazy\" decoding=\"async\" class=\"wp-image-12830 size-medium\" src=\"http:\/\/www.castromunicipio.cl\/wp-content\/uploads\/2021\/07\/alcalde-optica-300x180.jpg\" alt=\"\" width=\"300\" height=\"180\" srcset=\"https:\/\/www.municipalidadcastro.cl\/wp-content\/uploads\/2021\/07\/alcalde-optica-300x180.jpg 300w, https:\/\/www.municipalidadcastro.cl\/wp-content\/uploads\/2021\/07\/alcalde-optica-768x461.jpg 768w, https:\/\/www.municipalidadcastro.cl\/wp-content\/uploads\/2021\/07\/alcalde-optica-750x450.jpg 750w, https:\/\/www.municipalidadcastro.cl\/wp-content\/uploads\/2021\/07\/alcalde-optica.jpg 1000w\" sizes=\"auto, (max-width: 300px) 100vw, 300px\" \/><figcaption id=\"caption-attachment-12830\" class=\"wp-caption-text\">Juan Eduardo Vera est\u00e1 solicitando reunirse con ministros de Medio Ambiente y Energ\u00eda ante la fuerte contaminaci\u00f3n producto del uso de la le\u00f1a para calefaccionarse, que, por lo dem\u00e1s, supera los 50 mil pesos el metro en la capital provincial.<\/figcaption><\/figure>\n<p style=\"text-align: justify;\">Acot\u00f3 que espera que dentro de las pr\u00f3ximas semanas pueda reunirse con la ministra de Medio Ambiente y que \u00e9sta entregue luces reales y factibles para poder concretar este recambio cal\u00f3rico tan necesario.<\/p>\n<p style=\"text-align: justify;\">En tal sentido manifest\u00f3 Vera que la idea es poder sacar de circulaci\u00f3n los artefactos a le\u00f1a contaminantes y que estos sean reemplazados por calefactores m\u00e1s sustentables y eficientes \u201cpara as\u00ed disminuir\u00a0 los niveles de contaminaci\u00f3n del aire en Castro que est\u00e1 saturada por esas part\u00edculas, pero tambi\u00e9n para mejorar la calidad de vida de nuestros vecinos y que no tengan que incurrir en tremendos gastos con la compra de la le\u00f1a\u201d, remarc\u00f3.<\/p>\n<!--[if lt IE 9]><script>document.createElement('audio');<\/script><![endif]-->\n<audio class=\"wp-audio-shortcode\" id=\"audio-12828-1\" preload=\"none\" style=\"width: 100%;\" controls=\"controls\"><source type=\"audio\/mpeg\" src=\"http:\/\/www.castromunicipio.cl\/wp-content\/uploads\/2021\/07\/ALCALDE-VERA-SUBSIDIO-ENERGIA-CALORICA.mp3?_=1\" \/><a href=\"http:\/\/www.castromunicipio.cl\/wp-content\/uploads\/2021\/07\/ALCALDE-VERA-SUBSIDIO-ENERGIA-CALORICA.mp3\">http:\/\/www.castromunicipio.cl\/wp-content\/uploads\/2021\/07\/ALCALDE-VERA-SUBSIDIO-ENERGIA-CALORICA.mp3<\/a><\/audio>\n<p style=\"text-align: justify;\">Finalmente espera que estas interrogantes y necesidades sean bien acogidas por los entes estatales, tomando en cuenta que ya en 2020 fue planteado, pero que a la fecha no ha existido ninguna respuesta.<\/p>\n<p style=\"text-align: justify;\">En esa l\u00ednea, la autoridad enfatiz\u00f3 que &#8220;seguiremos trabajando para llegar con artefactos de calefacci\u00f3n m\u00e1s limpios y menos contaminantes para la familia castre\u00f1a, aspecto relevante considerando que la combusti\u00f3n residencial de le\u00f1a es la principal causa de contaminaci\u00f3n del aire no solo en Castro, sino que en Chilo\u00e9 en general\u201d, reforz\u00f3 finalmente Juan Eduardo Vera, alcalde de Castro.<\/p>\n<p><strong>Departamento de Comunicaciones y RR.PP.<\/strong><\/p>\n<p><strong>Castro, julio 14 de 2021<\/strong><\/p>\n","protected":false},"excerpt":{"rendered":"<p>Insistiendo ante el ministerio de Medio Ambiente y Energ\u00eda, el alcalde de Castro Juan Eduardo Vera puso en relieve la urgente necesidad existente en la isla de Chilo\u00e9, y Castro en particular, para que a la brevedad haya un proceso de recambio de energ\u00eda cal\u00f3rica y un subsidio estatal para lo mismo ante la pr\u00e1cticamente [&hellip;]<\/p>\n","protected":false},"author":3,"featured_media":12833,"comment_status":"closed","ping_status":"closed","sticky":false,"template":"","format":"standard","meta":{"footnotes":""},"categories":[1],"tags":[],"class_list":["post-12828","post","type-post","status-publish","format-standard","has-post-thumbnail","hentry","category-noticias"],"publishpress_future_action":{"enabled":false,"date":"2026-05-03 09:04:48","action":"change-status","newStatus":"draft","terms":[],"taxonomy":"category"},"publishpress_future_workflow_manual_trigger":{"enabledWorkflows":[]},"_links":{"self":[{"href":"https:\/\/www.municipalidadcastro.cl\/index.php?rest_route=\/wp\/v2\/posts\/12828","targetHints":{"allow":["GET"]}}],"collection":[{"href":"https:\/\/www.municipalidadcastro.cl\/index.php?rest_route=\/wp\/v2\/posts"}],"about":[{"href":"https:\/\/www.municipalidadcastro.cl\/index.php?rest_route=\/wp\/v2\/types\/post"}],"author":[{"embeddable":true,"href":"https:\/\/www.municipalidadcastro.cl\/index.php?rest_route=\/wp\/v2\/users\/3"}],"replies":[{"embeddable":true,"href":"https:\/\/www.municipalidadcastro.cl\/index.php?rest_route=%2Fwp%2Fv2%2Fcomments&post=12828"}],"version-history":[{"count":1,"href":"https:\/\/www.municipalidadcastro.cl\/index.php?rest_route=\/wp\/v2\/posts\/12828\/revisions"}],"predecessor-version":[{"id":12832,"href":"https:\/\/www.municipalidadcastro.cl\/index.php?rest_route=\/wp\/v2\/posts\/12828\/revisions\/12832"}],"wp:featuredmedia":[{"embeddable":true,"href":"https:\/\/www.municipalidadcastro.cl\/index.php?rest_route=\/wp\/v2\/media\/12833"}],"wp:attachment":[{"href":"https:\/\/www.municipalidadcastro.cl\/index.php?rest_route=%2Fwp%2Fv2%2Fmedia&parent=12828"}],"wp:term":[{"taxonomy":"category","embeddable":true,"href":"https:\/\/www.municipalidadcastro.cl\/index.php?rest_route=%2Fwp%2Fv2%2Fcategories&post=12828"},{"taxonomy":"post_tag","embeddable":true,"href":"https:\/\/www.municipalidadcastro.cl\/index.php?rest_route=%2Fwp%2Fv2%2Ftags&post=12828"}],"curies":[{"name":"wp","href":"https:\/\/api.w.org\/{rel}","templated":true}]}}