{"id":12810,"date":"2021-07-14T11:59:29","date_gmt":"2021-07-14T14:59:29","guid":{"rendered":"http:\/\/www.castromunicipio.cl\/?p=12810"},"modified":"2021-07-14T11:59:29","modified_gmt":"2021-07-14T14:59:29","slug":"castro-celebra-a-los-nuevos-premiados-del-ii-concurso-nacional-de-poesia-aristoteles-espana","status":"publish","type":"post","link":"https:\/\/www.municipalidadcastro.cl\/?p=12810","title":{"rendered":"Castro celebra a los nuevos premiados del II Concurso Nacional de Poes\u00eda Arist\u00f3teles Espa\u00f1a"},"content":{"rendered":"<p style=\"text-align: justify;\"><em>El primer lugar del certamen literario, organizado por Castro Municipio, recay\u00f3 en la obra \u201cDesapariciones\u201d del escritor V\u00edctor Hugo Catal\u00e1n Maldonado de la comuna de Puerto Montt.<\/em><\/p>\n<hr \/>\n<p style=\"text-align: justify;\">Con un accidentado desarrollo en su proceso de postulaci\u00f3n y selecci\u00f3n final, dado el complicado contexto sanitario y social del a\u00f1o 2020, la segunda versi\u00f3n del Concurso Nacional de Poes\u00eda Arist\u00f3teles Espa\u00f1a producido por la Direcci\u00f3n de Cultura y Turismo de Castro Municipio, al fin cuenta con sus destacados ganadores y ganadoras.<\/p>\n<p style=\"text-align: justify;\"><a href=\"https:\/\/www.facebook.com\/CastroMunicipioTV\/videos\/391279775714147\">Los premiados de esta segunda edici\u00f3n fueron anunciados por el alcalde de la comuna de Castro, Juan Eduardo Vera,<\/a> recayendo el primer lugar sobre V\u00edctor Hugo Catal\u00e1n Maldonado de la ciudad de Puerto Montt con su obra <em>\u201cDesapariciones\u201d<\/em>; segundo lugar para Rodrigo Alberto Ponce Az\u00f3car (Santiago) con su texto <em>\u201cTodas las madres me recuerdan a ti menos la m\u00eda\u201d<\/em>; mientras que el tercer lugar fue otorgado a Mar\u00eda Paz Valdebenito Gonz\u00e1lez, tambi\u00e9n de la Regi\u00f3n Metropolitana, con <em>\u201cLa corta vida de las olas\u201d<\/em>, quienes recibieron premios ascendentes a $2.000.000, $1.000.000 y $500.000, respectivamente.<\/p>\n<p><img loading=\"lazy\" decoding=\"async\" class=\"wp-image-12819 alignleft\" src=\"http:\/\/www.castromunicipio.cl\/wp-content\/uploads\/2021\/07\/2\u00b0-CONCURSO-NACIONAL-DE-POESI\u0301A-premiadas-y-premiados-1-300x300.jpg\" alt=\"\" width=\"606\" height=\"605\" srcset=\"https:\/\/www.municipalidadcastro.cl\/wp-content\/uploads\/2021\/07\/2\u00b0-CONCURSO-NACIONAL-DE-POESI\u0301A-premiadas-y-premiados-1-300x300.jpg 300w, https:\/\/www.municipalidadcastro.cl\/wp-content\/uploads\/2021\/07\/2\u00b0-CONCURSO-NACIONAL-DE-POESI\u0301A-premiadas-y-premiados-1-1024x1024.jpg 1024w, https:\/\/www.municipalidadcastro.cl\/wp-content\/uploads\/2021\/07\/2\u00b0-CONCURSO-NACIONAL-DE-POESI\u0301A-premiadas-y-premiados-1-150x150.jpg 150w, https:\/\/www.municipalidadcastro.cl\/wp-content\/uploads\/2021\/07\/2\u00b0-CONCURSO-NACIONAL-DE-POESI\u0301A-premiadas-y-premiados-1-768x768.jpg 768w, https:\/\/www.municipalidadcastro.cl\/wp-content\/uploads\/2021\/07\/2\u00b0-CONCURSO-NACIONAL-DE-POESI\u0301A-premiadas-y-premiados-1-1536x1536.jpg 1536w, https:\/\/www.municipalidadcastro.cl\/wp-content\/uploads\/2021\/07\/2\u00b0-CONCURSO-NACIONAL-DE-POESI\u0301A-premiadas-y-premiados-1-75x75.jpg 75w, https:\/\/www.municipalidadcastro.cl\/wp-content\/uploads\/2021\/07\/2\u00b0-CONCURSO-NACIONAL-DE-POESI\u0301A-premiadas-y-premiados-1-350x350.jpg 350w, https:\/\/www.municipalidadcastro.cl\/wp-content\/uploads\/2021\/07\/2\u00b0-CONCURSO-NACIONAL-DE-POESI\u0301A-premiadas-y-premiados-1-750x750.jpg 750w, https:\/\/www.municipalidadcastro.cl\/wp-content\/uploads\/2021\/07\/2\u00b0-CONCURSO-NACIONAL-DE-POESI\u0301A-premiadas-y-premiados-1-1140x1140.jpg 1140w, https:\/\/www.municipalidadcastro.cl\/wp-content\/uploads\/2021\/07\/2\u00b0-CONCURSO-NACIONAL-DE-POESI\u0301A-premiadas-y-premiados-1.jpg 2000w\" sizes=\"auto, (max-width: 606px) 100vw, 606px\" \/><\/p>\n<p style=\"text-align: justify;\">Adem\u00e1s de los primeros lugares, el certamen reconoci\u00f3 tres menciones honrosas: <em>\u201cMitilicantos\u201d<\/em> de Valentina Soledad Ascencio (Castro), <em>\u201cDesaguadero\u201d<\/em> escrita por Juan Pablo<\/p>\n<p><span style=\"text-align: justify;\">\u00a0Huirimilla Oyarzo (Calbuco) <\/span><em style=\"text-align: justify;\">y \u201cCal\u00e9ndula: estragos de una chica trans\u201d<\/em><span style=\"text-align: justify;\">, obra literaria de Esther Margaritas Barr\u00eda Gallardetteo.<\/span><\/p>\n<p style=\"text-align: justify;\">El alc<span style=\"text-align: justify;\">alde Juan E<\/span><span style=\"text-align: justify;\">duardo Vera destac\u00f3 la importancia de generar este tipo de cert\u00e1menes art\u00edsticos para contribuir al quehacer cultural del pa\u00eds desde la capital provincial de Chilo\u00e9, y adem\u00e1s adelant\u00f3 la producci\u00f3n f\u00edsica y digital de un libro de recopilaci\u00f3n de las obras premiadas en la segunda edici\u00f3n del Arist\u00f3teles Espa\u00f1a: <\/span><em style=\"text-align: justify;\">\u201cTambi\u00e9n destacar algo muy importante, los tres ganadores, del primer al tercer lugar, su obra quedar\u00e1 perpetuada en una edici\u00f3n especial, en un libro especial, que ser\u00e1 dise\u00f1ado por el municipio de Castro. Sin lugar a dudas que Castro sigue dando un ejemplo de que nos seguimos transformando en la capital cultural del sur de Chile con este tremendo trabajo. Porque cuando somos capaces de cultivar la cultura, de cultivar el conocimiento, somos capaces de irnos transformando en seres libres\u201d.<\/em><\/p>\n<!--[if lt IE 9]><script>document.createElement('audio');<\/script><![endif]-->\n<audio class=\"wp-audio-shortcode\" id=\"audio-12810-1\" preload=\"none\" style=\"width: 100%;\" controls=\"controls\"><source type=\"audio\/mpeg\" src=\"http:\/\/www.castromunicipio.cl\/wp-content\/uploads\/2021\/07\/cuna-alcalde-concurso-aristoteles-espana.mp3?_=1\" \/><a href=\"http:\/\/www.castromunicipio.cl\/wp-content\/uploads\/2021\/07\/cuna-alcalde-concurso-aristoteles-espana.mp3\">http:\/\/www.castromunicipio.cl\/wp-content\/uploads\/2021\/07\/cuna-alcalde-concurso-aristoteles-espana.mp3<\/a><\/audio>\n<p style=\"text-align: justify;\">La actual versi\u00f3n de este emergente certamen literario, que con su nombre honra al poeta castre\u00f1o Arist\u00f3teles Espa\u00f1a P\u00e9rez, cont\u00f3 con un jurado compuesto por importantes exponentes de la poes\u00eda en el pa\u00eds, tales como el docente, investigador y escritor chileno originario de la comuna de Quinchao, Sergio Mansilla Torres; la tambi\u00e9n docente y escritora nacional Roxana Miranda Rupailaf; y Nelson Torres Mu\u00f1oz, profesor, escritor y artista que adem\u00e1s form\u00f3 parte del origen del presente concurso de poes\u00eda.<\/p>\n<p style=\"text-align: justify;\">El director de Cultura y Turismo de Castro Municipio, Miguel S\u00e1nchez, agradeci\u00f3 a todas y todos quienes participaron en el concurso literario chilote y anunci\u00f3 que la segunda edici\u00f3n del libro ser\u00e1 distribuida localmente a trav\u00e9s de la <a href=\"http:\/\/www.castromunicipio.cl\/?p=10553\">Biblioteca M\u00f3vil Municipal<\/a>: <em>\u201cPara quienes quieran acceder a este libro, ya va a ser parte tambi\u00e9n de todo el material bibliogr\u00e1fico que tiene nuestra Biblioteca M\u00f3vil Municipal, que prontamente ya va a comenzar a hacer su recorrido itinerante por los diversos barrios de la comuna. Agradecido con quienes decidieron aceptar esta invitaci\u00f3n para participar de las diversas convocatorias que se est\u00e1n haciendo en el \u00e1mbito cultural, no s\u00f3lo en literatura y poes\u00eda, sino que tambi\u00e9n en pintura y otros concursos que hemos ido desarrollando en \u00e9poca de cuarentena\u201d, explic\u00f3.\u00a0<\/em><\/p>\n<audio class=\"wp-audio-shortcode\" id=\"audio-12810-2\" preload=\"none\" style=\"width: 100%;\" controls=\"controls\"><source type=\"audio\/mpeg\" src=\"http:\/\/www.castromunicipio.cl\/wp-content\/uploads\/2021\/07\/cuna-miguel-sanchez-aristoteles-espana.mp3?_=2\" \/><a href=\"http:\/\/www.castromunicipio.cl\/wp-content\/uploads\/2021\/07\/cuna-miguel-sanchez-aristoteles-espana.mp3\">http:\/\/www.castromunicipio.cl\/wp-content\/uploads\/2021\/07\/cuna-miguel-sanchez-aristoteles-espana.mp3<\/a><\/audio>\n<p style=\"text-align: justify;\"><em>\u00a0\u00a0\u00a0\u00a0\u00a0 <\/em><\/p>\n<h2 style=\"text-align: justify;\"><strong>Evoluci\u00f3n a lo digital<\/strong><\/h2>\n<p style=\"text-align: justify;\">El proceso de postulaci\u00f3n y selecci\u00f3n del II Concurso Nacional de Poes\u00eda Arist\u00f3teles Espa\u00f1a se extendi\u00f3 considerablemente de su cronograma original, por casi m\u00e1s de un a\u00f1o, dada la dificultad que signific\u00f3 para los participantes generar los env\u00edos f\u00edsicos de sus obras producto de las las m\u00faltiples cuarentenas existentes en las distintas ciudades de Chile en tiempos de pandemia.<\/p>\n<p style=\"text-align: justify;\">Dadas las nuevas implicancias para posibilitar este tipo de concursos a nivel nacional producto del contexto sanitario actual, el encargado de Cultura de Castro Municipio, Alejandro Barrientos, adelant\u00f3 que se generar\u00e1n cambios en el sistema de postulaci\u00f3n para las pr\u00f3ximas versiones del emergente concurso literario: <em>\u201cEsperamos tambi\u00e9n ya cambiar la modalidad que ten\u00eda este concurso definitivamente. Vamos a tener que entrar a la era digital as\u00ed que, por lo tanto, tendr\u00e1 ambas modalidades: por correo certificado y a trav\u00e9s de sistema online. Y lo m\u00e1s probable es que tambi\u00e9n tengamos que hacer una edici\u00f3n digital de este libro para migrar hacia esa nueva modalidad\u201d, sostuvo.<\/em><\/p>\n<audio class=\"wp-audio-shortcode\" id=\"audio-12810-3\" preload=\"none\" style=\"width: 100%;\" controls=\"controls\"><source type=\"audio\/mpeg\" src=\"http:\/\/www.castromunicipio.cl\/wp-content\/uploads\/2021\/07\/cuna-alejandro-barrientos-aristoteles-espana.mp3?_=3\" \/><a href=\"http:\/\/www.castromunicipio.cl\/wp-content\/uploads\/2021\/07\/cuna-alejandro-barrientos-aristoteles-espana.mp3\">http:\/\/www.castromunicipio.cl\/wp-content\/uploads\/2021\/07\/cuna-alejandro-barrientos-aristoteles-espana.mp3<\/a><\/audio>\n","protected":false},"excerpt":{"rendered":"<p>El primer lugar del certamen literario, organizado por Castro Municipio, recay\u00f3 en la obra \u201cDesapariciones\u201d del escritor V\u00edctor Hugo Catal\u00e1n Maldonado de la comuna de Puerto Montt. Con un accidentado desarrollo en su proceso de postulaci\u00f3n y selecci\u00f3n final, dado el complicado contexto sanitario y social del a\u00f1o 2020, la segunda versi\u00f3n del Concurso Nacional [&hellip;]<\/p>\n","protected":false},"author":10,"featured_media":12814,"comment_status":"closed","ping_status":"closed","sticky":false,"template":"","format":"standard","meta":{"footnotes":""},"categories":[1],"tags":[],"class_list":["post-12810","post","type-post","status-publish","format-standard","has-post-thumbnail","hentry","category-noticias"],"publishpress_future_action":{"enabled":false,"date":"2026-05-03 07:38:25","action":"change-status","newStatus":"draft","terms":[],"taxonomy":"category"},"publishpress_future_workflow_manual_trigger":{"enabledWorkflows":[]},"_links":{"self":[{"href":"https:\/\/www.municipalidadcastro.cl\/index.php?rest_route=\/wp\/v2\/posts\/12810","targetHints":{"allow":["GET"]}}],"collection":[{"href":"https:\/\/www.municipalidadcastro.cl\/index.php?rest_route=\/wp\/v2\/posts"}],"about":[{"href":"https:\/\/www.municipalidadcastro.cl\/index.php?rest_route=\/wp\/v2\/types\/post"}],"author":[{"embeddable":true,"href":"https:\/\/www.municipalidadcastro.cl\/index.php?rest_route=\/wp\/v2\/users\/10"}],"replies":[{"embeddable":true,"href":"https:\/\/www.municipalidadcastro.cl\/index.php?rest_route=%2Fwp%2Fv2%2Fcomments&post=12810"}],"version-history":[{"count":9,"href":"https:\/\/www.municipalidadcastro.cl\/index.php?rest_route=\/wp\/v2\/posts\/12810\/revisions"}],"predecessor-version":[{"id":12826,"href":"https:\/\/www.municipalidadcastro.cl\/index.php?rest_route=\/wp\/v2\/posts\/12810\/revisions\/12826"}],"wp:featuredmedia":[{"embeddable":true,"href":"https:\/\/www.municipalidadcastro.cl\/index.php?rest_route=\/wp\/v2\/media\/12814"}],"wp:attachment":[{"href":"https:\/\/www.municipalidadcastro.cl\/index.php?rest_route=%2Fwp%2Fv2%2Fmedia&parent=12810"}],"wp:term":[{"taxonomy":"category","embeddable":true,"href":"https:\/\/www.municipalidadcastro.cl\/index.php?rest_route=%2Fwp%2Fv2%2Fcategories&post=12810"},{"taxonomy":"post_tag","embeddable":true,"href":"https:\/\/www.municipalidadcastro.cl\/index.php?rest_route=%2Fwp%2Fv2%2Ftags&post=12810"}],"curies":[{"name":"wp","href":"https:\/\/api.w.org\/{rel}","templated":true}]}}