{"id":12797,"date":"2021-07-12T18:01:30","date_gmt":"2021-07-12T21:01:30","guid":{"rendered":"http:\/\/www.castromunicipio.cl\/?p=12797"},"modified":"2021-07-13T18:31:18","modified_gmt":"2021-07-13T21:31:18","slug":"revivir-el-ier-en-castro-ya-toma-forma","status":"publish","type":"post","link":"https:\/\/www.municipalidadcastro.cl\/?p=12797","title":{"rendered":"Revivir el IER en Castro ya toma forma"},"content":{"rendered":"<p><strong>Alcalde Vera asegur\u00f3 adquisici\u00f3n de terreno para construir moderna infraestructura educacional de car\u00e1cter t\u00e9cnico.<\/strong><\/p>\n<p style=\"text-align: justify;\">Como un tremendo paso para asegurar la recuperaci\u00f3n del Instituto de Educaci\u00f3n Rural, IER, para Chilo\u00e9 calific\u00f3 el alcalde de Castro Juan Eduardo Vera la adquisici\u00f3n reciente de un terreno en el sector de Piruquina donde podr\u00eda construirse una infraestructura moderna y que albergue a los futuros t\u00e9cnicos de la isla grande, con carreras enfocadas a la necesidad de nuestro territorio.<\/p>\n<p style=\"text-align: justify;\">De acuerdo al compromiso adquirido en octubre del a\u00f1o pasado en el sentido de \u201cpelear\u201d los recursos necesarios para comenzar a concretar la iniciativa, Vera especific\u00f3 que ahora, al concretarse la compra del terreno, los equipos t\u00e9cnicos de Castro Municipio est\u00e1n abocados a elaborar y presentar ante las instancias gubernamentales un proyecto que involucre altos est\u00e1ndares de eficiencia y que albergue las necesidades y sue\u00f1os de las familias chilotas.<\/p>\n<p style=\"text-align: justify;\">\u201cEsta es una necesidad no solo para Castro, sino que para todas las familias chilotas que a veces ven truncados los sue\u00f1os de sus hijos por la falta de recursos para que puedan estudiar. En este terreno que adquirimos como municipio en Piruquina pretendemos transformar y construir un moderno complejo educacional de nivel t\u00e9cnico y ya nuestros equipos t\u00e9cnicos est\u00e1n trabajando para elaborar el proyecto y buscar los recursos necesarios para hacer realidad este anhelo que tenemos como chilotes, revivir y reconstruir nuestro querido IER\u201d, sostuvo el alcalde Juan Eduardo Vera.<\/p>\n<!--[if lt IE 9]><script>document.createElement('audio');<\/script><![endif]-->\n<audio class=\"wp-audio-shortcode\" id=\"audio-12797-1\" preload=\"none\" style=\"width: 100%;\" controls=\"controls\"><source type=\"audio\/mpeg\" src=\"http:\/\/www.castromunicipio.cl\/wp-content\/uploads\/2021\/07\/ALCALDE-VERA-TERRENO-IER-CASTRO-1.mp3?_=1\" \/><a href=\"http:\/\/www.castromunicipio.cl\/wp-content\/uploads\/2021\/07\/ALCALDE-VERA-TERRENO-IER-CASTRO-1.mp3\">http:\/\/www.castromunicipio.cl\/wp-content\/uploads\/2021\/07\/ALCALDE-VERA-TERRENO-IER-CASTRO-1.mp3<\/a><\/audio>\n<p style=\"text-align: justify;\">Juan Eduardo Vera especific\u00f3 que el municipio de Castro, perfectamente puede concretar dicho sue\u00f1o que beneficiar\u00e1 no solo a los vecinos de Castro, sino que de todo Chilo\u00e9 y reforz\u00f3 lo anterior puntualizando \u201cse puede lograr gracias al manejo serio y responsable de las arcas municipales y para ello los equipos t\u00e9cnicos ya est\u00e1n trabajando y esperamos avanzar r\u00e1pidamente para poder afianzar la iniciativa\u201d, indic\u00f3 tambi\u00e9n\u00a0 la primera autoridad comunal que\u00a0 personalmente encabezar\u00e1 las gestiones para lograr concretar este sue\u00f1o en el menor tiempo posible.<\/p>\n<p style=\"text-align: justify;\">La idea \u2013 manifest\u00f3 el alcalde de Castro \u2013 es poder reforzar la experiencia educativa del IER, que naci\u00f3 en el a\u00f1o 1954, orientando el servicio educativo hacia la formaci\u00f3n t\u00e9cnico profesional y manteniendo la atenci\u00f3n de estudiantes a trav\u00e9s del servicio de internado, pero tambi\u00e9n enfocado a la innovaci\u00f3n e investigaci\u00f3n en proyectos vinculados a las especialidades t\u00e9cnicas que podr\u00edan impartirse.<\/p>\n<p style=\"text-align: justify;\">Finalmente expres\u00f3 el edil castre\u00f1o que \u201cpara nosotros ser\u00eda muy importante poder concretar ese sue\u00f1o, porque vendr\u00eda a reforzar el trabajo que estamos haciendo en educaci\u00f3n en la comuna, pero por sobre todo para que nuestros j\u00f3venes tengan una posibilidad cierta y una alternativa de recibir una educaci\u00f3n t\u00e9cnica especializada para el agro y que tanta falta hace en Castro y Chilo\u00e9. Para lograr ese objetivo desde ya estamos poniendo nuestros mejores esfuerzos. Chilo\u00e9 requiere de un Instituto de Educaci\u00f3n Rural moderno y que garantice calidad en la ense\u00f1anza que se impartir\u00e1\u201d, concluy\u00f3 Juan Eduardo Vera.<\/p>\n<p style=\"text-align: justify;\"><strong>Departamento de Comunicaciones y RR.PP.<\/strong><\/p>\n<p style=\"text-align: justify;\"><strong>Castro, julio 12 de 2021<\/strong><\/p>\n","protected":false},"excerpt":{"rendered":"<p>Alcalde Vera asegur\u00f3 adquisici\u00f3n de terreno para construir moderna infraestructura educacional de car\u00e1cter t\u00e9cnico. Como un tremendo paso para asegurar la recuperaci\u00f3n del Instituto de Educaci\u00f3n Rural, IER, para Chilo\u00e9 calific\u00f3 el alcalde de Castro Juan Eduardo Vera la adquisici\u00f3n reciente de un terreno en el sector de Piruquina donde podr\u00eda construirse una infraestructura moderna [&hellip;]<\/p>\n","protected":false},"author":10,"featured_media":12798,"comment_status":"closed","ping_status":"closed","sticky":false,"template":"","format":"standard","meta":{"footnotes":""},"categories":[1],"tags":[],"class_list":["post-12797","post","type-post","status-publish","format-standard","has-post-thumbnail","hentry","category-noticias"],"publishpress_future_action":{"enabled":false,"date":"2026-05-03 04:47:58","action":"change-status","newStatus":"draft","terms":[],"taxonomy":"category"},"publishpress_future_workflow_manual_trigger":{"enabledWorkflows":[]},"_links":{"self":[{"href":"https:\/\/www.municipalidadcastro.cl\/index.php?rest_route=\/wp\/v2\/posts\/12797","targetHints":{"allow":["GET"]}}],"collection":[{"href":"https:\/\/www.municipalidadcastro.cl\/index.php?rest_route=\/wp\/v2\/posts"}],"about":[{"href":"https:\/\/www.municipalidadcastro.cl\/index.php?rest_route=\/wp\/v2\/types\/post"}],"author":[{"embeddable":true,"href":"https:\/\/www.municipalidadcastro.cl\/index.php?rest_route=\/wp\/v2\/users\/10"}],"replies":[{"embeddable":true,"href":"https:\/\/www.municipalidadcastro.cl\/index.php?rest_route=%2Fwp%2Fv2%2Fcomments&post=12797"}],"version-history":[{"count":2,"href":"https:\/\/www.municipalidadcastro.cl\/index.php?rest_route=\/wp\/v2\/posts\/12797\/revisions"}],"predecessor-version":[{"id":12801,"href":"https:\/\/www.municipalidadcastro.cl\/index.php?rest_route=\/wp\/v2\/posts\/12797\/revisions\/12801"}],"wp:featuredmedia":[{"embeddable":true,"href":"https:\/\/www.municipalidadcastro.cl\/index.php?rest_route=\/wp\/v2\/media\/12798"}],"wp:attachment":[{"href":"https:\/\/www.municipalidadcastro.cl\/index.php?rest_route=%2Fwp%2Fv2%2Fmedia&parent=12797"}],"wp:term":[{"taxonomy":"category","embeddable":true,"href":"https:\/\/www.municipalidadcastro.cl\/index.php?rest_route=%2Fwp%2Fv2%2Fcategories&post=12797"},{"taxonomy":"post_tag","embeddable":true,"href":"https:\/\/www.municipalidadcastro.cl\/index.php?rest_route=%2Fwp%2Fv2%2Ftags&post=12797"}],"curies":[{"name":"wp","href":"https:\/\/api.w.org\/{rel}","templated":true}]}}