{"id":12789,"date":"2021-07-08T11:00:54","date_gmt":"2021-07-08T14:00:54","guid":{"rendered":"http:\/\/www.castromunicipio.cl\/?p=12789"},"modified":"2021-07-08T11:05:10","modified_gmt":"2021-07-08T14:05:10","slug":"castro-municipio-fomenta-la-actividad-deportiva-inclusiva","status":"publish","type":"post","link":"https:\/\/www.municipalidadcastro.cl\/?p=12789","title":{"rendered":"Castro Municipio fomenta la actividad deportiva inclusiva"},"content":{"rendered":"<p style=\"text-align: justify;\"><strong>A trav\u00e9s de la Oficina de Deportes se trabaja activamente con agrupaciones ligadas a personas con capacidades diferentes como Coanil y Agrupaci\u00f3n Asperger Chilo\u00e9.<\/strong><\/p>\n<p style=\"text-align: justify;\">Un trabajo incesante desarrolla la Oficina de Deportes de Castro Municipio con el fin de generar espacios de inclusi\u00f3n y actividad f\u00edsica saludable. Gracias a convenios y acuerdos con distintas organizaciones locales que trabajan con ni\u00f1os y adolescentes con capacidades diferentes, la actual administraci\u00f3n municipal liderada por el alcalde Juan Eduardo Vera, se ha comprometido a transformar a la comuna en un lugar m\u00e1s desarrollado, amigable y que mejore la calidad de vida de todos y todas.<\/p>\n<p style=\"text-align: justify;\">As\u00ed, desde el 2019 a la fecha, se ejecuta un taller de acondicionamiento f\u00edsico con los integrantes de la Agrupaci\u00f3n Asperger Chilo\u00e9 y de zumba con usuarios de Coanil, ambas entidades de la comuna de Castro, pero con redes que abarcan todo Chilo\u00e9. La iniciativa, que ha tenido una muy buena recepci\u00f3n, ha permitido a los ni\u00f1os y j\u00f3venes realizar ejercicios pr\u00e1cticos en sus hogares.<\/p>\n<p style=\"text-align: justify;\">Paola Sotomayor, presidenta de Asperger Chilo\u00e9, junto con destacar los avances, valor\u00f3 tambi\u00e9n el trabajo permanente desarrollado por la monitora, la cual realiza clases online a 14 personas.<\/p>\n<p style=\"text-align: justify;\">\u201cLos chicos no solo se han potenciado en el aspecto f\u00edsico, sino que tambi\u00e9n en el emocional, ellos dejaron de tener muchos soportes que antes ten\u00edan porque las terapias se suspendieron. En el hospital no est\u00e1n aportando con aquello que era s\u00faper b\u00e1sico, no est\u00e1n asistiendo a los colegios donde tambi\u00e9n ten\u00edan soportes a trav\u00e9s del proyecto PIE, por lo que los ni\u00f1os estaban de alguna forma dejados de lado con todas las necesidades que ellos tienen. A trav\u00e9s de la Oficina de Deportes y de la municipalidad tenemos a nuestra terapeuta, que ella es t\u00e9cnico deportivo que nos hace nuestras clases de Zoom para los ni\u00f1os. Ellos est\u00e1n felices de tener estos espacios que son muy importantes para la salud mental y f\u00edsica de los ni\u00f1os\u201d, resalt\u00f3 Sotomayor.<\/p>\n<!--[if lt IE 9]><script>document.createElement('audio');<\/script><![endif]-->\n<audio class=\"wp-audio-shortcode\" id=\"audio-12789-1\" preload=\"none\" style=\"width: 100%;\" controls=\"controls\"><source type=\"audio\/mpeg\" src=\"http:\/\/www.castromunicipio.cl\/wp-content\/uploads\/2021\/07\/PAOLA-SOTOMAYOR.mp3?_=1\" \/><a href=\"http:\/\/www.castromunicipio.cl\/wp-content\/uploads\/2021\/07\/PAOLA-SOTOMAYOR.mp3\">http:\/\/www.castromunicipio.cl\/wp-content\/uploads\/2021\/07\/PAOLA-SOTOMAYOR.mp3<\/a><\/audio>\n<p>&nbsp;<\/p>\n<p style=\"text-align: justify;\"><strong>M\u00e1s que clases<\/strong><\/p>\n<p style=\"text-align: justify;\">Tanto usuarios como monitores coinciden en que la clave del \u00e9xito de estos talleres se debe al rol integrador y la cultura inclusiva que se le imprime a cada clase. Para la monitora Cecilia Mu\u00f1oz, que atiende a un grupo de 10 personas entre ni\u00f1os y adultos de la residencia protegida Millaray perteneciente a fundaci\u00f3n Coanil, estas actividades \u201cte llenan el coraz\u00f3n de puro amor, y paz. Estoy feliz de trabajar con las personas de Coanil, por lo mismo, espero pronto estar de manera presencial ver sus caritas, poder saludarlos porque desde la pantalla es bonito, pero no es lo mismo.\u00a0 Esta clase se realiza el d\u00eda s\u00e1bado y ellos cuentan los d\u00edas para que llegue la clase. Se nota como les cambia la cara con alegr\u00eda, para ellos es lo mejor que pueden tener es generar su espacio\u201d.<\/p>\n<audio class=\"wp-audio-shortcode\" id=\"audio-12789-2\" preload=\"none\" style=\"width: 100%;\" controls=\"controls\"><source type=\"audio\/wav\" src=\"http:\/\/www.castromunicipio.cl\/wp-content\/uploads\/2021\/07\/CECILIA-MUNOZ.wav?_=2\" \/><a href=\"http:\/\/www.castromunicipio.cl\/wp-content\/uploads\/2021\/07\/CECILIA-MUNOZ.wav\">http:\/\/www.castromunicipio.cl\/wp-content\/uploads\/2021\/07\/CECILIA-MUNOZ.wav<\/a><\/audio>\n<p>&nbsp;<\/p>\n<p style=\"text-align: justify;\">Sobre el particular el alcalde de Castro Juan Eduardo Vera reafirm\u00f3 su compromiso con el deporte y la inclusi\u00f3n sosteniendo adem\u00e1s que desde la Oficina de Deportes de Castro Municipio, se refuerza constantemente la idea de que estos talleres son m\u00e1s que simples clases, puntualizando que no solo mejoran la calidad de vida de las personas, sino que los considera efectivamente en los programas que se ejecutan a trav\u00e9s del Gimnasio Virtual, reforzando el rol integrador e inclusivo de Castro Municipio.<\/p>\n<p>&nbsp;<\/p>\n<p><strong>Departamento de Comunicaciones y RR.PP.<\/strong><\/p>\n<p><strong>Castro, 08 de julio de 2021<\/strong><\/p>\n","protected":false},"excerpt":{"rendered":"<p>A trav\u00e9s de la Oficina de Deportes se trabaja activamente con agrupaciones ligadas a personas con capacidades diferentes como Coanil y Agrupaci\u00f3n Asperger Chilo\u00e9. Un trabajo incesante desarrolla la Oficina de Deportes de Castro Municipio con el fin de generar espacios de inclusi\u00f3n y actividad f\u00edsica saludable. Gracias a convenios y acuerdos con distintas organizaciones [&hellip;]<\/p>\n","protected":false},"author":10,"featured_media":12792,"comment_status":"closed","ping_status":"closed","sticky":false,"template":"","format":"standard","meta":{"footnotes":""},"categories":[1],"tags":[],"class_list":["post-12789","post","type-post","status-publish","format-standard","has-post-thumbnail","hentry","category-noticias"],"publishpress_future_action":{"enabled":false,"date":"2026-05-03 03:21:31","action":"change-status","newStatus":"draft","terms":[],"taxonomy":"category"},"publishpress_future_workflow_manual_trigger":{"enabledWorkflows":[]},"_links":{"self":[{"href":"https:\/\/www.municipalidadcastro.cl\/index.php?rest_route=\/wp\/v2\/posts\/12789","targetHints":{"allow":["GET"]}}],"collection":[{"href":"https:\/\/www.municipalidadcastro.cl\/index.php?rest_route=\/wp\/v2\/posts"}],"about":[{"href":"https:\/\/www.municipalidadcastro.cl\/index.php?rest_route=\/wp\/v2\/types\/post"}],"author":[{"embeddable":true,"href":"https:\/\/www.municipalidadcastro.cl\/index.php?rest_route=\/wp\/v2\/users\/10"}],"replies":[{"embeddable":true,"href":"https:\/\/www.municipalidadcastro.cl\/index.php?rest_route=%2Fwp%2Fv2%2Fcomments&post=12789"}],"version-history":[{"count":2,"href":"https:\/\/www.municipalidadcastro.cl\/index.php?rest_route=\/wp\/v2\/posts\/12789\/revisions"}],"predecessor-version":[{"id":12794,"href":"https:\/\/www.municipalidadcastro.cl\/index.php?rest_route=\/wp\/v2\/posts\/12789\/revisions\/12794"}],"wp:featuredmedia":[{"embeddable":true,"href":"https:\/\/www.municipalidadcastro.cl\/index.php?rest_route=\/wp\/v2\/media\/12792"}],"wp:attachment":[{"href":"https:\/\/www.municipalidadcastro.cl\/index.php?rest_route=%2Fwp%2Fv2%2Fmedia&parent=12789"}],"wp:term":[{"taxonomy":"category","embeddable":true,"href":"https:\/\/www.municipalidadcastro.cl\/index.php?rest_route=%2Fwp%2Fv2%2Fcategories&post=12789"},{"taxonomy":"post_tag","embeddable":true,"href":"https:\/\/www.municipalidadcastro.cl\/index.php?rest_route=%2Fwp%2Fv2%2Ftags&post=12789"}],"curies":[{"name":"wp","href":"https:\/\/api.w.org\/{rel}","templated":true}]}}