{"id":12777,"date":"2021-07-07T16:26:24","date_gmt":"2021-07-07T19:26:24","guid":{"rendered":"http:\/\/www.castromunicipio.cl\/?p=12777"},"modified":"2021-07-07T16:26:24","modified_gmt":"2021-07-07T19:26:24","slug":"comprometen-pavimentacion-y-arribo-de-autoridades-nacionales-para-discutir-proyectos-para-chiloe","status":"publish","type":"post","link":"https:\/\/www.municipalidadcastro.cl\/?p=12777","title":{"rendered":"Comprometen pavimentaci\u00f3n y arribo de autoridades nacionales para discutir proyectos para Chilo\u00e9."},"content":{"rendered":"<p style=\"text-align: justify;\">Comprometiendo una visita de las autoridades del MOP dentro de las pr\u00f3ximas semanas para analizar proyectos de futuro para Chilo\u00e9, el alcalde de Castro y presidente de la Asociaci\u00f3n de Municipios del Sur, AMSUR, Juan Eduardo Vera se reuni\u00f3 en la capital del pa\u00eds con distintas autoridades sectoriales con la finalidad de hacer seguimiento y comprometer recursos no solo para la comuna, sino que abriendo la posibilidad que tambi\u00e9n esos proyectos puedan ejecutarse en otras localidades de la isla grande.<\/p>\n<p style=\"text-align: justify;\">En primer lugar Juan Eduardo Vera se reuni\u00f3 en el palacio de La Moneda con la subsecretaria de la SUBDERE Mar\u00eda Paz Troncoso con quien convers\u00f3 en torno a los proyectos en ejecuci\u00f3n y la carpeta de proyectos elegibles para buscar financiamiento estatal, enfocado principalmente en la reactivaci\u00f3n econ\u00f3mica a trav\u00e9s de inversi\u00f3n p\u00fablica\u00a0 producto de la merma dram\u00e1tica que ha dejado el Coronavirus y los meses en que la comuna ha estado en cuarentena \u201cpor ese motivo es sumamente importante la gesti\u00f3n que realizamos porque los recursos que nos pueda bajar la Subdere son de suma importancia para la reactivaci\u00f3n de nuestra alica\u00edda econom\u00eda local\u201d, remarc\u00f3 la primera autoridad de la comuna.<\/p>\n<figure id=\"attachment_12781\" aria-describedby=\"caption-attachment-12781\" style=\"width: 300px\" class=\"wp-caption alignleft\"><img loading=\"lazy\" decoding=\"async\" class=\"wp-image-12781 size-medium\" src=\"http:\/\/www.castromunicipio.cl\/wp-content\/uploads\/2021\/07\/CON-SUBSECRETARIA-SUBDERE-300x224.jpeg\" alt=\"\" width=\"300\" height=\"224\" srcset=\"https:\/\/www.municipalidadcastro.cl\/wp-content\/uploads\/2021\/07\/CON-SUBSECRETARIA-SUBDERE-300x224.jpeg 300w, https:\/\/www.municipalidadcastro.cl\/wp-content\/uploads\/2021\/07\/CON-SUBSECRETARIA-SUBDERE-1024x766.jpeg 1024w, https:\/\/www.municipalidadcastro.cl\/wp-content\/uploads\/2021\/07\/CON-SUBSECRETARIA-SUBDERE-768x575.jpeg 768w, https:\/\/www.municipalidadcastro.cl\/wp-content\/uploads\/2021\/07\/CON-SUBSECRETARIA-SUBDERE-750x561.jpeg 750w, https:\/\/www.municipalidadcastro.cl\/wp-content\/uploads\/2021\/07\/CON-SUBSECRETARIA-SUBDERE-1140x853.jpeg 1140w, https:\/\/www.municipalidadcastro.cl\/wp-content\/uploads\/2021\/07\/CON-SUBSECRETARIA-SUBDERE.jpeg 1160w\" sizes=\"auto, (max-width: 300px) 100vw, 300px\" \/><figcaption id=\"caption-attachment-12781\" class=\"wp-caption-text\">Alcalde Vera calific\u00f3 de fruct\u00edferas las reuniones sostenidas en Santiago con ministros y subsecretarios sectorialistas.<\/figcaption><\/figure>\n<p style=\"text-align: justify;\">Posteriormente el alcalde de Castro sostuvo una reuni\u00f3n con la ministra de La Mujer y Equidad de G\u00e9nero M\u00f3nica Zalaquet a quien le agradeci\u00f3 por la constante preocupaci\u00f3n por el desarrollo de la mujer chilota \u201cAgradecimos a la ministra de la mujer, M\u00f3nica Zalaquett, por ayudarnos y creer en nuestro proyecto de crear el \u201ccentro de reparaci\u00f3n para mujeres v\u00edctimas de violencias\u201d que ya tenemos en la comuna y solicitamos que podamos contar lo m\u00e1s pronto posible con una Casa Acogida para mujeres que viven situaciones de violencia\u201d, especific\u00f3 el edil castre\u00f1o.<\/p>\n<!--[if lt IE 9]><script>document.createElement('audio');<\/script><![endif]-->\n<audio class=\"wp-audio-shortcode\" id=\"audio-12777-1\" preload=\"none\" style=\"width: 100%;\" controls=\"controls\"><source type=\"audio\/mpeg\" src=\"http:\/\/www.castromunicipio.cl\/wp-content\/uploads\/2021\/07\/MINISTRA-DE-LA-MUJER.mp3?_=1\" \/><a href=\"http:\/\/www.castromunicipio.cl\/wp-content\/uploads\/2021\/07\/MINISTRA-DE-LA-MUJER.mp3\">http:\/\/www.castromunicipio.cl\/wp-content\/uploads\/2021\/07\/MINISTRA-DE-LA-MUJER.mp3<\/a><\/audio>\n<p style=\"text-align: justify;\">Tanto la ministra Zalaquet y el subsecretario del MOP \u00a0Crist\u00f3bal Leturia confirmaron que dentro de las pr\u00f3ximas semanas concurrir\u00e1n a Chilo\u00e9 para reunirse con los alcaldes y poder trabajar en torno a proyectos que involucren a ambos ministerios.<\/p>\n<p style=\"text-align: justify;\">Fue con esta \u00faltima autoridad que el alcalde Vera present\u00f3 una serie de proyectos de pavimentaci\u00f3n de caminos rurales para la comuna de Castro, destacando entre \u00e9stos: San Jos\u00e9- Tey; cruce Ril\u00e1n; Quel Quel; Duc\u00e1n; La Chacra Coihuinco; Llicaldad a Llicaldad sede vecinal; Nerc\u00f3n a Nerc\u00f3n La Monta\u00f1a; Ten Ten a Mitilicultura; Ten Ten rural a Balneario y desde Llau Llao a La Monta\u00f1a.<\/p>\n<audio class=\"wp-audio-shortcode\" id=\"audio-12777-2\" preload=\"none\" style=\"width: 100%;\" controls=\"controls\"><source type=\"audio\/mpeg\" src=\"http:\/\/www.castromunicipio.cl\/wp-content\/uploads\/2021\/07\/SUBSECRETARIO-MOP.mp3?_=2\" \/><a href=\"http:\/\/www.castromunicipio.cl\/wp-content\/uploads\/2021\/07\/SUBSECRETARIO-MOP.mp3\">http:\/\/www.castromunicipio.cl\/wp-content\/uploads\/2021\/07\/SUBSECRETARIO-MOP.mp3<\/a><\/audio>\n<p style=\"text-align: justify;\">Asimismo, se\u00f1al\u00f3 Juan Eduardo Vera que el propio subsecretario del MOP le confirm\u00f3 personalmente la pavimentaci\u00f3n de 3 rutas desde el by pass a la ciudad: Gamboa a By Pass, Galvarino Riveros, Parque Municipal By Pass y Pablo Neruda hacia el by pass.<\/p>\n<audio class=\"wp-audio-shortcode\" id=\"audio-12777-3\" preload=\"none\" style=\"width: 100%;\" controls=\"controls\"><source type=\"audio\/mpeg\" src=\"http:\/\/www.castromunicipio.cl\/wp-content\/uploads\/2021\/07\/ALCALDE-VERA-CON-SUBS-MOP.mp3?_=3\" \/><a href=\"http:\/\/www.castromunicipio.cl\/wp-content\/uploads\/2021\/07\/ALCALDE-VERA-CON-SUBS-MOP.mp3\">http:\/\/www.castromunicipio.cl\/wp-content\/uploads\/2021\/07\/ALCALDE-VERA-CON-SUBS-MOP.mp3<\/a><\/audio>\n<p style=\"text-align: justify;\">\u201cFueron reuniones muy fruct\u00edferas las sostenidas con las autoridades en la capital del pa\u00eds. Poco a poco iremos avanzando hacia otras localidades\u201d, reforz\u00f3 finalmente Juan Eduardo Vera, alcalde de Castro.<\/p>\n<p><strong>Departamento de Comunicaciones y RR.PP.<\/strong><\/p>\n<p><strong>Castro, julio 07 de 2021<\/strong><\/p>\n","protected":false},"excerpt":{"rendered":"<p>Comprometiendo una visita de las autoridades del MOP dentro de las pr\u00f3ximas semanas para analizar proyectos de futuro para Chilo\u00e9, el alcalde de Castro y presidente de la Asociaci\u00f3n de Municipios del Sur, AMSUR, Juan Eduardo Vera se reuni\u00f3 en la capital del pa\u00eds con distintas autoridades sectoriales con la finalidad de hacer seguimiento y [&hellip;]<\/p>\n","protected":false},"author":3,"featured_media":12783,"comment_status":"closed","ping_status":"closed","sticky":false,"template":"","format":"standard","meta":{"footnotes":""},"categories":[1],"tags":[],"class_list":["post-12777","post","type-post","status-publish","format-standard","has-post-thumbnail","hentry","category-noticias"],"publishpress_future_action":{"enabled":false,"date":"2026-05-03 01:47:01","action":"change-status","newStatus":"draft","terms":[],"taxonomy":"category"},"publishpress_future_workflow_manual_trigger":{"enabledWorkflows":[]},"_links":{"self":[{"href":"https:\/\/www.municipalidadcastro.cl\/index.php?rest_route=\/wp\/v2\/posts\/12777","targetHints":{"allow":["GET"]}}],"collection":[{"href":"https:\/\/www.municipalidadcastro.cl\/index.php?rest_route=\/wp\/v2\/posts"}],"about":[{"href":"https:\/\/www.municipalidadcastro.cl\/index.php?rest_route=\/wp\/v2\/types\/post"}],"author":[{"embeddable":true,"href":"https:\/\/www.municipalidadcastro.cl\/index.php?rest_route=\/wp\/v2\/users\/3"}],"replies":[{"embeddable":true,"href":"https:\/\/www.municipalidadcastro.cl\/index.php?rest_route=%2Fwp%2Fv2%2Fcomments&post=12777"}],"version-history":[{"count":1,"href":"https:\/\/www.municipalidadcastro.cl\/index.php?rest_route=\/wp\/v2\/posts\/12777\/revisions"}],"predecessor-version":[{"id":12784,"href":"https:\/\/www.municipalidadcastro.cl\/index.php?rest_route=\/wp\/v2\/posts\/12777\/revisions\/12784"}],"wp:featuredmedia":[{"embeddable":true,"href":"https:\/\/www.municipalidadcastro.cl\/index.php?rest_route=\/wp\/v2\/media\/12783"}],"wp:attachment":[{"href":"https:\/\/www.municipalidadcastro.cl\/index.php?rest_route=%2Fwp%2Fv2%2Fmedia&parent=12777"}],"wp:term":[{"taxonomy":"category","embeddable":true,"href":"https:\/\/www.municipalidadcastro.cl\/index.php?rest_route=%2Fwp%2Fv2%2Fcategories&post=12777"},{"taxonomy":"post_tag","embeddable":true,"href":"https:\/\/www.municipalidadcastro.cl\/index.php?rest_route=%2Fwp%2Fv2%2Ftags&post=12777"}],"curies":[{"name":"wp","href":"https:\/\/api.w.org\/{rel}","templated":true}]}}