{"id":12643,"date":"2021-06-22T13:40:40","date_gmt":"2021-06-22T16:40:40","guid":{"rendered":"http:\/\/www.castromunicipio.cl\/?p=12643"},"modified":"2021-06-22T13:40:40","modified_gmt":"2021-06-22T16:40:40","slug":"alcalde-vera-interpela-al-serviu-por-construccion-de-viviendas-sociales","status":"publish","type":"post","link":"https:\/\/www.municipalidadcastro.cl\/?p=12643","title":{"rendered":"Alcalde Vera interpela al Serviu por construcci\u00f3n de viviendas sociales"},"content":{"rendered":"<p style=\"text-align: justify;\">\u201cGestiones se han hecho por cientos, pero de qu\u00e9 sirve tener terrenos saneados y factibilizados para la construcci\u00f3n de viviendas sociales si el Serviu no acelera los tr\u00e1mites para que los vecinos y vecinas de la comuna puedan tener sus respectivos subsidios habitacionales\u201d.<\/p>\n<p style=\"text-align: justify;\">De esta manera el alcalde de Castro Juan Eduardo Vera interpel\u00f3 al ministerio de Vivienda, y en particular al Serviu, para que aceleren los procesos y se entreguen a la brevedad los subsidios respectivos y comience la construcci\u00f3n de viviendas sociales en la comuna.<\/p>\n<p style=\"text-align: justify;\">En tal sentido Vera no descart\u00f3 una pronta reuni\u00f3n con el ministro de Vivienda y Urbanismo a fin de exigir respuesta \u201cporque los vecinos no pueden seguir esperando. Son muchos los a\u00f1os que el Estado no construye viviendas sociales en Castro, son 1.400 las familias que deber\u00e1n seguir esperando por una desidia del Serviu\u201d, remarc\u00f3 la primera autoridad comunal.<\/p>\n<p style=\"text-align: justify;\">Record\u00f3 el alcalde de Castro que desde que asumi\u00f3 la alcald\u00eda se ha reunido con muchos personeros de gobierno e incluso se han firmado convenios para acelerar dichos tr\u00e1mites, \u201cpero a la fecha el Serviu ha actuado m\u00e1s lento que una tortuga. Queremos respuestas y compromisos claros y ahora!!!\u201d, subray\u00f3 el alcalde de la capital de la provincia de Chilo\u00e9.<\/p>\n<!--[if lt IE 9]><script>document.createElement('audio');<\/script><![endif]-->\n<audio class=\"wp-audio-shortcode\" id=\"audio-12643-1\" preload=\"none\" style=\"width: 100%;\" controls=\"controls\"><source type=\"audio\/mpeg\" src=\"http:\/\/www.castromunicipio.cl\/wp-content\/uploads\/2021\/06\/ALCALDE-VERA-INTERPELA-AL-SERVIU.mp3?_=1\" \/><a href=\"http:\/\/www.castromunicipio.cl\/wp-content\/uploads\/2021\/06\/ALCALDE-VERA-INTERPELA-AL-SERVIU.mp3\">http:\/\/www.castromunicipio.cl\/wp-content\/uploads\/2021\/06\/ALCALDE-VERA-INTERPELA-AL-SERVIU.mp3<\/a><\/audio>\n<p style=\"text-align: justify;\">Finalmente Juan Eduardo Vera afirm\u00f3 que existen m\u00e1s de 2 mil vecinos que esperan una soluci\u00f3n, 1.500 de los cuales re\u00fanen todas las condiciones que se exigen para estos casos y entreg\u00f3 la claridad y certeza que se encuentran los terrenos para la construcci\u00f3n de viviendas sociales.<\/p>\n<p><strong>Departamento de Comunicaciones y RR.PP.<\/strong><\/p>\n<p><strong>Castro, junio 22 de 2021<\/strong><\/p>\n","protected":false},"excerpt":{"rendered":"<p>\u201cGestiones se han hecho por cientos, pero de qu\u00e9 sirve tener terrenos saneados y factibilizados para la construcci\u00f3n de viviendas sociales si el Serviu no acelera los tr\u00e1mites para que los vecinos y vecinas de la comuna puedan tener sus respectivos subsidios habitacionales\u201d. De esta manera el alcalde de Castro Juan Eduardo Vera interpel\u00f3 al [&hellip;]<\/p>\n","protected":false},"author":3,"featured_media":11695,"comment_status":"closed","ping_status":"closed","sticky":false,"template":"","format":"standard","meta":{"footnotes":""},"categories":[1],"tags":[],"class_list":["post-12643","post","type-post","status-publish","format-standard","has-post-thumbnail","hentry","category-noticias"],"publishpress_future_action":{"enabled":false,"date":"2026-05-02 02:56:39","action":"change-status","newStatus":"draft","terms":[],"taxonomy":"category"},"publishpress_future_workflow_manual_trigger":{"enabledWorkflows":[]},"_links":{"self":[{"href":"https:\/\/www.municipalidadcastro.cl\/index.php?rest_route=\/wp\/v2\/posts\/12643","targetHints":{"allow":["GET"]}}],"collection":[{"href":"https:\/\/www.municipalidadcastro.cl\/index.php?rest_route=\/wp\/v2\/posts"}],"about":[{"href":"https:\/\/www.municipalidadcastro.cl\/index.php?rest_route=\/wp\/v2\/types\/post"}],"author":[{"embeddable":true,"href":"https:\/\/www.municipalidadcastro.cl\/index.php?rest_route=\/wp\/v2\/users\/3"}],"replies":[{"embeddable":true,"href":"https:\/\/www.municipalidadcastro.cl\/index.php?rest_route=%2Fwp%2Fv2%2Fcomments&post=12643"}],"version-history":[{"count":1,"href":"https:\/\/www.municipalidadcastro.cl\/index.php?rest_route=\/wp\/v2\/posts\/12643\/revisions"}],"predecessor-version":[{"id":12645,"href":"https:\/\/www.municipalidadcastro.cl\/index.php?rest_route=\/wp\/v2\/posts\/12643\/revisions\/12645"}],"wp:featuredmedia":[{"embeddable":true,"href":"https:\/\/www.municipalidadcastro.cl\/index.php?rest_route=\/wp\/v2\/media\/11695"}],"wp:attachment":[{"href":"https:\/\/www.municipalidadcastro.cl\/index.php?rest_route=%2Fwp%2Fv2%2Fmedia&parent=12643"}],"wp:term":[{"taxonomy":"category","embeddable":true,"href":"https:\/\/www.municipalidadcastro.cl\/index.php?rest_route=%2Fwp%2Fv2%2Fcategories&post=12643"},{"taxonomy":"post_tag","embeddable":true,"href":"https:\/\/www.municipalidadcastro.cl\/index.php?rest_route=%2Fwp%2Fv2%2Ftags&post=12643"}],"curies":[{"name":"wp","href":"https:\/\/api.w.org\/{rel}","templated":true}]}}