{"id":12625,"date":"2021-06-18T18:31:26","date_gmt":"2021-06-18T21:31:26","guid":{"rendered":"http:\/\/www.castromunicipio.cl\/?p=12625"},"modified":"2021-06-18T19:02:37","modified_gmt":"2021-06-18T22:02:37","slug":"castro-municipio-e-iglesias-evangelicas-se-unen-en-campana-invierno-solidario","status":"publish","type":"post","link":"https:\/\/www.municipalidadcastro.cl\/?p=12625","title":{"rendered":"Castro Municipio e Iglesias Evang\u00e9licas se unen en campa\u00f1a Invierno Solidario"},"content":{"rendered":"<p><em>Desde el 19 de junio hasta el 16 de julio se recolectar\u00e1n alimentos no perecibles y le\u00f1a para las familias m\u00e1s vulnerables de Castro.<\/em><\/p>\n<p><strong>\u00a0<\/strong><img loading=\"lazy\" decoding=\"async\" class=\"size-medium wp-image-12631 alignleft\" src=\"http:\/\/www.castromunicipio.cl\/wp-content\/uploads\/2021\/06\/Invierno-solidario-Inauguracion-300x300.jpg\" alt=\"\" width=\"300\" height=\"300\" srcset=\"https:\/\/www.municipalidadcastro.cl\/wp-content\/uploads\/2021\/06\/Invierno-solidario-Inauguracion-300x300.jpg 300w, https:\/\/www.municipalidadcastro.cl\/wp-content\/uploads\/2021\/06\/Invierno-solidario-Inauguracion-1024x1024.jpg 1024w, https:\/\/www.municipalidadcastro.cl\/wp-content\/uploads\/2021\/06\/Invierno-solidario-Inauguracion-150x150.jpg 150w, https:\/\/www.municipalidadcastro.cl\/wp-content\/uploads\/2021\/06\/Invierno-solidario-Inauguracion-768x768.jpg 768w, https:\/\/www.municipalidadcastro.cl\/wp-content\/uploads\/2021\/06\/Invierno-solidario-Inauguracion-1536x1536.jpg 1536w, https:\/\/www.municipalidadcastro.cl\/wp-content\/uploads\/2021\/06\/Invierno-solidario-Inauguracion-2048x2048.jpg 2048w, https:\/\/www.municipalidadcastro.cl\/wp-content\/uploads\/2021\/06\/Invierno-solidario-Inauguracion-75x75.jpg 75w, https:\/\/www.municipalidadcastro.cl\/wp-content\/uploads\/2021\/06\/Invierno-solidario-Inauguracion-350x350.jpg 350w, https:\/\/www.municipalidadcastro.cl\/wp-content\/uploads\/2021\/06\/Invierno-solidario-Inauguracion-750x750.jpg 750w, https:\/\/www.municipalidadcastro.cl\/wp-content\/uploads\/2021\/06\/Invierno-solidario-Inauguracion-1140x1140.jpg 1140w\" sizes=\"auto, (max-width: 300px) 100vw, 300px\" \/><\/p>\n<p>&nbsp;<\/p>\n<p style=\"text-align: justify\"><strong>\u00a0<\/strong>Apoyar a las familias m\u00e1s necesitadas de la comuna de Castro durante este invierno, es el objetivo principal de la campa\u00f1a INVIERNO SOLIDARIO, UNA OPORTUNIDAD PARA AYUDAR, organizada por las iglesias evang\u00e9licas de la comuna con la colaboraci\u00f3n de Castro Municipio, actividad que se desarrollar\u00e1 entre el 19 de junio al 16 de julio del presente a\u00f1o.<\/p>\n<p style=\"text-align: justify\">Al respecto, la encargada de la oficina de Inclusi\u00f3n y Asuntos Religiosos de Castro Municipio, Patricia Contreras, explic\u00f3 que los \u00faltimos cuatro a\u00f1os, la actual administraci\u00f3n, liderada por el alcalde Juan Eduardo Vera, se ha comprometido en apoyar el trabajo solidario que realizan las iglesias y el voluntariado de la comuna, en beneficio de los vecinos y vecinas que se encuentran en situaci\u00f3n de vulnerabilidad.<\/p>\n<!--[if lt IE 9]><script>document.createElement('audio');<\/script><![endif]-->\n<audio class=\"wp-audio-shortcode\" id=\"audio-12625-1\" preload=\"none\" style=\"width: 100%;\" controls=\"controls\"><source type=\"audio\/mpeg\" src=\"http:\/\/www.castromunicipio.cl\/wp-content\/uploads\/2021\/06\/INVIERNO-SOLIDARIO-PATY-CONTRERAS.mp3?_=1\" \/><a href=\"http:\/\/www.castromunicipio.cl\/wp-content\/uploads\/2021\/06\/INVIERNO-SOLIDARIO-PATY-CONTRERAS.mp3\">http:\/\/www.castromunicipio.cl\/wp-content\/uploads\/2021\/06\/INVIERNO-SOLIDARIO-PATY-CONTRERAS.mp3<\/a><\/audio>\n<p style=\"text-align: justify\">Por su parte, el pastor Benjam\u00edn Brice\u00f1o, integrante del Consejo de Pastores de Castro, indic\u00f3 que con la llegada del mes de junio y las noches m\u00e1s fr\u00edas, \u201chay familias en Castro que lo est\u00e1n pasando realmente mal. No olvidemos que, desde el a\u00f1o pasado, muchas personas han perdido sus ingresos, y la entrega de alimentos y le\u00f1a, mitiga en algo el sufrimiento por el que est\u00e1n pasando, esta campa\u00f1a es una OPORTUNIDAD PARA AYUDAR\u201d, a\u00f1adi\u00f3 el pastor Brice\u00f1o.<\/p>\n<audio class=\"wp-audio-shortcode\" id=\"audio-12625-2\" preload=\"none\" style=\"width: 100%;\" controls=\"controls\"><source type=\"audio\/mpeg\" src=\"http:\/\/www.castromunicipio.cl\/wp-content\/uploads\/2021\/06\/INVIERNO-SOLIDARIO-PASTOR-BRICENO.mp3?_=2\" \/><a href=\"http:\/\/www.castromunicipio.cl\/wp-content\/uploads\/2021\/06\/INVIERNO-SOLIDARIO-PASTOR-BRICENO.mp3\">http:\/\/www.castromunicipio.cl\/wp-content\/uploads\/2021\/06\/INVIERNO-SOLIDARIO-PASTOR-BRICENO.mp3<\/a><\/audio>\n<p style=\"text-align: justify\">Debido a las implicancias y las restricciones propias de la pandemia es que el lanzamiento de la campa\u00f1a se realizar\u00e1 en formato online este s\u00e1bado 19 de junio, a partir de las 15 horas, y ser\u00e1 transmitida v\u00eda streaming por las fanpage de diferentes medios de comunicaci\u00f3n como Radio Maranata, Radio Corporaci\u00f3n, Radio El Buen Pastor y Radio Online Viento Recio.<\/p>\n<p style=\"text-align: justify\">En este sentido, Patricia Contreras adelant\u00f3 que el programa de inicio de Invierno Solidario, contar\u00e1 con entrevistas, interesantes conversaciones y la actuaci\u00f3n especial del cantautor cristiano Franco Figueroa, y busca concientizar a la comunidad para que durante estos d\u00edas apoyemos a aquellos que m\u00e1s lo necesitan.<\/p>\n<p style=\"text-align: justify\">Finalmente inform\u00f3 que los centros de acopio donde se recibir\u00e1n las donaciones ser\u00e1n en radio Maranata, Radio el Buen Pastor, Radio Viento Recio, programa radial \u201cJes\u00fas te llama hoy\u201d y en la Casa de la Guagua, ubicado en calle O Higgins 552 de la ciudad de Castro.<\/p>\n<p style=\"text-align: center\"><strong>Departamento de Comunicaciones y RR.PP.<\/strong><\/p>\n<p style=\"text-align: center\"><strong>Castro, 18 de junio 2021<\/strong><\/p>\n","protected":false},"excerpt":{"rendered":"<p>Desde el 19 de junio hasta el 16 de julio se recolectar\u00e1n alimentos no perecibles y le\u00f1a para las familias m\u00e1s vulnerables de Castro. \u00a0 &nbsp; \u00a0Apoyar a las familias m\u00e1s necesitadas de la comuna de Castro durante este invierno, es el objetivo principal de la campa\u00f1a INVIERNO SOLIDARIO, UNA OPORTUNIDAD PARA AYUDAR, organizada por [&hellip;]<\/p>\n","protected":false},"author":10,"featured_media":12638,"comment_status":"closed","ping_status":"closed","sticky":false,"template":"","format":"standard","meta":{"footnotes":""},"categories":[1],"tags":[],"class_list":["post-12625","post","type-post","status-publish","format-standard","has-post-thumbnail","hentry","category-noticias"],"publishpress_future_action":{"enabled":false,"date":"2026-05-02 01:35:37","action":"change-status","newStatus":"draft","terms":[],"taxonomy":"category"},"publishpress_future_workflow_manual_trigger":{"enabledWorkflows":[]},"_links":{"self":[{"href":"https:\/\/www.municipalidadcastro.cl\/index.php?rest_route=\/wp\/v2\/posts\/12625","targetHints":{"allow":["GET"]}}],"collection":[{"href":"https:\/\/www.municipalidadcastro.cl\/index.php?rest_route=\/wp\/v2\/posts"}],"about":[{"href":"https:\/\/www.municipalidadcastro.cl\/index.php?rest_route=\/wp\/v2\/types\/post"}],"author":[{"embeddable":true,"href":"https:\/\/www.municipalidadcastro.cl\/index.php?rest_route=\/wp\/v2\/users\/10"}],"replies":[{"embeddable":true,"href":"https:\/\/www.municipalidadcastro.cl\/index.php?rest_route=%2Fwp%2Fv2%2Fcomments&post=12625"}],"version-history":[{"count":4,"href":"https:\/\/www.municipalidadcastro.cl\/index.php?rest_route=\/wp\/v2\/posts\/12625\/revisions"}],"predecessor-version":[{"id":12635,"href":"https:\/\/www.municipalidadcastro.cl\/index.php?rest_route=\/wp\/v2\/posts\/12625\/revisions\/12635"}],"wp:featuredmedia":[{"embeddable":true,"href":"https:\/\/www.municipalidadcastro.cl\/index.php?rest_route=\/wp\/v2\/media\/12638"}],"wp:attachment":[{"href":"https:\/\/www.municipalidadcastro.cl\/index.php?rest_route=%2Fwp%2Fv2%2Fmedia&parent=12625"}],"wp:term":[{"taxonomy":"category","embeddable":true,"href":"https:\/\/www.municipalidadcastro.cl\/index.php?rest_route=%2Fwp%2Fv2%2Fcategories&post=12625"},{"taxonomy":"post_tag","embeddable":true,"href":"https:\/\/www.municipalidadcastro.cl\/index.php?rest_route=%2Fwp%2Fv2%2Ftags&post=12625"}],"curies":[{"name":"wp","href":"https:\/\/api.w.org\/{rel}","templated":true}]}}